{"id":5848,"date":"2014-06-04T08:15:21","date_gmt":"2014-06-04T11:15:21","guid":{"rendered":"http:\/\/www.sincomam.org.br\/?p=5848"},"modified":"2014-06-03T23:14:29","modified_gmt":"2014-06-04T02:14:29","slug":"stf-discute-legislacao-portuaria-em-curitiba","status":"publish","type":"post","link":"https:\/\/www.sincomam.org.br\/index.php\/stf-discute-legislacao-portuaria-em-curitiba\/","title":{"rendered":"STF discute legisla\u00e7\u00e3o portu\u00e1ria em Curitiba"},"content":{"rendered":"<p><strong><em>Ministros se reuniram para discutir os desafios portu\u00e1rios<\/em><\/strong><\/p>\n<p>Os ministros do STF (Supremo Tribunal de Justi\u00e7a) Paulo Dias de Moura Ribeiro, Marco Aur\u00e9lio Mello, F\u00e1tima Nancy Andrighi, Jo\u00e3o Ot\u00e1vio Noronha, Luis Felipe Salom\u00e3o e Enrique Ricardo Lewandowski discutiram sobre os desafios hist\u00f3ricos dos portos.<\/p>\n<p>Para o secret\u00e1rio de infraestrutura e log\u00edstica, Jose Richa Filho, e o superintendente dos portos do Paran\u00e1, Luiz Henrique Dividino, promover esta discuss\u00e3o \u00e9 de grande import\u00e2ncia haja vista que se esperou mais de 20 anos por uma mudan\u00e7a. Segundo eles, as mudan\u00e7as vieram por\u00e9m gerando uma s\u00e9rie de discuss\u00f5es. Al\u00e9m disso, investimentos ainda n\u00e3o foram vistos o que tem preocupado bastante.<\/p>\n<p>A programa\u00e7\u00e3o dos ministros no Paran\u00e1 teve in\u00edcio na sexta-feira (30), com uma visita t\u00e9cnica ao Porto de Paranagu\u00e1. A ministra F\u00e1tima Nancy Andrighi avaliou como produtiva a vista ao Porto, para facilitar os julgamentos dos magistrados. O presidente do Tribunal de Justi\u00e7a do Paran\u00e1, Desembargador Guilherme Luiz Jos\u00e9 Richa Filho , disse que a lei dos portos ainda gera muitas d\u00favidas ao setor e que \u00e9 um equ\u00edvoco ter promovido esta centraliza\u00e7\u00e3o j\u00e1 que governo federal n\u00e3o tem uma estrutura suficiente para atender todo o Pa\u00eds.<\/p>\n<p>Al\u00e9m dos ministros, palestraram ainda no evento o Desembargador Luiz Roberto Sabbato e Dr. S\u00e1vio Ferreira de Souza.<\/p>\n<p>Fonte: Guia Mar\u00edtimo<\/p>\n","protected":false},"excerpt":{"rendered":"<p>Ministros se reuniram para discutir os desafios portu\u00e1rios Os ministros do STF (Supremo Tribunal de Justi\u00e7a) Paulo Dias de Moura Ribeiro, Marco Aur\u00e9lio Mello, F\u00e1tima&#8230;<\/p>\n","protected":false},"author":1182,"featured_media":5606,"comment_status":"closed","ping_status":"closed","sticky":false,"template":"","format":"standard","meta":{"footnotes":""},"categories":[6],"tags":[],"class_list":["post-5848","post","type-post","status-publish","format-standard","has-post-thumbnail","hentry","category-noticias"],"_links":{"self":[{"href":"https:\/\/www.sincomam.org.br\/index.php\/wp-json\/wp\/v2\/posts\/5848","targetHints":{"allow":["GET"]}}],"collection":[{"href":"https:\/\/www.sincomam.org.br\/index.php\/wp-json\/wp\/v2\/posts"}],"about":[{"href":"https:\/\/www.sincomam.org.br\/index.php\/wp-json\/wp\/v2\/types\/post"}],"author":[{"embeddable":true,"href":"https:\/\/www.sincomam.org.br\/index.php\/wp-json\/wp\/v2\/users\/1182"}],"replies":[{"embeddable":true,"href":"https:\/\/www.sincomam.org.br\/index.php\/wp-json\/wp\/v2\/comments?post=5848"}],"version-history":[{"count":1,"href":"https:\/\/www.sincomam.org.br\/index.php\/wp-json\/wp\/v2\/posts\/5848\/revisions"}],"predecessor-version":[{"id":5849,"href":"https:\/\/www.sincomam.org.br\/index.php\/wp-json\/wp\/v2\/posts\/5848\/revisions\/5849"}],"wp:featuredmedia":[{"embeddable":true,"href":"https:\/\/www.sincomam.org.br\/index.php\/wp-json\/wp\/v2\/media\/5606"}],"wp:attachment":[{"href":"https:\/\/www.sincomam.org.br\/index.php\/wp-json\/wp\/v2\/media?parent=5848"}],"wp:term":[{"taxonomy":"category","embeddable":true,"href":"https:\/\/www.sincomam.org.br\/index.php\/wp-json\/wp\/v2\/categories?post=5848"},{"taxonomy":"post_tag","embeddable":true,"href":"https:\/\/www.sincomam.org.br\/index.php\/wp-json\/wp\/v2\/tags?post=5848"}],"curies":[{"name":"wp","href":"https:\/\/api.w.org\/{rel}","templated":true}]}}