{"id":58473,"date":"2025-04-14T09:24:47","date_gmt":"2025-04-14T12:24:47","guid":{"rendered":"https:\/\/www.sincomam.org.br\/?p=58473"},"modified":"2025-04-14T09:24:47","modified_gmt":"2025-04-14T12:24:47","slug":"imposto-de-renda-governo-publica-mp-e-volta-a-isentar-quem-ganha-ate-dois-salarios-minimos","status":"publish","type":"post","link":"https:\/\/www.sincomam.org.br\/index.php\/imposto-de-renda-governo-publica-mp-e-volta-a-isentar-quem-ganha-ate-dois-salarios-minimos\/","title":{"rendered":"Imposto de Renda: governo publica MP e volta a isentar quem ganha at\u00e9 dois sal\u00e1rios m\u00ednimos"},"content":{"rendered":"<div class=\"mc-article-header\">\n<div class=\"glb-share-bar content__share-bar\">\n<div class=\"glb-share-bar_icons\">\n<div class=\"glb-share-bar_button-img\">O governo federal publicou nesta segunda-feira (14) uma medida provis\u00f3ria para que brasileiros que ganham at\u00e9 dois sal\u00e1rios m\u00ednimos por m\u00eas (R$ 3.036) sigam isentos do Imposto de Renda em 2025.<\/div>\n<\/div>\n<\/div>\n<\/div>\n<div class=\"mc-article-body\">\n<article>\n<div class=\"wall protected-content\">\n<div id=\"chunk-81hbt\">\n<div class=\"mc-column content-text active-extra-styles \" data-block-type=\"unstyled\" data-block-weight=\"27\" data-block-id=\"3\">\n<p class=\" content-text__container \" data-track-category=\"Link no Texto\" data-track-links=\"\" data-mrf-recirculation=\"Mat\u00e9ria - Links no Texto\">Esse grupo j\u00e1 era isento em anos anteriores, mas o valor das tabelas tinha ficado defasado em raz\u00e3o da alta do sal\u00e1rio m\u00ednimo no come\u00e7o deste ano.<\/p>\n<\/div>\n<\/div>\n<div id=\"chunk-23gvk\">\n<div class=\"mc-column content-text active-extra-styles \" data-block-type=\"unstyled\" data-block-weight=\"24\" data-block-id=\"4\">\n<p class=\" content-text__container \" data-track-category=\"Link no Texto\" data-track-links=\"\" data-mrf-recirculation=\"Mat\u00e9ria - Links no Texto\"> O sal\u00e1rio m\u00ednimo reajustado, no valor de R$ 1.518 mensais,\u00a0j\u00e1 estava em vigor\u00a0\u2013 mas o Or\u00e7amento de 2025 ainda n\u00e3o.<\/p>\n<\/div>\n<\/div>\n<div id=\"chunk-fav2\">\n<div class=\"mc-column content-text active-extra-styles \" data-block-type=\"unstyled\" data-block-weight=\"39\" data-block-id=\"5\">\n<p class=\" content-text__container \" data-track-category=\"Link no Texto\" data-track-links=\"\" data-mrf-recirculation=\"Mat\u00e9ria - Links no Texto\"> A lei para orientar os gastos federais deste ano s\u00f3\u00a0foi aprovada pelo Congresso em mar\u00e7o\u00a0e\u00a0sancionada pelo presidente Luiz In\u00e1cio Lula da Silva (PT) nesta sexta (11), abrindo margem para a atualiza\u00e7\u00e3o da tabela do IR.<\/p>\n<\/div>\n<\/div>\n<div id=\"chunk-aiunk\">\n<div class=\"mc-column content-text active-extra-styles \" data-block-type=\"unstyled\" data-block-weight=\"32\" data-block-id=\"6\">\n<p class=\" content-text__container \" data-track-category=\"Link no Texto\" data-track-links=\"\" data-mrf-recirculation=\"Mat\u00e9ria - Links no Texto\">\u27a1\ufe0f Essa mudan\u00e7a\u00a0<span class=\"highlight highlighted\">afeta as declara\u00e7\u00f5es que ser\u00e3o feitas em 2026<\/span>, relativas aos valores recebidos em 2025. Ou seja:\u00a0<span class=\"highlight highlighted\">n\u00e3o atinge as declara\u00e7\u00f5es que est\u00e3o sendo enviadas agora para a Receita Federal<\/span>.<\/p>\n<\/div>\n<\/div>\n<div id=\"chunk-8p709\">\n<div class=\"mc-column content-text active-extra-styles \" data-block-type=\"unstyled\" data-block-weight=\"32\" data-block-id=\"7\">\n<p class=\" content-text__container \" data-track-category=\"Link no Texto\" data-track-links=\"\" data-mrf-recirculation=\"Mat\u00e9ria - Links no Texto\">A tabela do Imposto de Renda funciona de forma progressiva. Ou seja: conforme o valor da renda vai aumentando, o contribuinte passa a pagar um imposto maior sobre aquela parcela dos rendimentos.<\/p>\n<\/div>\n<\/div>\n<div id=\"chunk-b1jud\">\n<div class=\"mc-column content-text active-extra-styles \" data-block-type=\"unstyled\" data-block-weight=\"31\" data-block-id=\"8\">\n<p class=\" content-text__container \" data-track-category=\"Link no Texto\" data-track-links=\"\" data-mrf-recirculation=\"Mat\u00e9ria - Links no Texto\">Para quem ganha acima de R$ 3.036, a tributa\u00e7\u00e3o come\u00e7a a incidir em &#8220;faixas&#8221; \u2013 que chegam a um imposto de 27,5% sobre a renda mensal que ultrapassar os R$ 4.664,68.<\/p>\n<div id=\"chunk-5acta\">\n<div class=\"mc-column content-text active-extra-styles \" data-block-type=\"unstyled\" data-block-weight=\"20\" data-block-id=\"10\">\n<p class=\" content-text__container \" data-track-category=\"Link no Texto\" data-track-links=\"\" data-mrf-recirculation=\"Mat\u00e9ria - Links no Texto\">As outras faixas da tabela n\u00e3o foram alteradas. A medida provis\u00f3ria corrige apenas a primeira faixa, da isen\u00e7\u00e3o de 100%.<\/p>\n<\/div>\n<\/div>\n<div id=\"chunk-e0gom\">\n<div class=\"mc-column content-text active-extra-styles \" data-block-type=\"unstyled\" data-block-weight=\"23\" data-block-id=\"11\">\n<p class=\" content-text__container \" data-track-category=\"Link no Texto\" data-track-links=\"\" data-mrf-recirculation=\"Mat\u00e9ria - Links no Texto\">O Congresso tem 120 dias para analisar a medida provis\u00f3ria \u2013 se a vota\u00e7\u00e3o n\u00e3o for conclu\u00edda, o texto perde a validade.<\/p>\n<\/div>\n<\/div>\n<div id=\"chunk-b43hq\">\n<div class=\"mc-column content-text active-extra-styles \" data-block-type=\"unstyled\" data-block-weight=\"33\" data-block-id=\"12\">\n<p class=\" content-text__container \" data-track-category=\"Link no Texto\" data-track-links=\"\" data-mrf-recirculation=\"Mat\u00e9ria - Links no Texto\">O governo federal tamb\u00e9m enviou ao Congresso um\u00a0projeto que eleva essa isen\u00e7\u00e3o do Imposto de Renda para R$ 5 mil. O texto ainda vai tramitar pela C\u00e2mara e pelo Senado, no entanto.<\/p>\n<\/div>\n<\/div>\n<div id=\"chunk-48ugm\">\n<div class=\"mc-column content-text active-extra-styles \" data-block-type=\"unstyled\" data-block-weight=\"10\" data-block-id=\"13\">\n<p class=\" content-text__container \" data-track-category=\"Link no Texto\" data-track-links=\"\" data-mrf-recirculation=\"Mat\u00e9ria - Links no Texto\"><strong>Veja abaixo como ficou a tabela do Imposto de Renda:<\/strong><\/p>\n<\/div>\n<\/div>\n<div id=\"chunk-7vajj\">\n<div class=\"row medium-uncollapsed content-text\" data-block-type=\"table-plugin\" data-block-id=\"14\">\n<div class=\"column medium-centered medium-22 large-20\">\n<div class=\"show-table content-media content-media--normal\">\n<p class=\"mc-column show-table__title\">Tabela atualizada do Imposto de Renda<\/p>\n<div class=\"show-table__centralized\">\n<div class=\"show-table__container\">\n<table class=\"show-table__content\n show-table__content--highlight-top        \"><\/p>\n<tbody>\n<tr>\n<td>Rendimento mensal (R$)<\/td>\n<td>Base de c\u00e1lculo (R$)<\/td>\n<td>Al\u00edquota do IR (%)<\/td>\n<td>Parcela a deduzir (R$)<\/td>\n<\/tr>\n<tr>\n<td>At\u00e9 3.036<\/td>\n<td>At\u00e9 2.428,80<\/td>\n<td>0<\/td>\n<td>0<\/td>\n<\/tr>\n<tr>\n<td>De 3.036 a 3.533,31<\/td>\n<td>De 2.428,81 at\u00e9 2.826,65<\/td>\n<td>7,5<\/td>\n<td>182,16<\/td>\n<\/tr>\n<tr>\n<td>De 3.533.31 a 4.688,85<\/td>\n<td>De 2.826,66 at\u00e9 3.751,05<\/td>\n<td>15<\/td>\n<td>394,16<\/td>\n<\/tr>\n<tr>\n<td>De 4.688,85 a 5.830,85<\/td>\n<td>De 3.751,06 at\u00e9 4.664,68<\/td>\n<td>22,5<\/td>\n<td>675,49<\/td>\n<\/tr>\n<tr>\n<td>Acima de 5.830,85<\/td>\n<td>Acima de 4.664,68<\/td>\n<td>27,5<\/td>\n<td>908,73<\/td>\n<\/tr>\n<\/tbody>\n<\/table>\n<\/div>\n<p>Fonte: G1<\/p>\n<\/div>\n<\/div>\n<\/div>\n<\/div>\n<\/div>\n<\/div>\n<\/div>\n<\/div>\n<\/article>\n<\/div>\n","protected":false},"excerpt":{"rendered":"<p>O governo federal publicou nesta segunda-feira (14) uma medida provis\u00f3ria para que brasileiros que ganham at\u00e9 dois sal\u00e1rios m\u00ednimos por m\u00eas (R$ 3.036) sigam isentos&#8230;<\/p>\n","protected":false},"author":1527,"featured_media":39452,"comment_status":"closed","ping_status":"closed","sticky":false,"template":"","format":"standard","meta":{"footnotes":""},"categories":[6],"tags":[],"class_list":["post-58473","post","type-post","status-publish","format-standard","has-post-thumbnail","hentry","category-noticias"],"_links":{"self":[{"href":"https:\/\/www.sincomam.org.br\/index.php\/wp-json\/wp\/v2\/posts\/58473","targetHints":{"allow":["GET"]}}],"collection":[{"href":"https:\/\/www.sincomam.org.br\/index.php\/wp-json\/wp\/v2\/posts"}],"about":[{"href":"https:\/\/www.sincomam.org.br\/index.php\/wp-json\/wp\/v2\/types\/post"}],"author":[{"embeddable":true,"href":"https:\/\/www.sincomam.org.br\/index.php\/wp-json\/wp\/v2\/users\/1527"}],"replies":[{"embeddable":true,"href":"https:\/\/www.sincomam.org.br\/index.php\/wp-json\/wp\/v2\/comments?post=58473"}],"version-history":[{"count":1,"href":"https:\/\/www.sincomam.org.br\/index.php\/wp-json\/wp\/v2\/posts\/58473\/revisions"}],"predecessor-version":[{"id":58475,"href":"https:\/\/www.sincomam.org.br\/index.php\/wp-json\/wp\/v2\/posts\/58473\/revisions\/58475"}],"wp:featuredmedia":[{"embeddable":true,"href":"https:\/\/www.sincomam.org.br\/index.php\/wp-json\/wp\/v2\/media\/39452"}],"wp:attachment":[{"href":"https:\/\/www.sincomam.org.br\/index.php\/wp-json\/wp\/v2\/media?parent=58473"}],"wp:term":[{"taxonomy":"category","embeddable":true,"href":"https:\/\/www.sincomam.org.br\/index.php\/wp-json\/wp\/v2\/categories?post=58473"},{"taxonomy":"post_tag","embeddable":true,"href":"https:\/\/www.sincomam.org.br\/index.php\/wp-json\/wp\/v2\/tags?post=58473"}],"curies":[{"name":"wp","href":"https:\/\/api.w.org\/{rel}","templated":true}]}}