{"id":58465,"date":"2025-04-14T09:15:30","date_gmt":"2025-04-14T12:15:30","guid":{"rendered":"https:\/\/www.sincomam.org.br\/?p=58465"},"modified":"2025-04-14T09:15:30","modified_gmt":"2025-04-14T12:15:30","slug":"operantar-xliii-navios-da-marinha-retornam-ao-brasil","status":"publish","type":"post","link":"https:\/\/www.sincomam.org.br\/index.php\/operantar-xliii-navios-da-marinha-retornam-ao-brasil\/","title":{"rendered":"OPERANTAR XLIII: navios da Marinha retornam ao Brasil"},"content":{"rendered":"<p class=\"\" data-start=\"295\" data-end=\"632\">O c\u00e9u do Rio de Janeiro testemunhou, neste final de semana, o retorno triunfante dos navios \u201cAry Rongel\u201d\u00a0e\u00a0\u201cAlmirante Maximiano\u201d, encerrando a fase de ver\u00e3o da\u00a0OPERANTAR XLIII. Ap\u00f3s seis meses de apoio \u00e0 pesquisa cient\u00edfica e log\u00edstica na Ant\u00e1rtica, a\u00a0Marinha do Brasil\u00a0reafirma sua presen\u00e7a estrat\u00e9gica no continente gelado.<\/p>\n<h3 class=\"\" data-start=\"634\" data-end=\"684\"><strong data-start=\"638\" data-end=\"684\">Engenharia log\u00edstica e ci\u00eancia em alto-mar<\/strong><\/h3>\n<p class=\"\" data-start=\"686\" data-end=\"1043\">Ao longo da miss\u00e3o, os navios prestaram apoio essencial \u00e0\u00a0Esta\u00e7\u00e3o Ant\u00e1rtica Comandante Ferraz (EACF), viabilizando a opera\u00e7\u00e3o de\u00a024 projetos de pesquisa, com o envolvimento de\u00a0165 pesquisadores. Foram transportados\u00a0400 mil litros de \u00f3leo diesel ant\u00e1rtico,\u00a010 toneladas de suprimentos\u00a0e equipamentos cruciais para a manuten\u00e7\u00e3o da esta\u00e7\u00e3o.<\/p>\n<p class=\"\" data-start=\"1045\" data-end=\"1411\">Al\u00e9m disso, os navios participaram da\u00a0instala\u00e7\u00e3o e desmontagem de quatro acampamentos cient\u00edficos, estendendo a capacidade de pesquisa a regi\u00f5es remotas da Ant\u00e1rtica. Tamb\u00e9m realizaram\u00a0levantamentos hidrogr\u00e1ficos\u00a0em \u00e1reas de gelo e baixa visibilidade, contribuindo com dados fundamentais para a atualiza\u00e7\u00e3o de cartas n\u00e1uticas e para a seguran\u00e7a da navega\u00e7\u00e3o.<\/p>\n<h3 class=\"\" data-start=\"1413\" data-end=\"1463\"><strong data-start=\"1417\" data-end=\"1463\">Hist\u00f3rias de supera\u00e7\u00e3o e emo\u00e7\u00e3o no retorno<\/strong><\/h3>\n<p class=\"\" data-start=\"1465\" data-end=\"1877\">Para os militares a bordo, cada comiss\u00e3o \u00e9 um ciclo de dedica\u00e7\u00e3o intensa e, muitas vezes, de ren\u00fancia pessoal. O\u00a0Primeiro-Sargento Alisson Unias Arag\u00e3o, do \u201cAlmirante Maximiano\u201d, retornou ao\u00a0Brasil\u00a0sem ter visto o nascimento de seu filho. \u201c\u00c9 uma satisfa\u00e7\u00e3o muito grande voltar \u00e0 nossa terra natal. Meu filho nasceu durante essa miss\u00e3o. Ainda n\u00e3o tive a oportunidade de peg\u00e1-lo nos bra\u00e7os\u201d, disse, emocionado.<\/p>\n<p class=\"\" data-start=\"1879\" data-end=\"2325\">O retorno foi celebrado por familiares na\u00a0Base Naval da Ilha das Cobras, em um clima de emo\u00e7\u00e3o e reconhecimento. A bordo, os militares convivem por meses sob condi\u00e7\u00f5es meteorol\u00f3gicas adversas, enfrentando gelo, ventos extremos e longos per\u00edodos de isolamento. Mesmo assim, como afirmou o\u00a0Comandante do \u201cAry Rongel\u201d, Capit\u00e3o de Mar e Guerra Marco Aur\u00e9lio Barros de Almeida, \u201co mais importante \u00e9 regressar com toda a tripula\u00e7\u00e3o s\u00e3 e salva\u201d.<\/p>\n<h3 class=\"\" data-start=\"2327\" data-end=\"2388\"><strong data-start=\"2331\" data-end=\"2388\">Geopol\u00edtica, ci\u00eancia e o papel do Brasil na Ant\u00e1rtica<\/strong><\/h3>\n<p class=\"\" data-start=\"2390\" data-end=\"2777\">A\u00a0OPERANTAR\u00a0integra o\u00a0Programa Ant\u00e1rtico Brasileiro (PROANTAR), maior programa cient\u00edfico cont\u00ednuo do Brasil. A miss\u00e3o refor\u00e7a o\u00a0compromisso do pa\u00eds com o Tratado da Ant\u00e1rtica, que privilegia a pesquisa cient\u00edfica e a coopera\u00e7\u00e3o internacional. Nesta edi\u00e7\u00e3o, o Brasil manteve intera\u00e7\u00f5es com as miss\u00f5es da\u00a0Argentina, Chile, Pol\u00f4nia, R\u00fassia, Equador, Canad\u00e1, Peru e Turquia.<\/p>\n<p class=\"\" data-start=\"2779\" data-end=\"3096\">Al\u00e9m da log\u00edstica, a opera\u00e7\u00e3o tem alto valor diplom\u00e1tico, pois garante ao Brasil\u00a0voz ativa nas decis\u00f5es sobre o futuro do continente ant\u00e1rtico. A Marinha, ao conduzir o PROANTAR com excel\u00eancia, demonstra sua capacidade operacional e seu papel como protagonista da\u00a0diplomacia cient\u00edfica e ambiental brasileira.<\/p>\n<p data-start=\"2779\" data-end=\"3096\">Fonte: Defesa em Foco<\/p>\n","protected":false},"excerpt":{"rendered":"<p>O c\u00e9u do Rio de Janeiro testemunhou, neste final de semana, o retorno triunfante dos navios \u201cAry Rongel\u201d\u00a0e\u00a0\u201cAlmirante Maximiano\u201d, encerrando a fase de ver\u00e3o da\u00a0OPERANTAR&#8230;<\/p>\n","protected":false},"author":1527,"featured_media":58467,"comment_status":"closed","ping_status":"closed","sticky":false,"template":"","format":"standard","meta":{"footnotes":""},"categories":[6],"tags":[],"class_list":["post-58465","post","type-post","status-publish","format-standard","has-post-thumbnail","hentry","category-noticias"],"_links":{"self":[{"href":"https:\/\/www.sincomam.org.br\/index.php\/wp-json\/wp\/v2\/posts\/58465","targetHints":{"allow":["GET"]}}],"collection":[{"href":"https:\/\/www.sincomam.org.br\/index.php\/wp-json\/wp\/v2\/posts"}],"about":[{"href":"https:\/\/www.sincomam.org.br\/index.php\/wp-json\/wp\/v2\/types\/post"}],"author":[{"embeddable":true,"href":"https:\/\/www.sincomam.org.br\/index.php\/wp-json\/wp\/v2\/users\/1527"}],"replies":[{"embeddable":true,"href":"https:\/\/www.sincomam.org.br\/index.php\/wp-json\/wp\/v2\/comments?post=58465"}],"version-history":[{"count":1,"href":"https:\/\/www.sincomam.org.br\/index.php\/wp-json\/wp\/v2\/posts\/58465\/revisions"}],"predecessor-version":[{"id":58468,"href":"https:\/\/www.sincomam.org.br\/index.php\/wp-json\/wp\/v2\/posts\/58465\/revisions\/58468"}],"wp:featuredmedia":[{"embeddable":true,"href":"https:\/\/www.sincomam.org.br\/index.php\/wp-json\/wp\/v2\/media\/58467"}],"wp:attachment":[{"href":"https:\/\/www.sincomam.org.br\/index.php\/wp-json\/wp\/v2\/media?parent=58465"}],"wp:term":[{"taxonomy":"category","embeddable":true,"href":"https:\/\/www.sincomam.org.br\/index.php\/wp-json\/wp\/v2\/categories?post=58465"},{"taxonomy":"post_tag","embeddable":true,"href":"https:\/\/www.sincomam.org.br\/index.php\/wp-json\/wp\/v2\/tags?post=58465"}],"curies":[{"name":"wp","href":"https:\/\/api.w.org\/{rel}","templated":true}]}}