{"id":58461,"date":"2025-04-14T09:13:10","date_gmt":"2025-04-14T12:13:10","guid":{"rendered":"https:\/\/www.sincomam.org.br\/?p=58461"},"modified":"2025-04-14T09:13:10","modified_gmt":"2025-04-14T12:13:10","slug":"brasil-participa-de-sessao-do-comite-de-protecao-do-meio-ambiente-marinho-da-imo-sobre-a-reducao-de-emissoes-de-gases-de-efeito-estufa","status":"publish","type":"post","link":"https:\/\/www.sincomam.org.br\/index.php\/brasil-participa-de-sessao-do-comite-de-protecao-do-meio-ambiente-marinho-da-imo-sobre-a-reducao-de-emissoes-de-gases-de-efeito-estufa\/","title":{"rendered":"Brasil participa de sess\u00e3o do Comit\u00ea de Prote\u00e7\u00e3o do Meio Ambiente Marinho da IMO sobre a redu\u00e7\u00e3o de emiss\u00f5es de gases de efeito estufa"},"content":{"rendered":"<p class=\"text-align-justify\">De 7 a 11 de abril, a sede da Organiza\u00e7\u00e3o Mar\u00edtima Internacional (IMO), em Londres, foi palco da 83\u00aa sess\u00e3o do Comit\u00ea de Prote\u00e7\u00e3o ao Meio Ambiente Marinho (MEPC 83). Durante o evento, foi aprovado o encaminhamento da minuta de um novo cap\u00edtulo da Conven\u00e7\u00e3o Internacional para a Preven\u00e7\u00e3o da Polui\u00e7\u00e3o por Navios (MARPOL, Cap\u00edtulo 5), que estabeleceu a Estrutura da IMO para Emiss\u00f5es L\u00edquidas Zero (IMO NET-ZERO FRAMEWORK), para ado\u00e7\u00e3o na sess\u00e3o extraordin\u00e1ria do MEPC, a ser realizada de 14 a 17 de outubro. Essa estrutura inclui medidas obrigat\u00f3rias para um padr\u00e3o de intensidade de emiss\u00f5es e um sistema de precifica\u00e7\u00e3o de carbono nos combust\u00edveis mar\u00edtimos.<\/p>\n<p class=\"text-align-justify\">Com uma comitiva composta pelo Representante Permanente do Brasil junto \u00e0 IMO, Almirante de Esquadra Jos\u00e9 Augusto Vieira da Cunha de Menezes, por representantes do Minist\u00e9rio das Rela\u00e7\u00f5es Exteriores (MRE), do Minist\u00e9rio de Agricultura Pecu\u00e1ria e Abastecimento (MAPA), da Ag\u00eancia Nacional de Transporte Aquavi\u00e1rio (ANTAQ), da Comiss\u00e3o Coordenadora dos Assuntos da IMO (CCA-IMO), da Secretaria Executiva da CCA-IMO (SECIMO), da Representa\u00e7\u00e3o Permanente do Brasil junto \u00e0 IMO (RPBIMO) e da Representa\u00e7\u00e3o Permanente do Brasil junto aos Organismos Internacionais em Londres (REBRASLON), al\u00e9m de especialistas das \u00e1reas ambiental, mar\u00edtima, industrial e acad\u00eamica, o Brasil atuou de forma construtiva nas dif\u00edceis negocia\u00e7\u00f5es buscando promover poss\u00edveis \u00e1reas de converg\u00eancia, preservando os interesses nacionais.<\/p>\n<p class=\"text-align-justify\">A Estrat\u00e9gia IMO 2023 refor\u00e7a o comprometimento daquela Organiza\u00e7\u00e3o e de seus estados-membros para a redu\u00e7\u00e3o dos gases do efeito estufa (GEE) provenientes do setor mar\u00edtimo mundial, incentivando a transi\u00e7\u00e3o energ\u00e9tica de forma a contribuir para o cumprimento da meta de limita\u00e7\u00e3o do aumento do aquecimento global a 1,5\u00baC, definida no Acordo de Paris. Nela ficou estabelecido o n\u00edvel de ambi\u00e7\u00e3o de alcan\u00e7ar o \u201czero l\u00edquido\u201d de emiss\u00f5es do setor mar\u00edtimo, por volta de 2050.<\/p>\n<p class=\"text-align-justify\">Durante a MEPC 83, o Brasil teve um papel conciliador nas negocia\u00e7\u00f5es procurando criar pontes entre as diferentes propostas para chegar a uma decis\u00e3o por consenso, sem, entretanto, perder o foco de que as medidas fossem efetivas no cumprimento das metas da estrat\u00e9gia da IMO e que trouxessem menos impactos aos estados-membros. A delega\u00e7\u00e3o brasileira ressaltou que a transi\u00e7\u00e3o energ\u00e9tica no setor mar\u00edtimo deve ser conduzida de forma justa, levando em considera\u00e7\u00e3o as diferentes capacidades t\u00e9cnicas e econ\u00f4micas entre os pa\u00edses, especialmente os em desenvolvimento. Um outro tema priorit\u00e1rio para a delega\u00e7\u00e3o brasileira foi a defesa dos biocombust\u00edveis como uma das alternativas vi\u00e1veis para os combust\u00edveis mar\u00edtimos, posicionando-se firmemente contra qualquer discrimina\u00e7\u00e3o a esses biocombust\u00edveis.<\/p>\n<p class=\"text-align-justify\">\u201cO Brasil tem profunda preocupa\u00e7\u00e3o com a preserva\u00e7\u00e3o ambiental e est\u00e1 comprometido com uma transi\u00e7\u00e3o energ\u00e9tica que seja sustent\u00e1vel e inclusiva. Os resultados alcan\u00e7ados foram bastante positivos, pois levam \u00e0 consecu\u00e7\u00e3o das metas e trar\u00e3o menos impactos \u00e0s exporta\u00e7\u00f5es e importa\u00e7\u00f5es, levando em considera\u00e7\u00e3o as propostas que estavam na mesa de discuss\u00e3o.<\/p>\n<p class=\"text-align-justify\">Nosso hist\u00f3rico com os biocombust\u00edveis \u00e9 uma demonstra\u00e7\u00e3o concreta de que \u00e9 poss\u00edvel aliar desenvolvimento econ\u00f4mico \u00e0 responsabilidade clim\u00e1tica\u201d, afirmou o Almirante de Esquadra Cunha.<\/p>\n<p class=\"text-align-justify\">A atua\u00e7\u00e3o coordenada da comitiva brasileira durante a MEPC 83, com destaque para o Subchefe da Divis\u00e3o de A\u00e7\u00e3o Clim\u00e1tica do MRE, Primeiro-Secret\u00e1rio Bruno Carvalho Arruda, que como negociador da delega\u00e7\u00e3o brasileira colocou o Brasil em posi\u00e7\u00e3o de relev\u00e2ncia, reafirmando o papel estrat\u00e9gico do Pa\u00eds na governan\u00e7a mar\u00edtima internacional e demonstra que o Brasil est\u00e1 pronto para contribuir com solu\u00e7\u00f5es efetivas para um futuro mar\u00edtimo mais sustent\u00e1vel e resiliente.<\/p>\n<figure><\/figure>\n<p>Fonte: Ag\u00eancia Marinha de Not\u00edcias<\/p>\n","protected":false},"excerpt":{"rendered":"<p>De 7 a 11 de abril, a sede da Organiza\u00e7\u00e3o Mar\u00edtima Internacional (IMO), em Londres, foi palco da 83\u00aa sess\u00e3o do Comit\u00ea de Prote\u00e7\u00e3o ao&#8230;<\/p>\n","protected":false},"author":1527,"featured_media":58463,"comment_status":"closed","ping_status":"closed","sticky":false,"template":"","format":"standard","meta":{"footnotes":""},"categories":[6],"tags":[],"class_list":["post-58461","post","type-post","status-publish","format-standard","has-post-thumbnail","hentry","category-noticias"],"_links":{"self":[{"href":"https:\/\/www.sincomam.org.br\/index.php\/wp-json\/wp\/v2\/posts\/58461","targetHints":{"allow":["GET"]}}],"collection":[{"href":"https:\/\/www.sincomam.org.br\/index.php\/wp-json\/wp\/v2\/posts"}],"about":[{"href":"https:\/\/www.sincomam.org.br\/index.php\/wp-json\/wp\/v2\/types\/post"}],"author":[{"embeddable":true,"href":"https:\/\/www.sincomam.org.br\/index.php\/wp-json\/wp\/v2\/users\/1527"}],"replies":[{"embeddable":true,"href":"https:\/\/www.sincomam.org.br\/index.php\/wp-json\/wp\/v2\/comments?post=58461"}],"version-history":[{"count":1,"href":"https:\/\/www.sincomam.org.br\/index.php\/wp-json\/wp\/v2\/posts\/58461\/revisions"}],"predecessor-version":[{"id":58464,"href":"https:\/\/www.sincomam.org.br\/index.php\/wp-json\/wp\/v2\/posts\/58461\/revisions\/58464"}],"wp:featuredmedia":[{"embeddable":true,"href":"https:\/\/www.sincomam.org.br\/index.php\/wp-json\/wp\/v2\/media\/58463"}],"wp:attachment":[{"href":"https:\/\/www.sincomam.org.br\/index.php\/wp-json\/wp\/v2\/media?parent=58461"}],"wp:term":[{"taxonomy":"category","embeddable":true,"href":"https:\/\/www.sincomam.org.br\/index.php\/wp-json\/wp\/v2\/categories?post=58461"},{"taxonomy":"post_tag","embeddable":true,"href":"https:\/\/www.sincomam.org.br\/index.php\/wp-json\/wp\/v2\/tags?post=58461"}],"curies":[{"name":"wp","href":"https:\/\/api.w.org\/{rel}","templated":true}]}}