{"id":58441,"date":"2025-04-11T09:43:06","date_gmt":"2025-04-11T12:43:06","guid":{"rendered":"https:\/\/www.sincomam.org.br\/?p=58441"},"modified":"2025-04-11T09:43:06","modified_gmt":"2025-04-11T12:43:06","slug":"brasil-prepara-leilao-de-areas-do-pre-sal-com-potencial-de-levantar-ao-menos-r-20-bilhoes","status":"publish","type":"post","link":"https:\/\/www.sincomam.org.br\/index.php\/brasil-prepara-leilao-de-areas-do-pre-sal-com-potencial-de-levantar-ao-menos-r-20-bilhoes\/","title":{"rendered":"Brasil prepara leil\u00e3o de \u00e1reas do pr\u00e9-sal com potencial de levantar ao menos R$ 20 bilh\u00f5es"},"content":{"rendered":"<p>O governo brasileiro est\u00e1 preparando um leil\u00e3o extraordin\u00e1rio de \u00e1reas n\u00e3o contratadas do pr\u00e9-sal para refor\u00e7ar a arrecada\u00e7\u00e3o ainda neste ano. O plano tem ganhado for\u00e7a diante da queda nos pre\u00e7os do petr\u00f3leo e da crescente incerteza global em rela\u00e7\u00e3o a tarifas dos Estados Unidos, disseram quatro fontes com conhecimento do assunto.<\/p>\n<p>Segundo duas das fontes, que pediram anonimato devido \u00e0 natureza privada das discuss\u00f5es, o leil\u00e3o deve envolver \u00e1reas menores do pr\u00e9-sal nos campos de Tupi, Mero e Atapu, e pode arrecadar cerca de R$20 bilh\u00f5es no cen\u00e1rio mais pessimista.<\/p>\n<div class=\"TA6DKtXp\">\n<div id=\"v3-adslot-truvid\">O Minist\u00e9rio da Fazenda e o Minist\u00e9rio de Minas e Energia n\u00e3o responderam imediatamente a pedidos por coment\u00e1rio.<\/div>\n<\/div>\n<h3>O potencial do pr\u00e9-sal<\/h3>\n<p>O impulso para o leil\u00e3o reflete as crescentes preocupa\u00e7\u00f5es com as perspectivas fiscais do Brasil, j\u00e1 que as tarifas norte-americanas prejudicam as perspectivas econ\u00f4micas globais, levando os pre\u00e7os do petr\u00f3leo a uma m\u00ednima de quatro anos, abaixo de US$60 o barril, na quarta-feira, 9.<\/p>\n<div class=\"bFlkVCRH\">\n<section class=\"section-ads\">\n<div id=\"v3-adslot-mid_2\" class=\"banner_super\">Mesmo ap\u00f3s a recupera\u00e7\u00e3o, o petr\u00f3leo Brent fechou em US$65,48 o barril, quase 20% abaixo do pre\u00e7o m\u00e9dio de US$80,79 previsto na lei or\u00e7ament\u00e1ria brasileira de 2025.<\/div>\n<\/section>\n<\/div>\n<p>Pre\u00e7os mais altos do petr\u00f3leo normalmente beneficiam o Brasil, aumentando a receita com royalties, tributos sobre produtores de petr\u00f3leo e dividendos substanciais da Petrobras. \u201c\u00c9 importante demais ter v\u00e1lvulas de escape porque o cen\u00e1rio de receitas fica mais incerto com o externo assim,\u201d disse uma das fontes.<\/p>\n<div class=\"1c3RgLiT\">\n<section class=\"section-ads\">\n<div id=\"v3-adslot-mid_3\" class=\"banner_super\">Uma das fontes afirmou que o governo pretende realizar o leil\u00e3o j\u00e1 em setembro, caso os planos avancem como esperado. Um projeto de lei deve ser enviado ao Congresso \u201cem breve\u201d, disse, seguido pela publica\u00e7\u00e3o de uma resolu\u00e7\u00e3o do Conselho Nacional de Pol\u00edtica Energ\u00e9tica (CNPE) e do edital do leil\u00e3o.<\/div>\n<\/section>\n<\/div>\n<p>A mesma fonte afirmou que j\u00e1 existe apoio pol\u00edtico para o projeto, destacando que a medida representa um esfor\u00e7o arrecadat\u00f3rio que pode ajudar a evitar contingenciamentos que afetariam as emendas parlamentares \u2014 uma preocupa\u00e7\u00e3o relevante nas atuais negocia\u00e7\u00f5es or\u00e7ament\u00e1rias no Congresso.<\/p>\n<h3>Risco fiscal<\/h3>\n<p>Todas as fontes afirmaram que a ideia \u00e9 que a arrecada\u00e7\u00e3o com o leil\u00e3o reforce os cofres p\u00fablicos, potencialmente compensando eventuais perdas decorrentes de vari\u00e1veis sobre as quais o governo n\u00e3o tem inger\u00eancia.<\/p>\n<p>O governo do presidente Luiz In\u00e1cio Lula da Silva pretende zerar o d\u00e9ficit prim\u00e1rio da maior economia da Am\u00e9rica Latina neste ano, com uma margem de toler\u00e2ncia de 0,25% do PIB para mais ou para menos, o que permite um d\u00e9ficit de at\u00e9 31 bilh\u00f5es de reais.<\/p>\n<p>Na ter\u00e7a-feira, o ministro da Fazenda, Fernando Haddad, afirmou que, caso sejam identificados riscos \u00e0 meta fiscal, o governo adotar\u00e1 medidas para garantir seu cumprimento.<\/p>\n<p>Fonte: Isto \u00e9 Dinheiro<\/p>\n","protected":false},"excerpt":{"rendered":"<p>O governo brasileiro est\u00e1 preparando um leil\u00e3o extraordin\u00e1rio de \u00e1reas n\u00e3o contratadas do pr\u00e9-sal para refor\u00e7ar a arrecada\u00e7\u00e3o ainda neste ano. O plano tem ganhado&#8230;<\/p>\n","protected":false},"author":1527,"featured_media":58443,"comment_status":"closed","ping_status":"closed","sticky":false,"template":"","format":"standard","meta":{"footnotes":""},"categories":[6],"tags":[],"class_list":["post-58441","post","type-post","status-publish","format-standard","has-post-thumbnail","hentry","category-noticias"],"_links":{"self":[{"href":"https:\/\/www.sincomam.org.br\/index.php\/wp-json\/wp\/v2\/posts\/58441","targetHints":{"allow":["GET"]}}],"collection":[{"href":"https:\/\/www.sincomam.org.br\/index.php\/wp-json\/wp\/v2\/posts"}],"about":[{"href":"https:\/\/www.sincomam.org.br\/index.php\/wp-json\/wp\/v2\/types\/post"}],"author":[{"embeddable":true,"href":"https:\/\/www.sincomam.org.br\/index.php\/wp-json\/wp\/v2\/users\/1527"}],"replies":[{"embeddable":true,"href":"https:\/\/www.sincomam.org.br\/index.php\/wp-json\/wp\/v2\/comments?post=58441"}],"version-history":[{"count":1,"href":"https:\/\/www.sincomam.org.br\/index.php\/wp-json\/wp\/v2\/posts\/58441\/revisions"}],"predecessor-version":[{"id":58444,"href":"https:\/\/www.sincomam.org.br\/index.php\/wp-json\/wp\/v2\/posts\/58441\/revisions\/58444"}],"wp:featuredmedia":[{"embeddable":true,"href":"https:\/\/www.sincomam.org.br\/index.php\/wp-json\/wp\/v2\/media\/58443"}],"wp:attachment":[{"href":"https:\/\/www.sincomam.org.br\/index.php\/wp-json\/wp\/v2\/media?parent=58441"}],"wp:term":[{"taxonomy":"category","embeddable":true,"href":"https:\/\/www.sincomam.org.br\/index.php\/wp-json\/wp\/v2\/categories?post=58441"},{"taxonomy":"post_tag","embeddable":true,"href":"https:\/\/www.sincomam.org.br\/index.php\/wp-json\/wp\/v2\/tags?post=58441"}],"curies":[{"name":"wp","href":"https:\/\/api.w.org\/{rel}","templated":true}]}}