{"id":58401,"date":"2025-04-10T10:16:07","date_gmt":"2025-04-10T13:16:07","guid":{"rendered":"https:\/\/www.sincomam.org.br\/?p=58401"},"modified":"2025-04-10T10:16:07","modified_gmt":"2025-04-10T13:16:07","slug":"mudancas-na-legislacao-trabalhista-impactam-vale-refeicao-e-vale-alimentacao-no-brasil","status":"publish","type":"post","link":"https:\/\/www.sincomam.org.br\/index.php\/mudancas-na-legislacao-trabalhista-impactam-vale-refeicao-e-vale-alimentacao-no-brasil\/","title":{"rendered":"Mudan\u00e7as na legisla\u00e7\u00e3o trabalhista impactam vale-refei\u00e7\u00e3o e vale-alimenta\u00e7\u00e3o no Brasil"},"content":{"rendered":"<p>A discuss\u00e3o sobre a continuidade do\u00a0vale-refei\u00e7\u00e3o\u00a0e\u00a0vale-alimenta\u00e7\u00e3o\u00a0no Brasil tem se intensificado, especialmente com a evolu\u00e7\u00e3o da\u00a0legisla\u00e7\u00e3o trabalhista.<\/p>\n<p>Embora esses benef\u00edcios sejam uma pr\u00e1tica comum entre as empresas, \u00e9 importante ressaltar que n\u00e3o s\u00e3o obrigat\u00f3rios por lei.<\/p>\n<p>De acordo com a\u00a0<strong>Consolida\u00e7\u00e3o das Leis do Trabalho (CLT)<\/strong>, a decis\u00e3o de fornecer esses benef\u00edcios cabe a cada empresa, sem imposi\u00e7\u00e3o legal.<\/p>\n<h3 id=\"h-o-programa-de-alimentacao-do-trabalhador-pat\" class=\"wp-block-heading\">O Programa de Alimenta\u00e7\u00e3o do Trabalhador (PAT)<\/h3>\n<p>O\u00a0Programa de Alimenta\u00e7\u00e3o do Trabalhador (PAT)\u00a0foi criado pelo governo federal em 1976 com o objetivo de incentivar as empresas a oferecerem\u00a0vale-alimenta\u00e7\u00e3o\u00a0e\u00a0vale-refei\u00e7\u00e3o.<\/p>\n<p>As empresas que aderem ao PAT podem deduzir parte das despesas com alimenta\u00e7\u00e3o do\u00a0Imposto de Renda, tornando a pr\u00e1tica mais vi\u00e1vel financeiramente.<\/p>\n<p>Al\u00e9m disso, os valores pagos in natura, como esses benef\u00edcios, n\u00e3o s\u00e3o considerados sal\u00e1rio e n\u00e3o influenciam a remunera\u00e7\u00e3o, nem s\u00e3o base para contribui\u00e7\u00f5es previdenci\u00e1rias ou do\u00a0FGTS.<\/p>\n<p>A ades\u00e3o ao PAT n\u00e3o apenas oferece vantagens fiscais para as empresas, mas tamb\u00e9m promove a sa\u00fade e o bem-estar dos trabalhadores.<\/p>\n<p>O incentivo \u00e0 alimenta\u00e7\u00e3o adequada \u00e9 um fator que pode contribuir para a melhoria da qualidade de vida e da produtividade dos funcion\u00e1rios.<\/p>\n<h3 id=\"h-natureza-juridica-dos-beneficios-alimentares\" class=\"wp-block-heading\">Natureza jur\u00eddica dos benef\u00edcios alimentares<\/h3>\n<p>A\u00a0natureza jur\u00eddica\u00a0do\u00a0vale-alimenta\u00e7\u00e3o\u00a0e do\u00a0vale-refei\u00e7\u00e3o\u00a0pode variar.<\/p>\n<p>Quando fornecidos gratuitamente, esses benef\u00edcios s\u00e3o considerados\u00a0sal\u00e1rio in natura, integrando a remunera\u00e7\u00e3o do empregado.<\/p>\n<p>No entanto, se houver qualquer desconto no sal\u00e1rio para custear o benef\u00edcio, ele passa a ter car\u00e1ter indenizat\u00f3rio, n\u00e3o integrando o sal\u00e1rio.<\/p>\n<p>Decis\u00f5es judiciais recentes t\u00eam refor\u00e7ado que a participa\u00e7\u00e3o do empregado no custeio do benef\u00edcio descaracteriza sua natureza salarial.<\/p>\n<p>Isso significa que, se um trabalhador paga uma parte do valor do vale, esse montante n\u00e3o ser\u00e1 considerado como parte de sua remunera\u00e7\u00e3o para fins de c\u00e1lculo de FGTS ou de aposentadoria.<\/p>\n<p>Essa interpreta\u00e7\u00e3o tem gerado discuss\u00f5es e debates entre sindicatos, empregadores e trabalhadores, j\u00e1 que pode afetar diretamente a forma como esses benef\u00edcios s\u00e3o oferecidos.<\/p>\n<h3 id=\"h-a-importancia-dos-acordos-coletivos\" class=\"wp-block-heading\">A import\u00e2ncia dos acordos coletivos<\/h3>\n<p>Os\u00a0acordos coletivos\u00a0desempenham um papel crucial na concess\u00e3o de\u00a0vale-alimenta\u00e7\u00e3o\u00a0e\u00a0vale-refei\u00e7\u00e3o.<\/p>\n<p>Em diversos setores, sindicatos t\u00eam negociado cl\u00e1usulas que tornam esses benef\u00edcios obrigat\u00f3rios.<\/p>\n<p>Portanto, \u00e9 fundamental que tanto empregadores quanto empregados conhe\u00e7am as normas coletivas aplic\u00e1veis ao seu setor.<\/p>\n<p>Esses acordos podem estabelecer condi\u00e7\u00f5es espec\u00edficas para a concess\u00e3o dos benef\u00edcios, como valores m\u00ednimos e formas de distribui\u00e7\u00e3o. A consulta a conven\u00e7\u00f5es coletivas \u00e9 essencial para evitar descumprimentos legais.<\/p>\n<p>Com a poss\u00edvel implementa\u00e7\u00e3o da portabilidade, cl\u00e1usulas relacionadas a esse tema tamb\u00e9m podem ser inclu\u00eddas nas negocia\u00e7\u00f5es coletivas.<\/p>\n<p>Isso poderia facilitar a transfer\u00eancia dos saldos entre diferentes operadoras, promovendo maior efici\u00eancia e competitividade.<\/p>\n<h3 id=\"h-vantagens-de-oferecer-beneficios-alimentares\" class=\"wp-block-heading\">Vantagens de oferecer benef\u00edcios alimentares<\/h3>\n<p>Apesar de n\u00e3o serem obrigat\u00f3rios, muitos empregadores optam por oferecer\u00a0vale-alimenta\u00e7\u00e3o\u00a0e\u00a0vale-refei\u00e7\u00e3o\u00a0devido aos benef\u00edcios fiscais e \u00e0 valoriza\u00e7\u00e3o do trabalhador.<\/p>\n<p>Esses benef\u00edcios podem aumentar a satisfa\u00e7\u00e3o e a produtividade dos funcion\u00e1rios, al\u00e9m de melhorar a imagem da empresa.<\/p>\n<p>As vantagens tribut\u00e1rias, aliadas \u00e0 satisfa\u00e7\u00e3o dos empregados, tornam a pr\u00e1tica atrativa.<\/p>\n<p>Empresas que oferecem esses benef\u00edcios muitas vezes se destacam na atra\u00e7\u00e3o e reten\u00e7\u00e3o de talentos, al\u00e9m de criar um ambiente de trabalho mais positivo.<\/p>\n<p>No entanto, as empresas devem avaliar a viabilidade econ\u00f4mica de oferecer esses benef\u00edcios, considerando as obriga\u00e7\u00f5es decorrentes de acordos coletivos e o impacto financeiro.<\/p>\n<p>A portabilidade dos saldos pode impactar essa avalia\u00e7\u00e3o, oferecendo mais flexibilidade e competitividade no gerenciamento dos benef\u00edcios.<\/p>\n<h3 id=\"h-impacto-da-portabilidade-dos-saldos\" class=\"wp-block-heading\">Impacto da portabilidade dos saldos<\/h3>\n<p>A\u00a0portabilidade dos saldos\u00a0dos vales \u00e9 uma proposta que visa permitir que trabalhadores transfiram os saldos entre diferentes operadoras.<\/p>\n<p>Essa mudan\u00e7a tem o potencial de transformar o mercado de benef\u00edcios alimentares, promovendo maior concorr\u00eancia entre fornecedores e beneficiando os usu\u00e1rios com melhores condi\u00e7\u00f5es e servi\u00e7os.<\/p>\n<p>Com a portabilidade, os trabalhadores teriam maior liberdade para escolher o fornecedor que melhor atende suas necessidades, o que poderia levar a uma melhora na qualidade dos servi\u00e7os prestados.<\/p>\n<p>Al\u00e9m disso, essa mudan\u00e7a tamb\u00e9m poderia incentivar as empresas a oferecerem benef\u00edcios mais competitivos, uma vez que a satisfa\u00e7\u00e3o do trabalhador se tornaria um fator determinante na escolha do fornecedor.<\/p>\n<h3 id=\"h-atencao-as-legislacoes-e-negociacoes-sindicais\" class=\"wp-block-heading\">Aten\u00e7\u00e3o \u00e0s legisla\u00e7\u00f5es e negocia\u00e7\u00f5es sindicais<\/h3>\n<p>Empregadores precisam estar atentos \u00e0s\u00a0legisla\u00e7\u00f5es\u00a0e\u00a0acordos coletivos\u00a0que regem a concess\u00e3o de\u00a0vale-alimenta\u00e7\u00e3o\u00a0e\u00a0vale-refei\u00e7\u00e3o.<\/p>\n<p>A decis\u00e3o de oferecer esses benef\u00edcios deve considerar tanto as vantagens fiscais quanto a satisfa\u00e7\u00e3o dos empregados.<\/p>\n<p>Al\u00e9m disso, \u00e9 fundamental manter-se atualizado sobre mudan\u00e7as legais e negocia\u00e7\u00f5es sindicais que possam impactar a obrigatoriedade ou as condi\u00e7\u00f5es de concess\u00e3o desses benef\u00edcios.<\/p>\n<p>Dessa forma, as empresas podem garantir conformidade legal e maximizar os benef\u00edcios de sua pol\u00edtica de benef\u00edcios alimentares.<\/p>\n<p>As discuss\u00f5es sobre a portabilidade dos saldos em 2025 representar\u00e3o um ponto adicional de aten\u00e7\u00e3o, com o potencial para transformar o panorama de benef\u00edcios no Brasil.<\/p>\n<p>A capacidade de adapta\u00e7\u00e3o \u00e0s mudan\u00e7as no cen\u00e1rio trabalhista ser\u00e1 crucial para o sucesso das empresas e o bem-estar dos trabalhadores.<\/p>\n<p>FONTE: EM FOCO<\/p>\n","protected":false},"excerpt":{"rendered":"<p>A discuss\u00e3o sobre a continuidade do\u00a0vale-refei\u00e7\u00e3o\u00a0e\u00a0vale-alimenta\u00e7\u00e3o\u00a0no Brasil tem se intensificado, especialmente com a evolu\u00e7\u00e3o da\u00a0legisla\u00e7\u00e3o trabalhista. Embora esses benef\u00edcios sejam uma pr\u00e1tica comum entre as&#8230;<\/p>\n","protected":false},"author":1527,"featured_media":58403,"comment_status":"closed","ping_status":"closed","sticky":false,"template":"","format":"standard","meta":{"footnotes":""},"categories":[6],"tags":[],"class_list":["post-58401","post","type-post","status-publish","format-standard","has-post-thumbnail","hentry","category-noticias"],"_links":{"self":[{"href":"https:\/\/www.sincomam.org.br\/index.php\/wp-json\/wp\/v2\/posts\/58401","targetHints":{"allow":["GET"]}}],"collection":[{"href":"https:\/\/www.sincomam.org.br\/index.php\/wp-json\/wp\/v2\/posts"}],"about":[{"href":"https:\/\/www.sincomam.org.br\/index.php\/wp-json\/wp\/v2\/types\/post"}],"author":[{"embeddable":true,"href":"https:\/\/www.sincomam.org.br\/index.php\/wp-json\/wp\/v2\/users\/1527"}],"replies":[{"embeddable":true,"href":"https:\/\/www.sincomam.org.br\/index.php\/wp-json\/wp\/v2\/comments?post=58401"}],"version-history":[{"count":1,"href":"https:\/\/www.sincomam.org.br\/index.php\/wp-json\/wp\/v2\/posts\/58401\/revisions"}],"predecessor-version":[{"id":58404,"href":"https:\/\/www.sincomam.org.br\/index.php\/wp-json\/wp\/v2\/posts\/58401\/revisions\/58404"}],"wp:featuredmedia":[{"embeddable":true,"href":"https:\/\/www.sincomam.org.br\/index.php\/wp-json\/wp\/v2\/media\/58403"}],"wp:attachment":[{"href":"https:\/\/www.sincomam.org.br\/index.php\/wp-json\/wp\/v2\/media?parent=58401"}],"wp:term":[{"taxonomy":"category","embeddable":true,"href":"https:\/\/www.sincomam.org.br\/index.php\/wp-json\/wp\/v2\/categories?post=58401"},{"taxonomy":"post_tag","embeddable":true,"href":"https:\/\/www.sincomam.org.br\/index.php\/wp-json\/wp\/v2\/tags?post=58401"}],"curies":[{"name":"wp","href":"https:\/\/api.w.org\/{rel}","templated":true}]}}