{"id":58387,"date":"2025-04-09T08:39:14","date_gmt":"2025-04-09T11:39:14","guid":{"rendered":"https:\/\/www.sincomam.org.br\/?p=58387"},"modified":"2025-04-09T08:39:14","modified_gmt":"2025-04-09T11:39:14","slug":"seis-em-cada-10-brasileiros-apoiam-a-reducao-da-jornada-de-trabalho","status":"publish","type":"post","link":"https:\/\/www.sincomam.org.br\/index.php\/seis-em-cada-10-brasileiros-apoiam-a-reducao-da-jornada-de-trabalho\/","title":{"rendered":"Seis em cada 10 brasileiros apoiam a redu\u00e7\u00e3o da jornada de trabalho"},"content":{"rendered":"<p>Um levantamento feito pela\u00a0Nexus Pesquisa e Intelig\u00eancia de Dados\u00a0mostra que 65% dos brasileiros s\u00e3o favor\u00e1veis \u00e0 redu\u00e7\u00e3o da jornada de trabalho atual\u00a0de 44 horas semanais.\u00a0Segundo a pesquisa, 27% s\u00e3o contr\u00e1rios \u00e0 diminui\u00e7\u00e3o; 5%, n\u00e3o s\u00e3o nem a favor e nem contra; e 3% n\u00e3o souberam responder.\u00a0<img decoding=\"async\" src=\"https:\/\/agenciabrasil.ebc.com.br\/ebc.png?id=1638053&amp;o=node\" \/><img decoding=\"async\" src=\"https:\/\/agenciabrasil.ebc.com.br\/ebc.gif?id=1638053&amp;o=node\" \/><\/p>\n<p>Foram ouvidas presencialmente 2 mil pessoas com mais de 16 anos de idade, nas 27 unidades da federa\u00e7\u00e3o. As entrevistas foram realizadas de 10 a 15 de janeiro de 2025.<\/p>\n<p><strong>De acordo com a pesquisa, os principais benef\u00edcios criados pela redu\u00e7\u00e3o da jornada apontados pelas pessoas ouvidas foram:\u00a0<\/strong><\/p>\n<ul>\n<li>Melhoria na qualidade de vida dos trabalhadores (indicado por 65% dos entrevistados)<\/li>\n<li>Aumento na produtividade (55%)<\/li>\n<li>Desenvolvimento social do pa\u00eds (45%)<\/li>\n<li>Desenvolvimento econ\u00f4mico (40%)<\/li>\n<li>Aumento da lucratividade das empresas e ind\u00fastrias (35%)<\/li>\n<\/ul>\n<p><strong>Em rela\u00e7\u00e3o \u00e0 jornada de seis dias de trabalho por um dia de folga, a opin\u00e3o dos entrevistados foi:\u00a0<\/strong><\/p>\n<ul>\n<li>54% contra<\/li>\n<li>39%, a favor<\/li>\n<li>4% nem contra nem a favor<\/li>\n<li>3% n\u00e3o souberam responder<\/li>\n<\/ul>\n<p>Especificamente perguntados sobre a\u00a0Proposta de Emenda \u00e0 Constitui\u00e7\u00e3o conhecida como a PEC da escala 6&#215;1, em an\u00e1lise na C\u00e2mara dos Deputados, que prev\u00ea a redu\u00e7\u00e3o da jornada m\u00e1xima de trabalho semanal para 36 horas, sendo 4 dias de trabalho e 3 dias de folga, sem a diminui\u00e7\u00e3o do sal\u00e1rio, a opin\u00e3o dos entrevistados foi:<\/p>\n<ul>\n<li>63% a favor<\/li>\n<li>31% contra<\/li>\n<li>4% nem contra nem a favor<\/li>\n<li>3% n\u00e3o souberam responder<\/li>\n<\/ul>\n<p>A maioria (42%) disse ainda que a altera\u00e7\u00e3o seria positiva para o pa\u00eds; 30%, negativa; 22%, n\u00e3o faria diferen\u00e7a; e 6%, n\u00e3o soube responder.<\/p>\n<p>Caso a redu\u00e7\u00e3o da jornada de trabalho se tornasse uma realidade, 47% afirmaram que utilizariam o tempo livre do trabalho para se dedicar \u00e0 fam\u00edlia; dedicar aten\u00e7\u00e3o \u00e0 sa\u00fade (25%); fazer renda extra (22%); e investir em cursos e capacita\u00e7\u00f5es profissionais (17%).<\/p>\n<p>Fonte: Ag\u00eancia Brasil<\/p>\n","protected":false},"excerpt":{"rendered":"<p>Um levantamento feito pela\u00a0Nexus Pesquisa e Intelig\u00eancia de Dados\u00a0mostra que 65% dos brasileiros s\u00e3o favor\u00e1veis \u00e0 redu\u00e7\u00e3o da jornada de trabalho atual\u00a0de 44 horas semanais.\u00a0Segundo&#8230;<\/p>\n","protected":false},"author":1527,"featured_media":58389,"comment_status":"closed","ping_status":"closed","sticky":false,"template":"","format":"standard","meta":{"footnotes":""},"categories":[6],"tags":[],"class_list":["post-58387","post","type-post","status-publish","format-standard","has-post-thumbnail","hentry","category-noticias"],"_links":{"self":[{"href":"https:\/\/www.sincomam.org.br\/index.php\/wp-json\/wp\/v2\/posts\/58387","targetHints":{"allow":["GET"]}}],"collection":[{"href":"https:\/\/www.sincomam.org.br\/index.php\/wp-json\/wp\/v2\/posts"}],"about":[{"href":"https:\/\/www.sincomam.org.br\/index.php\/wp-json\/wp\/v2\/types\/post"}],"author":[{"embeddable":true,"href":"https:\/\/www.sincomam.org.br\/index.php\/wp-json\/wp\/v2\/users\/1527"}],"replies":[{"embeddable":true,"href":"https:\/\/www.sincomam.org.br\/index.php\/wp-json\/wp\/v2\/comments?post=58387"}],"version-history":[{"count":1,"href":"https:\/\/www.sincomam.org.br\/index.php\/wp-json\/wp\/v2\/posts\/58387\/revisions"}],"predecessor-version":[{"id":58390,"href":"https:\/\/www.sincomam.org.br\/index.php\/wp-json\/wp\/v2\/posts\/58387\/revisions\/58390"}],"wp:featuredmedia":[{"embeddable":true,"href":"https:\/\/www.sincomam.org.br\/index.php\/wp-json\/wp\/v2\/media\/58389"}],"wp:attachment":[{"href":"https:\/\/www.sincomam.org.br\/index.php\/wp-json\/wp\/v2\/media?parent=58387"}],"wp:term":[{"taxonomy":"category","embeddable":true,"href":"https:\/\/www.sincomam.org.br\/index.php\/wp-json\/wp\/v2\/categories?post=58387"},{"taxonomy":"post_tag","embeddable":true,"href":"https:\/\/www.sincomam.org.br\/index.php\/wp-json\/wp\/v2\/tags?post=58387"}],"curies":[{"name":"wp","href":"https:\/\/api.w.org\/{rel}","templated":true}]}}