{"id":58383,"date":"2025-04-09T08:37:45","date_gmt":"2025-04-09T11:37:45","guid":{"rendered":"https:\/\/www.sincomam.org.br\/?p=58383"},"modified":"2025-04-09T08:37:45","modified_gmt":"2025-04-09T11:37:45","slug":"receita-recebe-mais-de-10-milhoes-de-declaracoes-do-ir","status":"publish","type":"post","link":"https:\/\/www.sincomam.org.br\/index.php\/receita-recebe-mais-de-10-milhoes-de-declaracoes-do-ir\/","title":{"rendered":"Receita recebe mais de 10 milh\u00f5es de declara\u00e7\u00f5es do IR"},"content":{"rendered":"<p>Em pouco mais de tr\u00eas semanas, o n\u00famero de declara\u00e7\u00f5es do Imposto de Renda Pessoa F\u00edsica (IRPF) entregues \u00e0 Receita Federal superou os 10 milh\u00f5es.\u00a0At\u00e9 as 17h desta ter\u00e7a-feira (8), 10.019.498 contribuintes enviaram o documento.\u00a0O n\u00famero equivale a 21,69% do total esperado para este ano.<img decoding=\"async\" src=\"https:\/\/agenciabrasil.ebc.com.br\/ebc.png?id=1638052&amp;o=node\" \/><img decoding=\"async\" src=\"https:\/\/agenciabrasil.ebc.com.br\/ebc.gif?id=1638052&amp;o=node\" \/><\/p>\n<p>Desde o dia 1\u00ba, quando a\u00a0declara\u00e7\u00e3o pr\u00e9-preenchida passou a ser baixada com todos os dados dispon\u00edveis, 4.649.359 contribuintes enviaram o documento. O abastecimento dos dados da declara\u00e7\u00e3o pr\u00e9-preenchida atrasou neste ano por causa da greve dos auditores fiscais da Receita.<\/p>\n<p>O prazo para entregar a declara\u00e7\u00e3o come\u00e7ou em 17 de mar\u00e7o e termina \u00e0s 23h59 do dia de 30 de maio.\u00a0O\u00a0<a href=\"https:\/\/www.gov.br\/receitafederal\/pt-br\" target=\"_blank\" rel=\"noopener\">programa gerador da declara\u00e7\u00e3o est\u00e1 dispon\u00edvel<\/a>\u00a0desde 13 de mar\u00e7o.<\/p>\n<p>A Receita Federal espera receber 46,2 milh\u00f5es de declara\u00e7\u00f5es do Imposto de Renda da Pessoa F\u00edsica este ano,\u00a0o que representar\u00e1 um acr\u00e9scimo de quase 7%, na compara\u00e7\u00e3o com 2024, quando foram entregues 43,2 milh\u00f5es de declara\u00e7\u00f5es.<\/p>\n<p>As pessoas f\u00edsicas que receberam rendimentos tribut\u00e1veis acima de R$ 33.888, assim como aquelas que obtiveram receita bruta da atividade rural acima de R$ 169.440, s\u00e3o obrigadas a declarar. As pessoas que receberam at\u00e9 dois sal\u00e1rios m\u00ednimos mensais durante 2024 est\u00e3o dispensadas de fazer a declara\u00e7\u00e3o, salvo se se enquadrarem em outro crit\u00e9rio de obrigatoriedade.<\/p>\n<p>Fonte: Ag\u00eancia Brasil<\/p>\n","protected":false},"excerpt":{"rendered":"<p>Em pouco mais de tr\u00eas semanas, o n\u00famero de declara\u00e7\u00f5es do Imposto de Renda Pessoa F\u00edsica (IRPF) entregues \u00e0 Receita Federal superou os 10 milh\u00f5es.\u00a0At\u00e9&#8230;<\/p>\n","protected":false},"author":1527,"featured_media":58385,"comment_status":"closed","ping_status":"closed","sticky":false,"template":"","format":"standard","meta":{"footnotes":""},"categories":[6],"tags":[],"class_list":["post-58383","post","type-post","status-publish","format-standard","has-post-thumbnail","hentry","category-noticias"],"_links":{"self":[{"href":"https:\/\/www.sincomam.org.br\/index.php\/wp-json\/wp\/v2\/posts\/58383","targetHints":{"allow":["GET"]}}],"collection":[{"href":"https:\/\/www.sincomam.org.br\/index.php\/wp-json\/wp\/v2\/posts"}],"about":[{"href":"https:\/\/www.sincomam.org.br\/index.php\/wp-json\/wp\/v2\/types\/post"}],"author":[{"embeddable":true,"href":"https:\/\/www.sincomam.org.br\/index.php\/wp-json\/wp\/v2\/users\/1527"}],"replies":[{"embeddable":true,"href":"https:\/\/www.sincomam.org.br\/index.php\/wp-json\/wp\/v2\/comments?post=58383"}],"version-history":[{"count":1,"href":"https:\/\/www.sincomam.org.br\/index.php\/wp-json\/wp\/v2\/posts\/58383\/revisions"}],"predecessor-version":[{"id":58386,"href":"https:\/\/www.sincomam.org.br\/index.php\/wp-json\/wp\/v2\/posts\/58383\/revisions\/58386"}],"wp:featuredmedia":[{"embeddable":true,"href":"https:\/\/www.sincomam.org.br\/index.php\/wp-json\/wp\/v2\/media\/58385"}],"wp:attachment":[{"href":"https:\/\/www.sincomam.org.br\/index.php\/wp-json\/wp\/v2\/media?parent=58383"}],"wp:term":[{"taxonomy":"category","embeddable":true,"href":"https:\/\/www.sincomam.org.br\/index.php\/wp-json\/wp\/v2\/categories?post=58383"},{"taxonomy":"post_tag","embeddable":true,"href":"https:\/\/www.sincomam.org.br\/index.php\/wp-json\/wp\/v2\/tags?post=58383"}],"curies":[{"name":"wp","href":"https:\/\/api.w.org\/{rel}","templated":true}]}}