{"id":58349,"date":"2025-04-08T10:04:29","date_gmt":"2025-04-08T13:04:29","guid":{"rendered":"https:\/\/www.sincomam.org.br\/?p=58349"},"modified":"2025-04-08T10:04:29","modified_gmt":"2025-04-08T13:04:29","slug":"declarou-o-imposto-de-renda-2025-veja-quando-comeca-a-restituicao","status":"publish","type":"post","link":"https:\/\/www.sincomam.org.br\/index.php\/declarou-o-imposto-de-renda-2025-veja-quando-comeca-a-restituicao\/","title":{"rendered":"Declarou o Imposto de Renda 2025? Veja quando come\u00e7a a restitui\u00e7\u00e3o"},"content":{"rendered":"<p>A restitui\u00e7\u00e3o do Imposto de Renda 2025 (IRPF)\u00a0come\u00e7ar\u00e1 em maio e seguir\u00e1 at\u00e9 setembro.\u00a0A\u00a0Receita Federal\u00a0ir\u00e1 fazer os pagamentos por ordem de prioridade e os contribuintes que escolheram receber o valor da restitui\u00e7\u00e3o por Pix poder\u00e3o fazer parte dos primeiros lotes.<\/p>\n<h2 class=\"\">Qual \u00e9 o cronograma da restitui\u00e7\u00e3o do IRPF 2025?<\/h2>\n<p class=\"\">A restitui\u00e7\u00e3o ser\u00e1 paga em cinco lotes.\u00a0Veja como ela ser\u00e1 distribu\u00edda:<\/p>\n<ul class=\"\">\n<li class=\"\"><strong>Primeiro lote:<\/strong>\u00a030 de maio;<\/li>\n<li class=\"\"><strong>Segundo lote:<\/strong>\u00a030 de junho;<\/li>\n<li class=\"\"><strong>Terceiro lote:<\/strong>\u00a031 de julho;<\/li>\n<li class=\"\"><strong>Quarto lote:<\/strong>\u00a029 de agosto;<\/li>\n<li class=\"\"><strong>Quinto lote:<\/strong>\u00a030 de setembro.<\/li>\n<\/ul>\n<h2 class=\"\">Quem tem prefer\u00eancia para receber a restitui\u00e7\u00e3o?<\/h2>\n<p class=\"\">Em 2025, a Receita Federal adicionou \u00e0 lista de prioridade nos pagamentos as pessoas que\u00a0escolheram o Pix como forma de recebimento do valor. A sequ\u00eancia dos grupos prefenciais da restitui\u00e7\u00e3o \u00e9 a seguinte:<\/p>\n<ul class=\"\">\n<li class=\"\">Idosos acima de 80 anos;<\/li>\n<li class=\"\">Idosos com idade entre 60 e 79 anos;<\/li>\n<li class=\"\">Indiv\u00edduos com defici\u00eancia f\u00edsica ou mental ou mol\u00e9stia grave;<\/li>\n<li class=\"\">Indiv\u00edduos com o magist\u00e9rio como maior fonte de renda;<\/li>\n<li class=\"\">Contribuintes que usaram declara\u00e7\u00e3o pr\u00e9-preenchida e escolheram receber a restitui\u00e7\u00e3o por Pix;<\/li>\n<li class=\"\">Contribuintes que usaram a declara\u00e7\u00e3o pr\u00e9-preenchida ou escolheram receber a restitui\u00e7\u00e3o por Pix.<\/li>\n<\/ul>\n<h2 class=\"\">Como escolher o Pix para receber a restitui\u00e7\u00e3o?<\/h2>\n<p class=\"\">A op\u00e7\u00e3o de receber a restitui\u00e7\u00e3o do IRPF via Pix estar\u00e1 dispon\u00edvel nas\u00a0etapas finais do processo de declara\u00e7\u00e3o.\u00a0Por isso, ao concluir o envio, seja pelo aplicativo da Receita Federal ou pelo programa do Imposto de Renda, o declarante deve estar atento para\u00a0selecionar o Pix como &#8220;Tipo de conta&#8221; na se\u00e7\u00e3o de informa\u00e7\u00f5es banc\u00e1rias.<\/p>\n<h2 class=\"\">At\u00e9 quando pode declarar o IRPF 2025?<\/h2>\n<p class=\"\">A declara\u00e7\u00e3o pode ser realizada at\u00e9\u00a030 de maio de 2025.<\/p>\n<p class=\"\">Vale destacar que,\u00a0quanto mais tarde o contribuinte fizer a declara\u00e7\u00e3o, maior ser\u00e1 o tempo de espera para receber a restitui\u00e7\u00e3o.<\/p>\n<p>Fonte: Canal Tech<\/p>\n","protected":false},"excerpt":{"rendered":"<p>A restitui\u00e7\u00e3o do Imposto de Renda 2025 (IRPF)\u00a0come\u00e7ar\u00e1 em maio e seguir\u00e1 at\u00e9 setembro.\u00a0A\u00a0Receita Federal\u00a0ir\u00e1 fazer os pagamentos por ordem de prioridade e os contribuintes&#8230;<\/p>\n","protected":false},"author":1527,"featured_media":58352,"comment_status":"closed","ping_status":"closed","sticky":false,"template":"","format":"standard","meta":{"footnotes":""},"categories":[6],"tags":[],"class_list":["post-58349","post","type-post","status-publish","format-standard","has-post-thumbnail","hentry","category-noticias"],"_links":{"self":[{"href":"https:\/\/www.sincomam.org.br\/index.php\/wp-json\/wp\/v2\/posts\/58349","targetHints":{"allow":["GET"]}}],"collection":[{"href":"https:\/\/www.sincomam.org.br\/index.php\/wp-json\/wp\/v2\/posts"}],"about":[{"href":"https:\/\/www.sincomam.org.br\/index.php\/wp-json\/wp\/v2\/types\/post"}],"author":[{"embeddable":true,"href":"https:\/\/www.sincomam.org.br\/index.php\/wp-json\/wp\/v2\/users\/1527"}],"replies":[{"embeddable":true,"href":"https:\/\/www.sincomam.org.br\/index.php\/wp-json\/wp\/v2\/comments?post=58349"}],"version-history":[{"count":1,"href":"https:\/\/www.sincomam.org.br\/index.php\/wp-json\/wp\/v2\/posts\/58349\/revisions"}],"predecessor-version":[{"id":58353,"href":"https:\/\/www.sincomam.org.br\/index.php\/wp-json\/wp\/v2\/posts\/58349\/revisions\/58353"}],"wp:featuredmedia":[{"embeddable":true,"href":"https:\/\/www.sincomam.org.br\/index.php\/wp-json\/wp\/v2\/media\/58352"}],"wp:attachment":[{"href":"https:\/\/www.sincomam.org.br\/index.php\/wp-json\/wp\/v2\/media?parent=58349"}],"wp:term":[{"taxonomy":"category","embeddable":true,"href":"https:\/\/www.sincomam.org.br\/index.php\/wp-json\/wp\/v2\/categories?post=58349"},{"taxonomy":"post_tag","embeddable":true,"href":"https:\/\/www.sincomam.org.br\/index.php\/wp-json\/wp\/v2\/tags?post=58349"}],"curies":[{"name":"wp","href":"https:\/\/api.w.org\/{rel}","templated":true}]}}