{"id":58341,"date":"2025-04-08T09:53:25","date_gmt":"2025-04-08T12:53:25","guid":{"rendered":"https:\/\/www.sincomam.org.br\/?p=58341"},"modified":"2025-04-08T09:53:25","modified_gmt":"2025-04-08T12:53:25","slug":"audiencia-publica-sobre-a-concessao-da-hidrovia-do-rio-paraguai-acontece-na-quinta-feira-10","status":"publish","type":"post","link":"https:\/\/www.sincomam.org.br\/index.php\/audiencia-publica-sobre-a-concessao-da-hidrovia-do-rio-paraguai-acontece-na-quinta-feira-10\/","title":{"rendered":"Audi\u00eancia p\u00fablica sobre a concess\u00e3o da Hidrovia do Rio Paraguai acontece na quinta-feira (10)"},"content":{"rendered":"<p dir=\"ltr\">A segunda audi\u00eancia p\u00fablica h\u00edbrida (virtual e presencial) para discutir o aprimoramento dos documentos e da modelagem proposta para a concess\u00e3o da Hidrovia do Rio Paraguai acontecer\u00e1 na quinta-feira (10), a partir das 9h.<\/p>\n<p dir=\"ltr\">A sess\u00e3o p\u00fablica, que tem como objetivo ouvir as contribui\u00e7\u00f5es da sociedade local, ser\u00e1 realizada no Centro de Conven\u00e7\u00f5es do Pantanal de Corumb\u00e1 Miguel G\u00f3mez, em Corumb\u00e1 (MS). A primeira audi\u00eancia tamb\u00e9m foi h\u00edbrida e aconteceu no dia 6 de fevereiro de 2025, na sede da ANTAQ, em Bras\u00edlia (DF).<\/p>\n<p dir=\"ltr\">O projeto de concess\u00e3o da Hidrovia do Rio Paraguai representa um marco hist\u00f3rico, pois \u00e9 a primeira concess\u00e3o de hidrovia no Brasil a ser debatida em audi\u00eancia p\u00fablica. A licita\u00e7\u00e3o visa n\u00e3o apenas aumentar a efici\u00eancia log\u00edstica, mas tamb\u00e9m reduzir as emiss\u00f5es de gases de efeito estufa.<\/p>\n<p dir=\"ltr\"><strong>Din\u00e2mica da audi\u00eancia<\/strong><\/p>\n<p dir=\"ltr\">Toda a sess\u00e3o presencial ser\u00e1 transmitida pelo\u00a0<a href=\"https:\/\/youtu.be\/-NJbVpuZmVQ\">canal da ANTAQ<\/a>\u00a0no Youtube. Para assistir a audi\u00eancia n\u00e3o \u00e9 necess\u00e1rio fazer inscri\u00e7\u00e3o, no entanto, quem pretende contribuir virtualmente pela plataforma Teams deve se inscrever pelo aplicativo de mensagens \u201cWhatsapp\u201d no n\u00famero (61) 2029-6940 das 9h00 \u00e0s 15h00 do dia 9 de abril de 2025. Por sua vez, os interessados em se manifestar presencialmente dever\u00e3o se inscrever no local do evento no dia 10 de abril de 2025, das 8h00 \u00e0s 9h30.<\/p>\n<p dir=\"ltr\">A documenta\u00e7\u00e3o completa, incluindo minutas jur\u00eddicas relativas \u00e0\u202fAudi\u00eancia P\u00fablica n\u00ba 18\/2024, est\u00e1 dispon\u00edvel\u00a0<a class=\"external-link\" title=\"\" href=\"https:\/\/www.gov.br\/antaq\/pt-br\/acesso-a-informacao\/participacao-social\/audiencias-e-consultas-publicas\/audiencias-publicas-em-andamento\" target=\"_blank\" rel=\"noopener\" data-tippreview-enabled=\"false\" data-tippreview-image=\"\" data-tippreview-title=\"\">neste link<\/a>. O prazo para as contribui\u00e7\u00f5es foi finalizado no dia 10 de mar\u00e7o de 2025.<\/p>\n<p dir=\"ltr\"><strong>Sobre a concess\u00e3o<\/strong><\/p>\n<p dir=\"ltr\">A Hidrovia do Rio Paraguai compreende o trecho entre Corumb\u00e1 (MS) e a Foz do Rio Apa, localizada no munic\u00edpio de Porto Murtinho (MS), e o leito do Canal do Tamengo, no trecho compreendido no munic\u00edpio de Corumb\u00e1. A extens\u00e3o total do projeto \u00e9 de 600 km.<\/p>\n<p dir=\"ltr\">Nos primeiros cinco anos de concess\u00e3o, ser\u00e3o realizados servi\u00e7os de dragagem, derrocagem, balizamento e sinaliza\u00e7\u00e3o adequados, constru\u00e7\u00e3o de galp\u00e3o industrial, aquisi\u00e7\u00e3o de draga, monitoramento hidrol\u00f3gico e levantamentos hidrogr\u00e1ficos, melhorias em travessias e pontos de desmembramento de comboio, implanta\u00e7\u00e3o dos sistemas de gest\u00e3o do tr\u00e1fego hidrovi\u00e1rio, incluindo Vessel Traffic Service (VTS) e River Information Service (RIS), al\u00e9m dos servi\u00e7os de intelig\u00eancia fluvial.<\/p>\n<p dir=\"ltr\">Essas melhorias v\u00e3o garantir seguran\u00e7a e confiabilidade da navega\u00e7\u00e3o. O investimento direto estimado nesses primeiros anos \u00e9 de R$ 63,8 milh\u00f5es. O prazo contratual da concess\u00e3o \u00e9 de 15 anos, com possibilidade de prorroga\u00e7\u00e3o por igual per\u00edodo.<\/p>\n<p dir=\"ltr\">Fonte: Antaq<\/p>\n","protected":false},"excerpt":{"rendered":"<p>A segunda audi\u00eancia p\u00fablica h\u00edbrida (virtual e presencial) para discutir o aprimoramento dos documentos e da modelagem proposta para a concess\u00e3o da Hidrovia do Rio&#8230;<\/p>\n","protected":false},"author":1527,"featured_media":58343,"comment_status":"closed","ping_status":"closed","sticky":false,"template":"","format":"standard","meta":{"footnotes":""},"categories":[6],"tags":[],"class_list":["post-58341","post","type-post","status-publish","format-standard","has-post-thumbnail","hentry","category-noticias"],"_links":{"self":[{"href":"https:\/\/www.sincomam.org.br\/index.php\/wp-json\/wp\/v2\/posts\/58341","targetHints":{"allow":["GET"]}}],"collection":[{"href":"https:\/\/www.sincomam.org.br\/index.php\/wp-json\/wp\/v2\/posts"}],"about":[{"href":"https:\/\/www.sincomam.org.br\/index.php\/wp-json\/wp\/v2\/types\/post"}],"author":[{"embeddable":true,"href":"https:\/\/www.sincomam.org.br\/index.php\/wp-json\/wp\/v2\/users\/1527"}],"replies":[{"embeddable":true,"href":"https:\/\/www.sincomam.org.br\/index.php\/wp-json\/wp\/v2\/comments?post=58341"}],"version-history":[{"count":1,"href":"https:\/\/www.sincomam.org.br\/index.php\/wp-json\/wp\/v2\/posts\/58341\/revisions"}],"predecessor-version":[{"id":58344,"href":"https:\/\/www.sincomam.org.br\/index.php\/wp-json\/wp\/v2\/posts\/58341\/revisions\/58344"}],"wp:featuredmedia":[{"embeddable":true,"href":"https:\/\/www.sincomam.org.br\/index.php\/wp-json\/wp\/v2\/media\/58343"}],"wp:attachment":[{"href":"https:\/\/www.sincomam.org.br\/index.php\/wp-json\/wp\/v2\/media?parent=58341"}],"wp:term":[{"taxonomy":"category","embeddable":true,"href":"https:\/\/www.sincomam.org.br\/index.php\/wp-json\/wp\/v2\/categories?post=58341"},{"taxonomy":"post_tag","embeddable":true,"href":"https:\/\/www.sincomam.org.br\/index.php\/wp-json\/wp\/v2\/tags?post=58341"}],"curies":[{"name":"wp","href":"https:\/\/api.w.org\/{rel}","templated":true}]}}