{"id":58336,"date":"2025-04-08T09:45:21","date_gmt":"2025-04-08T12:45:21","guid":{"rendered":"https:\/\/www.sincomam.org.br\/?p=58336"},"modified":"2025-04-08T09:45:34","modified_gmt":"2025-04-08T12:45:34","slug":"escola-de-guerra-naval-sediara-seminario-sobre-fundos-marinhos-e-defesa","status":"publish","type":"post","link":"https:\/\/www.sincomam.org.br\/index.php\/escola-de-guerra-naval-sediara-seminario-sobre-fundos-marinhos-e-defesa\/","title":{"rendered":"Escola de Guerra Naval sediar\u00e1 semin\u00e1rio sobre fundos marinhos e defesa"},"content":{"rendered":"<p class=\"\" data-start=\"243\" data-end=\"621\">A riqueza escondida nas profundezas do oceano estar\u00e1 em foco no semin\u00e1rio \u201cFundos Marinhos: recursos, sustentabilidade e defesa\u201d, a ser realizado na\u00a0Escola de Guerra Naval. Com presen\u00e7a de minist\u00e9rios, universidades e da Marinha do Brasil, o encontro discutir\u00e1 o futuro do Brasil azul e os desafios estrat\u00e9gicos da Amaz\u00f4nia Azul, colocando ci\u00eancia e soberania na mesma rota.<\/p>\n<h3 class=\"\" data-start=\"628\" data-end=\"696\"><strong data-start=\"632\" data-end=\"696\">Potencial mineral dos fundos marinhos e desafios cient\u00edficos<\/strong><\/h3>\n<p class=\"\" data-start=\"698\" data-end=\"1330\">O semin\u00e1rio promete trazer \u00e0 tona um dos temas mais sens\u00edveis e estrat\u00e9gicos da atualidade: o potencial dos\u00a0recursos minerais dos fundos marinhos. Composta por n\u00f3dulos polimet\u00e1licos, crostas cobalt\u00edferas e sulfetos hidrotermais, a zona oce\u00e2nica brasileira abriga uma biodiversidade complexa e um acervo mineral valioso, que pode desempenhar papel decisivo no futuro energ\u00e9tico e industrial do pa\u00eds. Os desafios para a\u00a0explora\u00e7\u00e3o sustent\u00e1vel\u00a0dessas riquezas ser\u00e3o debatidos por especialistas do Minist\u00e9rio das Minas e Energia (MME), da SeCIRM, e por pesquisadores da\u00a0UFF e UERJ, al\u00e9m de representantes da pr\u00f3pria Marinha.<\/p>\n<p class=\"\" data-start=\"1332\" data-end=\"1834\">Do ponto de vista t\u00e9cnico, a profundidade e complexidade das \u00e1reas a serem exploradas exigem o avan\u00e7o em tecnologias subaqu\u00e1ticas e metodologias de\u00a0mapeamento ambiental e geol\u00f3gico. Outro ponto cr\u00edtico a ser abordado \u00e9 o equil\u00edbrio entre\u00a0explora\u00e7\u00e3o econ\u00f4mica\u00a0e\u00a0preserva\u00e7\u00e3o ambiental, especialmente em regi\u00f5es ainda pouco estudadas. O semin\u00e1rio ser\u00e1 uma oportunidade \u00fanica para refletir sobre os limites e as possibilidades da atua\u00e7\u00e3o brasileira nesse campo emergente da geoci\u00eancia oce\u00e2nica.<\/p>\n<h3 class=\"\" data-start=\"1841\" data-end=\"1926\"><strong data-start=\"1845\" data-end=\"1926\">A Amaz\u00f4nia Azul como patrim\u00f4nio coletivo e o papel da conscientiza\u00e7\u00e3o p\u00fablica<\/strong><\/h3>\n<p class=\"\" data-start=\"1928\" data-end=\"2450\">Para al\u00e9m dos dados t\u00e9cnicos, o semin\u00e1rio tem o prop\u00f3sito de ampliar a conscientiza\u00e7\u00e3o da sociedade sobre a import\u00e2ncia dos\u00a0fundos marinhos como patrim\u00f4nio coletivo. A chamada\u00a0Amaz\u00f4nia Azul, que corresponde a mais de 5,7 milh\u00f5es de km\u00b2 de \u00e1guas jurisdicionais brasileiras, \u00e9 vital para o equil\u00edbrio ambiental, a seguran\u00e7a alimentar, a circula\u00e7\u00e3o do com\u00e9rcio e a soberania nacional. A proposta \u00e9 discutir como traduzir esse conceito para o cidad\u00e3o comum, tornando o mar parte do imagin\u00e1rio e da identidade nacional.<\/p>\n<p class=\"\" data-start=\"2452\" data-end=\"2973\">O evento tamb\u00e9m busca aproximar o debate mar\u00edtimo de setores civis, incluindo acad\u00eamicos e gestores p\u00fablicos. A presen\u00e7a do\u00a0Minist\u00e9rio do Meio Ambiente (MMA)\u00a0e de institui\u00e7\u00f5es de pesquisa permitir\u00e1 o di\u00e1logo interdisciplinar necess\u00e1rio para construir pol\u00edticas de longo prazo voltadas \u00e0\u00a0preserva\u00e7\u00e3o e uso racional dos recursos marinhos. Nesse sentido, o semin\u00e1rio ser\u00e1 aberto ao p\u00fablico externo e acontecer\u00e1 de forma\u00a0presencial, criando um espa\u00e7o de troca direta entre o poder p\u00fablico, a Defesa e a sociedade.<\/p>\n<h3 class=\"\" data-start=\"2980\" data-end=\"3056\"><strong data-start=\"2984\" data-end=\"3056\">Integra\u00e7\u00e3o entre Defesa, Meio Ambiente e Ci\u00eancia no cen\u00e1rio mar\u00edtimo<\/strong><\/h3>\n<p class=\"\" data-start=\"3058\" data-end=\"3517\">A proposta do semin\u00e1rio representa, sobretudo, a converg\u00eancia de tr\u00eas dimens\u00f5es essenciais para a prote\u00e7\u00e3o dos interesses mar\u00edtimos do\u00a0Brasil:\u00a0Defesa, Ci\u00eancia e Sustentabilidade. Ao unir o Centro de Estudos Pol\u00edtico-Estrat\u00e9gicos da Marinha (CEPE-MB), a Secretaria da Comiss\u00e3o Interministerial para os Recursos do Mar (SeCIRM) e a pr\u00f3pria\u00a0Escola de Guerra Naval, o evento refor\u00e7a o papel da Marinha como articuladora de saberes e pol\u00edticas voltadas ao mar.<\/p>\n<p class=\"\" data-start=\"3519\" data-end=\"4004\">A palestra principal ser\u00e1 proferida pelo\u00a0ex-Ministro da Defesa Raul Jungmann, figura central nos debates contempor\u00e2neos sobre seguran\u00e7a nacional e integra\u00e7\u00e3o entre civis e militares. Sua presen\u00e7a sublinha o car\u00e1ter estrat\u00e9gico do evento e a urg\u00eancia em consolidar o Brasil como pot\u00eancia mar\u00edtima sustent\u00e1vel. A escolha da\u00a0EGN como sede do semin\u00e1rio\u00a0refor\u00e7a ainda mais a voca\u00e7\u00e3o da institui\u00e7\u00e3o como f\u00f3rum permanente de reflex\u00e3o sobre os rumos do pa\u00eds no cen\u00e1rio oce\u00e2nico global.<\/p>\n<p data-start=\"3519\" data-end=\"4004\">Fonte: Defesa em Foco<\/p>\n","protected":false},"excerpt":{"rendered":"<p>A riqueza escondida nas profundezas do oceano estar\u00e1 em foco no semin\u00e1rio \u201cFundos Marinhos: recursos, sustentabilidade e defesa\u201d, a ser realizado na\u00a0Escola de Guerra Naval&#8230;.<\/p>\n","protected":false},"author":1527,"featured_media":58338,"comment_status":"closed","ping_status":"closed","sticky":false,"template":"","format":"standard","meta":{"footnotes":""},"categories":[6],"tags":[],"class_list":["post-58336","post","type-post","status-publish","format-standard","has-post-thumbnail","hentry","category-noticias"],"_links":{"self":[{"href":"https:\/\/www.sincomam.org.br\/index.php\/wp-json\/wp\/v2\/posts\/58336","targetHints":{"allow":["GET"]}}],"collection":[{"href":"https:\/\/www.sincomam.org.br\/index.php\/wp-json\/wp\/v2\/posts"}],"about":[{"href":"https:\/\/www.sincomam.org.br\/index.php\/wp-json\/wp\/v2\/types\/post"}],"author":[{"embeddable":true,"href":"https:\/\/www.sincomam.org.br\/index.php\/wp-json\/wp\/v2\/users\/1527"}],"replies":[{"embeddable":true,"href":"https:\/\/www.sincomam.org.br\/index.php\/wp-json\/wp\/v2\/comments?post=58336"}],"version-history":[{"count":2,"href":"https:\/\/www.sincomam.org.br\/index.php\/wp-json\/wp\/v2\/posts\/58336\/revisions"}],"predecessor-version":[{"id":58340,"href":"https:\/\/www.sincomam.org.br\/index.php\/wp-json\/wp\/v2\/posts\/58336\/revisions\/58340"}],"wp:featuredmedia":[{"embeddable":true,"href":"https:\/\/www.sincomam.org.br\/index.php\/wp-json\/wp\/v2\/media\/58338"}],"wp:attachment":[{"href":"https:\/\/www.sincomam.org.br\/index.php\/wp-json\/wp\/v2\/media?parent=58336"}],"wp:term":[{"taxonomy":"category","embeddable":true,"href":"https:\/\/www.sincomam.org.br\/index.php\/wp-json\/wp\/v2\/categories?post=58336"},{"taxonomy":"post_tag","embeddable":true,"href":"https:\/\/www.sincomam.org.br\/index.php\/wp-json\/wp\/v2\/tags?post=58336"}],"curies":[{"name":"wp","href":"https:\/\/api.w.org\/{rel}","templated":true}]}}