{"id":58332,"date":"2025-04-08T09:43:25","date_gmt":"2025-04-08T12:43:25","guid":{"rendered":"https:\/\/www.sincomam.org.br\/?p=58332"},"modified":"2025-04-08T09:43:25","modified_gmt":"2025-04-08T12:43:25","slug":"orgao-da-onu-confirma-santos-como-maior-porto-da-america-latina","status":"publish","type":"post","link":"https:\/\/www.sincomam.org.br\/index.php\/orgao-da-onu-confirma-santos-como-maior-porto-da-america-latina\/","title":{"rendered":"\u00d3rg\u00e3o da ONU confirma Santos como maior porto da Am\u00e9rica Latina"},"content":{"rendered":"<p>A Comiss\u00e3o Econ\u00f4mica para a Am\u00e9rica Latina e o Caribe (Cepal), \u00f3rg\u00e3o da Organiza\u00e7\u00e3o das Na\u00e7\u00f5es Unidas (ONU), publicou no dia 12 de mar\u00e7o \u00faltimo seu Informe portu\u00e1rio 2023-2024, no qual confirma o Porto de Santos como o maior da Am\u00e9rica Latina. A publica\u00e7\u00e3o toma por base os dados de movimenta\u00e7\u00e3o de cont\u00eaineres relativos a 2023.<\/p>\n<p>De acordo com a Cepal, o Porto de Santos \u00e9 o primeiro da Am\u00e9rica Latina, com a movimenta\u00e7\u00e3o de 4,3 milh\u00f5es de TEU (medida padr\u00e3o para cont\u00eaineres). O dado considera apenas o porto p\u00fablico, n\u00e3o o complexo portu\u00e1rio como um todo.<\/p>\n<p>Na lista da Cepal de maiores portos da Am\u00e9rica Latina, em segundo lugar vem Manzanillo (M\u00e9xico), com 3,7 milh\u00f5es de TEU. Em seguida, Cartagena (Col\u00f4mbia), com 3,3 milh\u00f5es; Callao (Peru), com 2,8 milh\u00f5es e Manzanillo, no Panam\u00e1, com 2,6 milh\u00f5es. Colon, tamb\u00e9m do Panam\u00e1, est\u00e1 em 13\u00ba no ranking, com 1,4 milh\u00e3o de TEU em 2023.<\/p>\n<p>Na costa leste da Am\u00e9rica do Sul, o porto que aparece em 2\u00ba na estat\u00edstica da Cepal \u00e9 Buenos Aires (12\u00ba no geral), com 1,4 milh\u00e3o de TEU). No Brasil, o 2\u00ba da lista \u00e9 Itaja\u00ed, considerando apenas os dados do terminal privado Portonave, com 1,3 milh\u00e3o de TEU.<\/p>\n<p>Para o presidente da Autoridade Portu\u00e1ria de Santos, Anderson Pomini, o Cepal vem confirmar o que o setor mundial j\u00e1 sabe h\u00e1 anos: \u201cTamb\u00e9m somos o mais importante do hemisf\u00e9rio sul, se considerarmos todos os tipos de carga. E estamos trabalhando firme para crescer ainda mais, com obras de infraestrutura; novos arrendamentos, como o Tecon Santos 10; e o aumento expressivo da Poligonal, que atrair\u00e1 investidores de todo o planeta\u201d.<\/p>\n<p>Fonte: Informativo dos Pontos<\/p>\n","protected":false},"excerpt":{"rendered":"<p>A Comiss\u00e3o Econ\u00f4mica para a Am\u00e9rica Latina e o Caribe (Cepal), \u00f3rg\u00e3o da Organiza\u00e7\u00e3o das Na\u00e7\u00f5es Unidas (ONU), publicou no dia 12 de mar\u00e7o \u00faltimo&#8230;<\/p>\n","protected":false},"author":1527,"featured_media":58334,"comment_status":"closed","ping_status":"closed","sticky":false,"template":"","format":"standard","meta":{"footnotes":""},"categories":[6],"tags":[],"class_list":["post-58332","post","type-post","status-publish","format-standard","has-post-thumbnail","hentry","category-noticias"],"_links":{"self":[{"href":"https:\/\/www.sincomam.org.br\/index.php\/wp-json\/wp\/v2\/posts\/58332","targetHints":{"allow":["GET"]}}],"collection":[{"href":"https:\/\/www.sincomam.org.br\/index.php\/wp-json\/wp\/v2\/posts"}],"about":[{"href":"https:\/\/www.sincomam.org.br\/index.php\/wp-json\/wp\/v2\/types\/post"}],"author":[{"embeddable":true,"href":"https:\/\/www.sincomam.org.br\/index.php\/wp-json\/wp\/v2\/users\/1527"}],"replies":[{"embeddable":true,"href":"https:\/\/www.sincomam.org.br\/index.php\/wp-json\/wp\/v2\/comments?post=58332"}],"version-history":[{"count":1,"href":"https:\/\/www.sincomam.org.br\/index.php\/wp-json\/wp\/v2\/posts\/58332\/revisions"}],"predecessor-version":[{"id":58335,"href":"https:\/\/www.sincomam.org.br\/index.php\/wp-json\/wp\/v2\/posts\/58332\/revisions\/58335"}],"wp:featuredmedia":[{"embeddable":true,"href":"https:\/\/www.sincomam.org.br\/index.php\/wp-json\/wp\/v2\/media\/58334"}],"wp:attachment":[{"href":"https:\/\/www.sincomam.org.br\/index.php\/wp-json\/wp\/v2\/media?parent=58332"}],"wp:term":[{"taxonomy":"category","embeddable":true,"href":"https:\/\/www.sincomam.org.br\/index.php\/wp-json\/wp\/v2\/categories?post=58332"},{"taxonomy":"post_tag","embeddable":true,"href":"https:\/\/www.sincomam.org.br\/index.php\/wp-json\/wp\/v2\/tags?post=58332"}],"curies":[{"name":"wp","href":"https:\/\/api.w.org\/{rel}","templated":true}]}}