{"id":58319,"date":"2025-04-07T09:43:25","date_gmt":"2025-04-07T12:43:25","guid":{"rendered":"https:\/\/www.sincomam.org.br\/?p=58319"},"modified":"2025-04-07T09:43:25","modified_gmt":"2025-04-07T12:43:25","slug":"marinha-do-brasil-fortalece-cooperacao-naval-com-a-marinha-da-namibia-em-nova-fase-de-treinamentos","status":"publish","type":"post","link":"https:\/\/www.sincomam.org.br\/index.php\/marinha-do-brasil-fortalece-cooperacao-naval-com-a-marinha-da-namibia-em-nova-fase-de-treinamentos\/","title":{"rendered":"Marinha do Brasil fortalece coopera\u00e7\u00e3o naval com a Marinha da Nam\u00edbia em nova fase de treinamentos"},"content":{"rendered":"<p class=\"text-align-justify\">A Miss\u00e3o de Assessoria Naval na Nam\u00edbia (MAN-Nam\u00edbia) apresentou seu portf\u00f3lio de temas e especialidades para assessorias e adestramentos ao Comandante de Opera\u00e7\u00f5es Navais em exerc\u00edcio e Subcomandante da Marinha da Nam\u00edbia, Contra-Almirante (JG) Erastus Shiyelekeni Lazarus.<\/p>\n<p class=\"text-align-justify\">A apresenta\u00e7\u00e3o incluiu, ainda, uma contextualiza\u00e7\u00e3o hist\u00f3rica sobre a cria\u00e7\u00e3o da MAN-Nam\u00edbia, um dos frutos do Acordo de Coopera\u00e7\u00e3o Naval Brasil-Nam\u00edbia, que completou 30 anos em 2024, a mais longeva e bem-sucedida parceria estrat\u00e9gico-militar do Brasil com um pa\u00eds africano.<\/p>\n<p class=\"text-align-justify\">Localizada na costa atl\u00e2ntica da \u00c1frica, a Nam\u00edbia conquistou sua independ\u00eancia em 1990. Por\u00e9m, sua principal cidade portu\u00e1ria, Walvis Bay, bem como suas ilhas oce\u00e2nicas, s\u00f3 foram reintegradas \u00e0 soberania namibiana em 28 de fevereiro de 1994. Dias depois, em 4 de mar\u00e7o, o Acordo de Coopera\u00e7\u00e3o Naval Brasil-Nam\u00edbia foi firmado, estabelecendo as bases para o apoio brasileiro, por meio da Marinha do Brasil (MB), na cria\u00e7\u00e3o e estrutura\u00e7\u00e3o da Marinha da Nam\u00edbia, tanto em termos de pessoal quanto de material, al\u00e9m do seu cont\u00ednuo desenvolvimento. Essa parceria pioneira serviu de modelo a outros pa\u00edses africanos, a exemplo de Cabo Verde e S\u00e3o Tom\u00e9 e Pr\u00edncipe, que tamb\u00e9m passaram a contar com a atua\u00e7\u00e3o da MB na estrutura\u00e7\u00e3o de suas respectivas for\u00e7as navais (saiba mais <a href=\"https:\/\/www.agencia.marinha.mil.br\/defesa-naval\/conexao-brasil-africa-saiba-como-marinha-contribui-para-o-desenvolvimento-do-atlantico\">aqui<\/a>).<\/p>\n<p class=\"text-align-justify\">Comandantes, imediatos, chefes de m\u00e1quinas e de opera\u00e7\u00f5es dos navios, al\u00e9m de integrantes do Estado-Maior do Comando de Opera\u00e7\u00f5es Navais da Marinha da Nam\u00edbia, participaram da apresenta\u00e7\u00e3o conduzida pelo Chefe da MAN-Nam\u00edbia, Capit\u00e3o de Fragata Carlos Roberto do Nascimento Junior, no sal\u00e3o de eventos da Base Naval de Walvis Bay.<\/p>\n<h5 class=\"text-align-justify\">Experi\u00eancia brasileira a servi\u00e7o da Marinha da Nam\u00edbia<\/h5>\n<p class=\"text-align-justify\">O Portf\u00f3lio apresentado no dia 2 de abril foi elaborado com base na forma\u00e7\u00e3o, capacita\u00e7\u00e3o e experi\u00eancia dos integrantes da MAN-Nam\u00edbia que atuar\u00e3o junto \u00e0 Marinha Namibiana, em Walvis Bay, no bi\u00eanio 2025-2026. Somados, os 14 militares da composi\u00e7\u00e3o atual da MAN-Nam\u00edbia acumulam mais de 16 mil dias de mar a bordo das mais diversas classes de navios da MB e nos mais variados tipos de miss\u00e3o. Como lembrou o Chefe da MAN, ao se dirigir aos militares namibianos, \u201ctoda essa experi\u00eancia est\u00e1 \u00e0 disposi\u00e7\u00e3o da Marinha da Nam\u00edbia. Certamente, a maior parte dos problemas e situa\u00e7\u00f5es que os senhores possam vir a enfrentar a bordo j\u00e1 foram vivenciados pelos militares da MAN-Nam\u00edbia, que saber\u00e3o auxili\u00e1-los na busca das melhores solu\u00e7\u00f5es.\u201d<\/p>\n<p class=\"text-align-justify\">Os temas e especialidades do portf\u00f3lio foram divididos em assessoria, treinamento operacional, consultoria t\u00e9cnica e apoio direto, abrangendo \u00e1reas como armamento, comunica\u00e7\u00f5es, opera\u00e7\u00f5es, organiza\u00e7\u00e3o, log\u00edstica, manuten\u00e7\u00e3o e m\u00e1quinas.<\/p>\n<p class=\"text-align-justify\">Ao final da apresenta\u00e7\u00e3o, o Comandante de Opera\u00e7\u00f5es Navais agradeceu a iniciativa da MAN-Nam\u00edbia e exortou os presentes a contarem com o aux\u00edlio dos militares brasileiros sempre que necess\u00e1rio. \u201cN\u00e3o hesitem em recorrer aos brasileiros para qualquer quest\u00e3o que possa contribuir para o aprestamento de suas unidades. N\u00f3s temos pouco mais de 20 anos de hist\u00f3ria, enquanto eles t\u00eam mais de 200 anos de experi\u00eancia\u201d, ressaltou o Contra-Almirante (JG) Lazarus.<\/p>\n<h5 class=\"text-align-justify\">Rumo ao mar<\/h5>\n<p class=\"text-align-justify\">A apresenta\u00e7\u00e3o do portf\u00f3lio teve como objetivo fornecer subs\u00eddios para os planos de adestramento das unidades navais da Marinha da Nam\u00edbia e levar ao conhecimento dos principais integrantes do Setor Operativo daquela For\u00e7a Naval as muitas possibilidades de treinamento e assessoria oferecidas pela MAN-Nam\u00edbia.<\/p>\n<p class=\"text-align-justify\">Na avalia\u00e7\u00e3o do Capit\u00e3o de Fragata Nascimento Junior, as mudan\u00e7as nas equipes, tanto da MAN-Nam\u00edbia quanto do Setor Operativo da Marinha Namibiana, tornam essencial a realiza\u00e7\u00e3o peri\u00f3dica desse tipo de apresenta\u00e7\u00e3o. Segundo ele, a iniciativa garante que as possibilidades de assessoria sejam plenamente conhecidas e atendidas, principalmente em um cen\u00e1rio no qual a Marinha da Nam\u00edbia tende a ser cada vez mais demandada.<\/p>\n<p class=\"text-align-justify\">O Porto de Walvis Bay vem passando por um per\u00edodo de amplia\u00e7\u00e3o, que dever\u00e1 consolid\u00e1-lo como um dos principais entrepostos de cargas e mercadorias no sul do continente africano. Al\u00e9m disso, as perspectivas de crescimento da atividade mar\u00edtima na explora\u00e7\u00e3o de recursos vivos e n\u00e3o vivos nas \u00e1reas sob jurisdi\u00e7\u00e3o da Nam\u00edbia podem indicar o in\u00edcio de uma janela de oportunidades para o pa\u00eds e sua Marinha\u201d, esclareceu o Chefe da MAN-Nam\u00edbia.<\/p>\n<p>Fonte: Ag\u00eancia Marinha de Not\u00edcias<\/p>\n","protected":false},"excerpt":{"rendered":"<p>A Miss\u00e3o de Assessoria Naval na Nam\u00edbia (MAN-Nam\u00edbia) apresentou seu portf\u00f3lio de temas e especialidades para assessorias e adestramentos ao Comandante de Opera\u00e7\u00f5es Navais em&#8230;<\/p>\n","protected":false},"author":1527,"featured_media":58321,"comment_status":"closed","ping_status":"closed","sticky":false,"template":"","format":"standard","meta":{"footnotes":""},"categories":[6],"tags":[],"class_list":["post-58319","post","type-post","status-publish","format-standard","has-post-thumbnail","hentry","category-noticias"],"_links":{"self":[{"href":"https:\/\/www.sincomam.org.br\/index.php\/wp-json\/wp\/v2\/posts\/58319","targetHints":{"allow":["GET"]}}],"collection":[{"href":"https:\/\/www.sincomam.org.br\/index.php\/wp-json\/wp\/v2\/posts"}],"about":[{"href":"https:\/\/www.sincomam.org.br\/index.php\/wp-json\/wp\/v2\/types\/post"}],"author":[{"embeddable":true,"href":"https:\/\/www.sincomam.org.br\/index.php\/wp-json\/wp\/v2\/users\/1527"}],"replies":[{"embeddable":true,"href":"https:\/\/www.sincomam.org.br\/index.php\/wp-json\/wp\/v2\/comments?post=58319"}],"version-history":[{"count":1,"href":"https:\/\/www.sincomam.org.br\/index.php\/wp-json\/wp\/v2\/posts\/58319\/revisions"}],"predecessor-version":[{"id":58322,"href":"https:\/\/www.sincomam.org.br\/index.php\/wp-json\/wp\/v2\/posts\/58319\/revisions\/58322"}],"wp:featuredmedia":[{"embeddable":true,"href":"https:\/\/www.sincomam.org.br\/index.php\/wp-json\/wp\/v2\/media\/58321"}],"wp:attachment":[{"href":"https:\/\/www.sincomam.org.br\/index.php\/wp-json\/wp\/v2\/media?parent=58319"}],"wp:term":[{"taxonomy":"category","embeddable":true,"href":"https:\/\/www.sincomam.org.br\/index.php\/wp-json\/wp\/v2\/categories?post=58319"},{"taxonomy":"post_tag","embeddable":true,"href":"https:\/\/www.sincomam.org.br\/index.php\/wp-json\/wp\/v2\/tags?post=58319"}],"curies":[{"name":"wp","href":"https:\/\/api.w.org\/{rel}","templated":true}]}}