{"id":58288,"date":"2025-04-04T08:37:11","date_gmt":"2025-04-04T11:37:11","guid":{"rendered":"https:\/\/www.sincomam.org.br\/?p=58288"},"modified":"2025-04-04T08:37:11","modified_gmt":"2025-04-04T11:37:11","slug":"inss-13o-antecipado-injetara-r-733-bi-na-economia-veja-calendario","status":"publish","type":"post","link":"https:\/\/www.sincomam.org.br\/index.php\/inss-13o-antecipado-injetara-r-733-bi-na-economia-veja-calendario\/","title":{"rendered":"INSS: 13\u00ba antecipado injetar\u00e1 R$ 73,3 bi na economia; veja calend\u00e1rio"},"content":{"rendered":"<p>A antecipa\u00e7\u00e3o do d\u00e9cimo terceiro para aposentados, pensionistas e benefici\u00e1rios de aux\u00edlios do Instituto Nacional do Seguro Social (INSS) injetar\u00e1 R$ 73,3 bilh\u00f5es na economia, divulgou nesta quinta-feira (3) o Minist\u00e9rio da Previd\u00eancia Social. O pagamento beneficiar\u00e1 34,2 milh\u00f5es de pessoas.<\/p>\n<p>A primeira parcela ser\u00e1 paga de 24 de abril a 8 de maio. A segunda parcela vai de 26 de maio a 6 de junho.\u00a0As datas s\u00e3o definidas com base no d\u00edgito final do N\u00famero de Inscri\u00e7\u00e3o Social (NIS) e com base na renda do benefici\u00e1rio. Quem ganha apenas o sal\u00e1rio m\u00ednimo come\u00e7a a receber antes de quem recebe mais que o m\u00ednimo.<\/p>\n<p>O decreto com a\u00a0antecipa\u00e7\u00e3o do d\u00e9cimo terceiro do INSS foi assinado nesta quinta\u00a0pelo presidente Luiz In\u00e1cio Lula da Silva, durante evento que apresentou o balan\u00e7o do governo at\u00e9 agora.\u00a0<img decoding=\"async\" src=\"https:\/\/agenciabrasil.ebc.com.br\/ebc.png?id=1637453&amp;o=node\" \/><img decoding=\"async\" src=\"https:\/\/agenciabrasil.ebc.com.br\/ebc.gif?id=1637453&amp;o=node\" \/><\/p>\n<p>Este ser\u00e1 o sexto ano seguido em que os segurados do INSS receber\u00e3o o d\u00e9cimo terceiro antes das datas tradicionais, em agosto e em dezembro.\u00a0Em 2020 e 2021, o pagamento ocorreu mais cedo por causa da pandemia de covid-19. Em 2022 e 2023, as parcelas foram pagas em maio e junho. No ano passado,\u00a0o pagamento ocorreu em abril e maio, como neste ano.<\/p>\n<p>O extrato com os valores e as datas de pagamento do d\u00e9cimo terceiro estar\u00e3o em breve dispon\u00edveis no aplicativo Meu INSS, dispon\u00edvel para celulares e tablets. A consulta tamb\u00e9m\u00a0<a href=\"http:\/\/gov.br\/meuinss\">pode ser feita pelo site do Instituto<\/a>.<\/p>\n<p>Quem n\u00e3o tiver acesso \u00e0 internet pode consultar a libera\u00e7\u00e3o do d\u00e9cimo terceiro pelo telefone 135. Nesse caso, \u00e9 necess\u00e1rio informar o n\u00famero do Cadastro de Pessoas F\u00edsicas (CPF) e confirmar alguns dados ao atendente antes de fazer a consulta. O atendimento telef\u00f4nico est\u00e1 dispon\u00edvel de segunda a s\u00e1bado, das 7h \u00e0s 22h.<\/p>\n<h2>Confira as datas de pagamento<br \/>\n<a href=\"https:\/\/www.sincomam.org.br\/wp-content\/uploads\/2025\/04\/13-tabela1_-_2025_v3.png\"><img fetchpriority=\"high\" decoding=\"async\" class=\"alignleft size-medium wp-image-58290\" src=\"https:\/\/www.sincomam.org.br\/wp-content\/uploads\/2025\/04\/13-tabela1_-_2025_v3-213x300.png\" alt=\"\" width=\"213\" height=\"300\" srcset=\"https:\/\/www.sincomam.org.br\/wp-content\/uploads\/2025\/04\/13-tabela1_-_2025_v3-213x300.png 213w, https:\/\/www.sincomam.org.br\/wp-content\/uploads\/2025\/04\/13-tabela1_-_2025_v3-728x1024.png 728w, https:\/\/www.sincomam.org.br\/wp-content\/uploads\/2025\/04\/13-tabela1_-_2025_v3.png 754w\" sizes=\"(max-width: 213px) 100vw, 213px\" \/><\/a><\/h2>\n<div class=\"dnd-widget-wrapper context-sem_processamento type-image\">\n<div class=\"dnd-atom-rendered\"><\/div>\n<\/div>\n<h2><\/h2>\n<h2><\/h2>\n<h2><\/h2>\n<h2><\/h2>\n<h2><\/h2>\n<h2>\nQuem recebe mais que o sal\u00e1rio m\u00ednimo:<\/h2>\n<table border=\"1\" cellspacing=\"1\" cellpadding=\"1\">\n<tbody>\n<tr>\n<td>Final do NIS<\/td>\n<td>Primeira parcela<\/td>\n<td>Segunda parcela<\/td>\n<\/tr>\n<tr>\n<td>1 e 6<\/td>\n<td>2 de maio<\/td>\n<td>2 de junho<\/td>\n<\/tr>\n<tr>\n<td>2 e 7<\/td>\n<td>5 de maio<\/td>\n<td>3 de junho<\/td>\n<\/tr>\n<tr>\n<td>3 e 8<\/td>\n<td>6 de maio<\/td>\n<td>4 de junho<\/td>\n<\/tr>\n<tr>\n<td>4 e 9<\/td>\n<td>7 de maio<\/td>\n<td>5 de junho<\/td>\n<\/tr>\n<tr>\n<td>5 e 0<\/td>\n<td>8 de maio<\/td>\n<td>6 de junho<\/td>\n<\/tr>\n<\/tbody>\n<\/table>\n<h5><\/h5>\n<h2>Perfil<\/h2>\n<p>Conforme os dados mais recentes do INSS, de fevereiro,\u00a028,68 milh\u00f5es de pessoas, cerca de 70,5% do total dos segurados do INSS, ganham at\u00e9 um sal\u00e1rio-m\u00ednimo por m\u00eas (R$ 1.518). Outros 11,98 milh\u00f5es de benefici\u00e1rios recebem acima do piso nacional.\u00a0Desse total, 10,6 mil ganham o teto da Previd\u00eancia Social, de R$ 8.157,41.<\/p>\n<p>A maioria dos aposentados e pensionistas receber\u00e1 50% do d\u00e9cimo terceiro na primeira parcela. A exce\u00e7\u00e3o \u00e9 para quem passou a receber o benef\u00edcio depois de janeiro e ter\u00e1 o valor calculado proporcionalmente.<\/p>\n<p>O Minist\u00e9rio da Previd\u00eancia esclarece que os segurados que recebem benef\u00edcio por incapacidade tempor\u00e1ria (antigo aux\u00edlio-doen\u00e7a) tamb\u00e9m t\u00eam direito a uma parcela menor do d\u00e9cimo terceiro, calculada de acordo com a dura\u00e7\u00e3o do benef\u00edcio. Por lei, os segurados que recebem benef\u00edcios assistenciais, como o Benef\u00edcio de Presta\u00e7\u00e3o Continuada (BPC) e o Renda Mensal Vital\u00edcia, n\u00e3o t\u00eam direito a d\u00e9cimo terceiro sal\u00e1rio.<\/p>\n<p>Fonte: Ag\u00eancia Brasil<\/p>\n","protected":false},"excerpt":{"rendered":"<p>A antecipa\u00e7\u00e3o do d\u00e9cimo terceiro para aposentados, pensionistas e benefici\u00e1rios de aux\u00edlios do Instituto Nacional do Seguro Social (INSS) injetar\u00e1 R$ 73,3 bilh\u00f5es na economia,&#8230;<\/p>\n","protected":false},"author":1527,"featured_media":58291,"comment_status":"closed","ping_status":"closed","sticky":false,"template":"","format":"standard","meta":{"footnotes":""},"categories":[6],"tags":[],"class_list":["post-58288","post","type-post","status-publish","format-standard","has-post-thumbnail","hentry","category-noticias"],"_links":{"self":[{"href":"https:\/\/www.sincomam.org.br\/index.php\/wp-json\/wp\/v2\/posts\/58288","targetHints":{"allow":["GET"]}}],"collection":[{"href":"https:\/\/www.sincomam.org.br\/index.php\/wp-json\/wp\/v2\/posts"}],"about":[{"href":"https:\/\/www.sincomam.org.br\/index.php\/wp-json\/wp\/v2\/types\/post"}],"author":[{"embeddable":true,"href":"https:\/\/www.sincomam.org.br\/index.php\/wp-json\/wp\/v2\/users\/1527"}],"replies":[{"embeddable":true,"href":"https:\/\/www.sincomam.org.br\/index.php\/wp-json\/wp\/v2\/comments?post=58288"}],"version-history":[{"count":1,"href":"https:\/\/www.sincomam.org.br\/index.php\/wp-json\/wp\/v2\/posts\/58288\/revisions"}],"predecessor-version":[{"id":58292,"href":"https:\/\/www.sincomam.org.br\/index.php\/wp-json\/wp\/v2\/posts\/58288\/revisions\/58292"}],"wp:featuredmedia":[{"embeddable":true,"href":"https:\/\/www.sincomam.org.br\/index.php\/wp-json\/wp\/v2\/media\/58291"}],"wp:attachment":[{"href":"https:\/\/www.sincomam.org.br\/index.php\/wp-json\/wp\/v2\/media?parent=58288"}],"wp:term":[{"taxonomy":"category","embeddable":true,"href":"https:\/\/www.sincomam.org.br\/index.php\/wp-json\/wp\/v2\/categories?post=58288"},{"taxonomy":"post_tag","embeddable":true,"href":"https:\/\/www.sincomam.org.br\/index.php\/wp-json\/wp\/v2\/tags?post=58288"}],"curies":[{"name":"wp","href":"https:\/\/api.w.org\/{rel}","templated":true}]}}