{"id":58276,"date":"2025-04-04T08:30:47","date_gmt":"2025-04-04T11:30:47","guid":{"rendered":"https:\/\/www.sincomam.org.br\/?p=58276"},"modified":"2025-04-04T08:30:47","modified_gmt":"2025-04-04T11:30:47","slug":"agenda-maritima-portuaria-e-logistica-da-regiao-sera-discutida-na-aapa-latam-peru-2025","status":"publish","type":"post","link":"https:\/\/www.sincomam.org.br\/index.php\/agenda-maritima-portuaria-e-logistica-da-regiao-sera-discutida-na-aapa-latam-peru-2025\/","title":{"rendered":"Agenda mar\u00edtima, portu\u00e1ria e log\u00edstica da regi\u00e3o ser\u00e1 discutida na AAPA LATAM PERU 2025"},"content":{"rendered":"<p>O evento mais importante do setor mar\u00edtimo e portu\u00e1rio da Am\u00e9rica Latina acontece em Lima de 24 a 27 de junho com uma agenda focada no futuro, abordando os principais desafios tecnol\u00f3gicos e ambientais que o setor enfrenta.<\/p>\n<p>A escolha do Peru como anfitri\u00e3o do evento ic\u00f4nico para a ind\u00fastria portu\u00e1ria latino-americana, a AAPA LATAM, n\u00e3o s\u00f3 destaca os passeios por dois de seus principais centros de infraestrutura, como o Porto de Callao e o vizinho novo Porto de Chancay, mas tamb\u00e9m uma incr\u00edvel agenda de confer\u00eancias que abrange desde as mais globais at\u00e9 as mais espec\u00edficas, sempre de interesse dos stakeholders do setor que estar\u00e3o presentes no evento em grande n\u00famero. O evento contar\u00e1 com expositores renomados do mais alto calibre, al\u00e9m de empreendedores emergentes do setor.<\/p>\n<p>O programa da confer\u00eancia no Hotel Westin em Lima abrange desde uma an\u00e1lise das perspectivas da economia global e seu impacto na demanda do setor mar\u00edtimo-portu\u00e1rio \u2014 um tema quente hoje, dados os novos desafios geopol\u00edticos \u2014 at\u00e9 casos de sucesso em termos de sustentabilidade e descarboniza\u00e7\u00e3o nas opera\u00e7\u00f5es portu\u00e1rias, passando pelos desafios em automa\u00e7\u00e3o e tecnologia, incluindo a redefini\u00e7\u00e3o dos portos globais e casos de expans\u00e3o dessa \u00e1rea na Am\u00e9rica Latina. As perspectivas para os principais geradores de carga e alian\u00e7as de transporte emergentes, e inova\u00e7\u00e3o e resili\u00eancia para terminais de cont\u00eaineres e gran\u00e9is, bem como os desafios enfrentados pela ind\u00fastria de cruzeiros e cidades portu\u00e1rias na era da integra\u00e7\u00e3o log\u00edstica.<\/p>\n<p>Especificamente, especialistas do setor e os principais participantes explorar\u00e3o a emocionante agenda em pain\u00e9is de destaque adaptados aos interesses dos participantes.<\/p>\n<p>Por exemplo, ao analisar a atual situa\u00e7\u00e3o econ\u00f4mica global e suas perspectivas, o painel de abertura se concentrar\u00e1 na dire\u00e7\u00e3o do com\u00e9rcio internacional, nos desafios geopol\u00edticos e seu impacto nos acordos bilaterais e multilaterais, e na nova din\u00e2mica das rotas de transporte mar\u00edtimo e portu\u00e1rio e na intralog\u00edstica. Mais adiante na pauta, sobre expans\u00e3o portu\u00e1ria na Am\u00e9rica Latina, lideran\u00e7as do setor analisar\u00e3o projetos que abordem os desafios da inova\u00e7\u00e3o tecnol\u00f3gica e da sustentabilidade diante do novo contexto global. Tamb\u00e9m haver\u00e1 um espa\u00e7o dedicado para hist\u00f3rias de sucesso relacionadas a terminais automatizados, uso de IA e outras inova\u00e7\u00f5es, permitindo que os portos permane\u00e7am competitivos diante da demanda de carga e transporte. Outro painel tamb\u00e9m explorar\u00e1 novos padr\u00f5es de necessidades log\u00edsticas dos transportadores. Tamb\u00e9m ser\u00e3o analisados \u200b\u200bos avan\u00e7os em sustentabilidade e descarboniza\u00e7\u00e3o, bem como a forma como os portos est\u00e3o se adaptando \u00e0s crescentes demandas regulat\u00f3rias e redu\u00e7\u00f5es de emiss\u00f5es, bem como o uso de eletricidade na transi\u00e7\u00e3o energ\u00e9tica nos terminais e nos processos log\u00edsticos, respondendo ao desafio de equilibrar lucratividade operacional e responsabilidade ambiental.<\/p>\n<p>Al\u00e9m disso, haver\u00e1 espa\u00e7o para an\u00e1lises de especialistas sobre alian\u00e7as globais de transporte mar\u00edtimo e seu impacto nas rotas de transporte mar\u00edtimo e portos da Am\u00e9rica Latina; bem como um espa\u00e7o de debate respons\u00e1vel sobre uma quest\u00e3o muito complexa: a resposta dos portos, terminais e seguran\u00e7a \u00e0 incurs\u00e3o das redes de narcotr\u00e1fico no com\u00e9rcio internacional.<\/p>\n<p>Al\u00e9m disso, pain\u00e9is dedicados com executivos de alto n\u00edvel analisar\u00e3o como os terminais de cont\u00eaineres e gran\u00e9is est\u00e3o respondendo aos desafios de automa\u00e7\u00e3o, digitaliza\u00e7\u00e3o e sustentabilidade, ao mesmo tempo em que abordam quest\u00f5es como seguran\u00e7a cibern\u00e9tica, rastreabilidade e congestionamento. Tamb\u00e9m como os portos podem se tornar centros inteligentes e \u00e1geis que respondam \u00e0s demandas do com\u00e9rcio internacional; com casos pr\u00e1ticos onde os portos buscam melhorar sua produtividade, reduzir custos e garantir sua relev\u00e2ncia em um com\u00e9rcio cada vez mais exigente.<\/p>\n<p>Por fim, haver\u00e1 um painel dedicado \u00e0 ind\u00fastria de cruzeiros, incluindo as novas demandas das empresas de cruzeiros e as respostas dos portos para serem eficientes e permanecerem competitivos em suas rotas; bem como um painel com uma an\u00e1lise renovada da rela\u00e7\u00e3o cidade-porto; com exemplos de inova\u00e7\u00e3o para facilitar maior integra\u00e7\u00e3o log\u00edstica, reduzir impactos ambientais negativos e incorporar tecnologia para melhor planejamento p\u00fablico-privado com impacto positivo nas comunidades da regi\u00e3o.<\/p>\n<p>Separadamente, um evento especial contar\u00e1 com a apresenta\u00e7\u00e3o dos pr\u00eamios AAPA e AAPA-CIP OAS Legacy Awards para reconhecer a excel\u00eancia e destacar iniciativas que transformam o setor mar\u00edtimo-portu\u00e1rio, especialmente aquelas que deixaram uma marca significativa na regi\u00e3o, impulsionando o crescimento do setor, a inova\u00e7\u00e3o, a sustentabilidade, o desenvolvimento do capital humano e a colabora\u00e7\u00e3o nos portos latino-americanos.<\/p>\n<p>\u00c9 assim que est\u00e1 se configurando o espa\u00e7o ideal para informa\u00e7\u00f5es em primeira m\u00e3o sobre os acontecimentos e tend\u00eancias atuais nos mercados portu\u00e1rio, mar\u00edtimo e de com\u00e9rcio internacional da regi\u00e3o. As confer\u00eancias de alto n\u00edvel, juntamente com a mostra de empresas expositoras e visitas t\u00e9cnicas a Callao e Chancay, formam um trio in\u00e9dito e not\u00e1vel que far\u00e1 da AAPA LATAM Lima um farol, atraindo centenas de visitantes, desta vez ao cora\u00e7\u00e3o das rotas mar\u00edtimas da Costa Oeste do Pac\u00edfico.<\/p>\n<p>Fonte: Informativo dos Portos<\/p>\n","protected":false},"excerpt":{"rendered":"<p>O evento mais importante do setor mar\u00edtimo e portu\u00e1rio da Am\u00e9rica Latina acontece em Lima de 24 a 27 de junho com uma agenda focada&#8230;<\/p>\n","protected":false},"author":1527,"featured_media":58278,"comment_status":"closed","ping_status":"closed","sticky":false,"template":"","format":"standard","meta":{"footnotes":""},"categories":[6],"tags":[],"class_list":["post-58276","post","type-post","status-publish","format-standard","has-post-thumbnail","hentry","category-noticias"],"_links":{"self":[{"href":"https:\/\/www.sincomam.org.br\/index.php\/wp-json\/wp\/v2\/posts\/58276","targetHints":{"allow":["GET"]}}],"collection":[{"href":"https:\/\/www.sincomam.org.br\/index.php\/wp-json\/wp\/v2\/posts"}],"about":[{"href":"https:\/\/www.sincomam.org.br\/index.php\/wp-json\/wp\/v2\/types\/post"}],"author":[{"embeddable":true,"href":"https:\/\/www.sincomam.org.br\/index.php\/wp-json\/wp\/v2\/users\/1527"}],"replies":[{"embeddable":true,"href":"https:\/\/www.sincomam.org.br\/index.php\/wp-json\/wp\/v2\/comments?post=58276"}],"version-history":[{"count":1,"href":"https:\/\/www.sincomam.org.br\/index.php\/wp-json\/wp\/v2\/posts\/58276\/revisions"}],"predecessor-version":[{"id":58279,"href":"https:\/\/www.sincomam.org.br\/index.php\/wp-json\/wp\/v2\/posts\/58276\/revisions\/58279"}],"wp:featuredmedia":[{"embeddable":true,"href":"https:\/\/www.sincomam.org.br\/index.php\/wp-json\/wp\/v2\/media\/58278"}],"wp:attachment":[{"href":"https:\/\/www.sincomam.org.br\/index.php\/wp-json\/wp\/v2\/media?parent=58276"}],"wp:term":[{"taxonomy":"category","embeddable":true,"href":"https:\/\/www.sincomam.org.br\/index.php\/wp-json\/wp\/v2\/categories?post=58276"},{"taxonomy":"post_tag","embeddable":true,"href":"https:\/\/www.sincomam.org.br\/index.php\/wp-json\/wp\/v2\/tags?post=58276"}],"curies":[{"name":"wp","href":"https:\/\/api.w.org\/{rel}","templated":true}]}}