{"id":58264,"date":"2025-04-03T10:00:11","date_gmt":"2025-04-03T13:00:11","guid":{"rendered":"https:\/\/www.sincomam.org.br\/?p=58264"},"modified":"2025-04-03T10:00:11","modified_gmt":"2025-04-03T13:00:11","slug":"a-reforma-tributaria-e-a-isencao-de-ate-r-5-mil-valem-para-o-ir-2025","status":"publish","type":"post","link":"https:\/\/www.sincomam.org.br\/index.php\/a-reforma-tributaria-e-a-isencao-de-ate-r-5-mil-valem-para-o-ir-2025\/","title":{"rendered":"A Reforma Tribut\u00e1ria e a isen\u00e7\u00e3o de at\u00e9 R$ 5 mil valem para o IR 2025?"},"content":{"rendered":"<div id=\"chunk-3332a\">\n<div class=\"mc-column content-text active-extra-styles active-capital-letter\" data-block-type=\"unstyled\" data-block-weight=\"44\" data-block-id=\"1\">\n<p>Em termos de leis tribut\u00e1rias, o per\u00edodo entre 2024 e 2025 tem sido agitado. No\u00a0ano passado, a regulamenta\u00e7\u00e3o da reforma tribut\u00e1ria foi aprovada no Congresso e sancionada por Lula. Em 2025, o governo j\u00e1 enviou para o Congresso um projeto de lei que prev\u00ea a isen\u00e7\u00e3o do Imposto de Renda para quem ganha at\u00e9 R$ 5 mil por m\u00eas.\u00a0<img decoding=\"async\" src=\"https:\/\/agenciabrasil.ebc.com.br\/ebc.png?id=1636984&amp;o=node\" \/><img decoding=\"async\" src=\"https:\/\/agenciabrasil.ebc.com.br\/ebc.gif?id=1636984&amp;o=node\" \/><\/p>\n<p>Como as duas not\u00edcias tiveram grande repercuss\u00e3o, algumas pessoas t\u00eam se perguntado se a reforma tribut\u00e1ria e a isen\u00e7\u00e3o do Imposto de Renda para quem ganha at\u00e9 R$ 5 mil est\u00e3o valendo para a declara\u00e7\u00e3o deste ano. Objetivamente, podemos afirmar que n\u00e3o. Quem fala sobre a reforma tribut\u00e1ria \u00e9 M\u00e1rcia Ferreira de Godoi, professora do curso de ci\u00eancias cont\u00e1beis da Faculdade Anhanguera:<\/p>\n<blockquote><p>&#8220;Sobre a reforma tribut\u00e1ria, ela n\u00e3o influenciar\u00e1 no Imposto de Renda. Isso porque a reforma ainda est\u00e1 em andamento e, at\u00e9 agora, apenas a primeira fase foi aprovada, que trata da cria\u00e7\u00e3o do IBS (Imposto sobre Bens e Servi\u00e7os) e da CBS (Contribui\u00e7\u00e3o sobre Bens e Servi\u00e7os). Essas mudan\u00e7as afetam apenas o consumo, n\u00e3o o Imposto de Renda. A segunda fase da reforma, que poderia alterar o Imposto de Renda para as Pessoas F\u00edsicas, ainda n\u00e3o foi aprovada&#8221;.<\/p><\/blockquote>\n<p>Entre as medidas que podem ser aprovadas nesta segunda fase est\u00e1 a prometida isen\u00e7\u00e3o para quem ganha at\u00e9 R$ 5 mil. As regras do projeto j\u00e1 est\u00e3o definidas, mas ainda v\u00e3o passar por muito debate. E de acordo com\u00a0Paulo P\u00eagas, vice-presidente de controle interno do Conselho Regional de Contabilidade do Estado do Rio de Janeiro (CRC-RJ), a novidade ainda deve demorar um pouquinho:<\/p>\n<blockquote><p>&#8220;A pessoa que tenha renda bruta de at\u00e9 R$ 5 mil n\u00e3o pagar\u00e1 mais qualquer valor de Imposto de Renda a partir de janeiro de 2026, caso o projeto seja realmente aprovado na C\u00e2mara e no Senado. Agora, isso s\u00f3 valer\u00e1 na declara\u00e7\u00e3o de 2026, que ser\u00e1 enviada \u00e0 Receita Federal entre mar\u00e7o e maio de 2027. Entre mar\u00e7o e maio do ano que vem, enviaremos a declara\u00e7\u00e3o referente a este ano, 2025. Vai demorar um pouco para que haja reflexo na hora da declara\u00e7\u00e3o do Imposto de Renda&#8221;.<\/p><\/blockquote>\n<p>Por enquanto, a faixa de isen\u00e7\u00e3o do IRPF \u00e9 para quem ganhou at\u00e9 dois sal\u00e1rios m\u00ednimos mensais em 2024. Lembrando que o prazo para declara\u00e7\u00e3o do Imposto de Renda vai at\u00e9 a \u00faltima sexta-feira de maio, dia 30.<\/p>\n<p>Fonte: Ag\u00eancia Brasil<\/p>\n<\/div>\n<\/div>\n","protected":false},"excerpt":{"rendered":"<p>Em termos de leis tribut\u00e1rias, o per\u00edodo entre 2024 e 2025 tem sido agitado. No\u00a0ano passado, a regulamenta\u00e7\u00e3o da reforma tribut\u00e1ria foi aprovada no Congresso&#8230;<\/p>\n","protected":false},"author":1527,"featured_media":58266,"comment_status":"closed","ping_status":"closed","sticky":false,"template":"","format":"standard","meta":{"footnotes":""},"categories":[1],"tags":[],"class_list":["post-58264","post","type-post","status-publish","format-standard","has-post-thumbnail","hentry","category-sem-categoria"],"_links":{"self":[{"href":"https:\/\/www.sincomam.org.br\/index.php\/wp-json\/wp\/v2\/posts\/58264","targetHints":{"allow":["GET"]}}],"collection":[{"href":"https:\/\/www.sincomam.org.br\/index.php\/wp-json\/wp\/v2\/posts"}],"about":[{"href":"https:\/\/www.sincomam.org.br\/index.php\/wp-json\/wp\/v2\/types\/post"}],"author":[{"embeddable":true,"href":"https:\/\/www.sincomam.org.br\/index.php\/wp-json\/wp\/v2\/users\/1527"}],"replies":[{"embeddable":true,"href":"https:\/\/www.sincomam.org.br\/index.php\/wp-json\/wp\/v2\/comments?post=58264"}],"version-history":[{"count":1,"href":"https:\/\/www.sincomam.org.br\/index.php\/wp-json\/wp\/v2\/posts\/58264\/revisions"}],"predecessor-version":[{"id":58267,"href":"https:\/\/www.sincomam.org.br\/index.php\/wp-json\/wp\/v2\/posts\/58264\/revisions\/58267"}],"wp:featuredmedia":[{"embeddable":true,"href":"https:\/\/www.sincomam.org.br\/index.php\/wp-json\/wp\/v2\/media\/58266"}],"wp:attachment":[{"href":"https:\/\/www.sincomam.org.br\/index.php\/wp-json\/wp\/v2\/media?parent=58264"}],"wp:term":[{"taxonomy":"category","embeddable":true,"href":"https:\/\/www.sincomam.org.br\/index.php\/wp-json\/wp\/v2\/categories?post=58264"},{"taxonomy":"post_tag","embeddable":true,"href":"https:\/\/www.sincomam.org.br\/index.php\/wp-json\/wp\/v2\/tags?post=58264"}],"curies":[{"name":"wp","href":"https:\/\/api.w.org\/{rel}","templated":true}]}}