{"id":5826,"date":"2014-06-03T08:28:52","date_gmt":"2014-06-03T11:28:52","guid":{"rendered":"http:\/\/www.sincomam.org.br\/?p=5826"},"modified":"2014-06-02T20:35:02","modified_gmt":"2014-06-02T23:35:02","slug":"nivel-do-rio-negro-continua-subindo-e-deve-ultrapassar-cheia-de-2013-na-proxima-semana","status":"publish","type":"post","link":"https:\/\/www.sincomam.org.br\/index.php\/nivel-do-rio-negro-continua-subindo-e-deve-ultrapassar-cheia-de-2013-na-proxima-semana\/","title":{"rendered":"N\u00edvel do rio Negro continua subindo e deve ultrapassar cheia de 2013 na pr\u00f3xima semana"},"content":{"rendered":"<p>Por 37 cent\u00edmetros as \u00e1guas do rio Negro n\u00e3o devem ultrapassar este ano o recorde hist\u00f3rico da cheia de 2012, que marcou 29,97 metros, conforme previs\u00e3o do Servi\u00e7o Geol\u00f3gico do Brasil (CPRM). Em 2014, o rio Negro deve atingir a cota m\u00e1xima de 29,60 metros, a partir da primeira semana do m\u00eas de junho. A marca deste ano, por\u00e9m, ultrapassar\u00e1 em 27 cent\u00edmetros o volume m\u00e1ximo do ano passado, que foi de 29,33 metros.<\/p>\n<p>Nesta sexta, o volume de \u00e1guas marcava 29,29 metros, e nos pr\u00f3ximos dias, ou at\u00e9 a primeira quinzena de junho, o n\u00edvel do rio Negro deve subir mais 31 cent\u00edmetros at\u00e9 os 29,60 metros. Conforme o diretor do CPRM, Marco Oliveira, o volume deste ano ser\u00e1 influenciado, principalmente, pela recorde na subida das \u00e1guas do Rio Madeira, no sul do Estado, que foi de 70 metros c\u00fabicos por segundo, sendo o normal 40 ou 50 metros c\u00fabicos por segundo.<\/p>\n<p>\u201cTodo ano a cheia \u00e9 diferente. Esse ano foi o fator rio Madeira, que sofreu uma cheia excepcional. Nas outras cheias a contribui\u00e7\u00e3o do Madeira era muito pouca\u201d, disse Marco Oliveira. \u201cO volume das \u00e1guas atingiu primeiro a regi\u00e3o do Baixo Amazonas (sul do Estado), causando situa\u00e7\u00e3o de emerg\u00eancia em alguns munic\u00edpios e depois atingiu Careiro e Manaus\u201d. Segundo o diretor do CPRM, a subida das \u00e1guas at\u00e9 29,60 metros tamb\u00e9m depender\u00e1 da situa\u00e7\u00e3o do rio Solim\u00f5es.<\/p>\n<p>\u201cEssa previs\u00e3o \u00e9 feita em fun\u00e7\u00e3o da r\u00e9gua do Porto de Manaus. \u00c9 uma equa\u00e7\u00e3o a partir da s\u00e9rie hist\u00f3ria de 100 anos do porto\u201d, completou Marco Ant\u00f4nio. De acordo com o CPRM, baseando-se nas medi\u00e7\u00f5es dos \u00faltimos anos, o volume m\u00e1ximo de 29,60 metros deve permanecer nesse n\u00edvel em torno de 40 a 45 dias. A vazante do rio Negro, ou seja, a descida das \u00e1guas, s\u00f3 deve acontecer ap\u00f3s o per\u00edodo de 40 a 45 dias.<\/p>\n<p>Fonte: A Cr\u00edtica (Manaus)<\/p>\n","protected":false},"excerpt":{"rendered":"<p>Por 37 cent\u00edmetros as \u00e1guas do rio Negro n\u00e3o devem ultrapassar este ano o recorde hist\u00f3rico da cheia de 2012, que marcou 29,97 metros, conforme&#8230;<\/p>\n","protected":false},"author":1182,"featured_media":5698,"comment_status":"closed","ping_status":"closed","sticky":false,"template":"","format":"standard","meta":{"footnotes":""},"categories":[6],"tags":[1307,474,80,1305,1349],"class_list":["post-5826","post","type-post","status-publish","format-standard","has-post-thumbnail","hentry","category-noticias","tag-cheia","tag-manaus","tag-porto","tag-rio-negro","tag-subida"],"_links":{"self":[{"href":"https:\/\/www.sincomam.org.br\/index.php\/wp-json\/wp\/v2\/posts\/5826","targetHints":{"allow":["GET"]}}],"collection":[{"href":"https:\/\/www.sincomam.org.br\/index.php\/wp-json\/wp\/v2\/posts"}],"about":[{"href":"https:\/\/www.sincomam.org.br\/index.php\/wp-json\/wp\/v2\/types\/post"}],"author":[{"embeddable":true,"href":"https:\/\/www.sincomam.org.br\/index.php\/wp-json\/wp\/v2\/users\/1182"}],"replies":[{"embeddable":true,"href":"https:\/\/www.sincomam.org.br\/index.php\/wp-json\/wp\/v2\/comments?post=5826"}],"version-history":[{"count":1,"href":"https:\/\/www.sincomam.org.br\/index.php\/wp-json\/wp\/v2\/posts\/5826\/revisions"}],"predecessor-version":[{"id":5827,"href":"https:\/\/www.sincomam.org.br\/index.php\/wp-json\/wp\/v2\/posts\/5826\/revisions\/5827"}],"wp:featuredmedia":[{"embeddable":true,"href":"https:\/\/www.sincomam.org.br\/index.php\/wp-json\/wp\/v2\/media\/5698"}],"wp:attachment":[{"href":"https:\/\/www.sincomam.org.br\/index.php\/wp-json\/wp\/v2\/media?parent=5826"}],"wp:term":[{"taxonomy":"category","embeddable":true,"href":"https:\/\/www.sincomam.org.br\/index.php\/wp-json\/wp\/v2\/categories?post=5826"},{"taxonomy":"post_tag","embeddable":true,"href":"https:\/\/www.sincomam.org.br\/index.php\/wp-json\/wp\/v2\/tags?post=5826"}],"curies":[{"name":"wp","href":"https:\/\/api.w.org\/{rel}","templated":true}]}}