{"id":58248,"date":"2025-04-03T09:34:07","date_gmt":"2025-04-03T12:34:07","guid":{"rendered":"https:\/\/www.sincomam.org.br\/?p=58248"},"modified":"2025-04-03T09:34:07","modified_gmt":"2025-04-03T12:34:07","slug":"setor-naval-de-manaus-cresce-741-e-se-torna-eixo-logistico-do-agronegocio-brasileiro","status":"publish","type":"post","link":"https:\/\/www.sincomam.org.br\/index.php\/setor-naval-de-manaus-cresce-741-e-se-torna-eixo-logistico-do-agronegocio-brasileiro\/","title":{"rendered":"Setor naval de Manaus cresce 741% e se torna eixo log\u00edstico do agroneg\u00f3cio brasileiro"},"content":{"rendered":"<p class=\"\" data-start=\"0\" data-end=\"514\">O setor naval da Zona Franca de Manaus registrou um crescimento de 741% no faturamento em janeiro de 2025 em compara\u00e7\u00e3o com dezembro, segundo dados do Painel Econ\u00f4mico do Amazonas. Em rela\u00e7\u00e3o a janeiro de 2024, o avan\u00e7o foi de 405%, consolidando o segmento como um dos mais din\u00e2micos da ind\u00fastria local. O desempenho \u00e9 impulsionado pela demanda do agroneg\u00f3cio do Centro-Oeste, especialmente pela safra recorde de soja estimada em 164,4 milh\u00f5es de toneladas, parte da qual \u00e9 escoada por balsas produzidas em Manaus.<\/p>\n<p class=\"\" data-start=\"516\" data-end=\"896\">Com 14 estaleiros ativos e mais de 2,7 mil empregos gerados, o polo naval manauara lidera nacionalmente a produ\u00e7\u00e3o de embarca\u00e7\u00f5es para navega\u00e7\u00e3o interior, como balsas, empurradores e barcos de alum\u00ednio. Essas embarca\u00e7\u00f5es abastecem grandes armadores e portos log\u00edsticos da Amaz\u00f4nia, como Super Terminais e Chibat\u00e3o, al\u00e9m de atender a empresas internacionais como Alian\u00e7a e CMA-CGM.<\/p>\n<p class=\"\" data-start=\"898\" data-end=\"1263\">A sazonalidade da produ\u00e7\u00e3o agr\u00edcola exige agilidade na entrega das embarca\u00e7\u00f5es, que precisam estar prontas no in\u00edcio do ano. Essa din\u00e2mica explica o pico de faturamento registrado em janeiro. Al\u00e9m disso, o setor tem papel relevante na inclus\u00e3o produtiva, ao empregar trabalhadores sem forma\u00e7\u00e3o t\u00e9cnica e promover sua capacita\u00e7\u00e3o em soldagem naval por meio do Senai.<\/p>\n<p class=\"\" data-start=\"1265\" data-end=\"1606\">A seca hist\u00f3rica dos \u00faltimos anos tamb\u00e9m acelerou a demanda por embarca\u00e7\u00f5es de menor calado, adaptadas \u00e0s condi\u00e7\u00f5es dos rios amaz\u00f4nicos em per\u00edodos de estiagem. O setor responde com solu\u00e7\u00f5es log\u00edsticas que refor\u00e7am a integra\u00e7\u00e3o entre a regi\u00e3o Norte e o agroneg\u00f3cio nacional, assumindo protagonismo na retomada industrial da Amaz\u00f4nia em 2025.<\/p>\n<p data-start=\"1265\" data-end=\"1606\">Fonte: Portos e Navios<\/p>\n","protected":false},"excerpt":{"rendered":"<p>O setor naval da Zona Franca de Manaus registrou um crescimento de 741% no faturamento em janeiro de 2025 em compara\u00e7\u00e3o com dezembro, segundo dados&#8230;<\/p>\n","protected":false},"author":1527,"featured_media":58250,"comment_status":"closed","ping_status":"closed","sticky":false,"template":"","format":"standard","meta":{"footnotes":""},"categories":[6],"tags":[],"class_list":["post-58248","post","type-post","status-publish","format-standard","has-post-thumbnail","hentry","category-noticias"],"_links":{"self":[{"href":"https:\/\/www.sincomam.org.br\/index.php\/wp-json\/wp\/v2\/posts\/58248","targetHints":{"allow":["GET"]}}],"collection":[{"href":"https:\/\/www.sincomam.org.br\/index.php\/wp-json\/wp\/v2\/posts"}],"about":[{"href":"https:\/\/www.sincomam.org.br\/index.php\/wp-json\/wp\/v2\/types\/post"}],"author":[{"embeddable":true,"href":"https:\/\/www.sincomam.org.br\/index.php\/wp-json\/wp\/v2\/users\/1527"}],"replies":[{"embeddable":true,"href":"https:\/\/www.sincomam.org.br\/index.php\/wp-json\/wp\/v2\/comments?post=58248"}],"version-history":[{"count":1,"href":"https:\/\/www.sincomam.org.br\/index.php\/wp-json\/wp\/v2\/posts\/58248\/revisions"}],"predecessor-version":[{"id":58251,"href":"https:\/\/www.sincomam.org.br\/index.php\/wp-json\/wp\/v2\/posts\/58248\/revisions\/58251"}],"wp:featuredmedia":[{"embeddable":true,"href":"https:\/\/www.sincomam.org.br\/index.php\/wp-json\/wp\/v2\/media\/58250"}],"wp:attachment":[{"href":"https:\/\/www.sincomam.org.br\/index.php\/wp-json\/wp\/v2\/media?parent=58248"}],"wp:term":[{"taxonomy":"category","embeddable":true,"href":"https:\/\/www.sincomam.org.br\/index.php\/wp-json\/wp\/v2\/categories?post=58248"},{"taxonomy":"post_tag","embeddable":true,"href":"https:\/\/www.sincomam.org.br\/index.php\/wp-json\/wp\/v2\/tags?post=58248"}],"curies":[{"name":"wp","href":"https:\/\/api.w.org\/{rel}","templated":true}]}}