{"id":5823,"date":"2014-06-03T08:22:44","date_gmt":"2014-06-03T11:22:44","guid":{"rendered":"http:\/\/www.sincomam.org.br\/?p=5823"},"modified":"2014-06-02T20:28:41","modified_gmt":"2014-06-02T23:28:41","slug":"codern-aprova-indicacao-do-novo-diretor-presidente","status":"publish","type":"post","link":"https:\/\/www.sincomam.org.br\/index.php\/codern-aprova-indicacao-do-novo-diretor-presidente\/","title":{"rendered":"Codern aprova indica\u00e7\u00e3o do novo diretor-presidente"},"content":{"rendered":"<p>O Conselho de Administra\u00e7\u00e3o da Companhia Docas do Rio Grande do Norte (Codern) nomeou nesta \u00faltima sexta-feira, 30 de abril, o novo diretor-presidente da empresa, Emerson Fernandes Daniel Junior, que assumir\u00e1 o cargo no lugar de Pedro Terceiro de Melo. A CODERN administra os portos de Natal e Macei\u00f3, al\u00e9m do Terminal Salineiro de Areia Branca.<\/p>\n<p>Engenheiro civil, de seguran\u00e7a do trabalho, sanitarista e de portos, Emerson Fernandes Junior \u00e9 servidor do quadro da Autoridade Portu\u00e1ria de Natal e j\u00e1 exerceu a presid\u00eancia da empresa entre dezembro de 2007 e janeiro de 2012.<\/p>\n<p>Era diretor-geral do Departamento Nacional de Obras Contra as Secas (DNOCS) desde abril de 2012. Com experi\u00eancia nos processos de gest\u00e3o interna CODERN, foi coordenador de Opera\u00e7\u00f5es da companhia (1992 a 1996), assessor da Diretoria T\u00e9cnica (1996 a 2002) e gerente de Infraestrutura e Suporte Operacional (2003 a 2007).<\/p>\n<p>Foi membro do Comit\u00ea de Meio Ambiente da Associa\u00e7\u00e3o Brasileira de Entidades Portu\u00e1rias e Hidrovi\u00e1rias (ABEPH), do Comit\u00ea de Gest\u00e3o Portu\u00e1ria da ABEPH e do Comit\u00ea T\u00e9cnico do Sistema Portu\u00e1rio Brasileiro (Cooperaportos).<\/p>\n<p>Tamb\u00e9m foi representante da Codern\u00a0 na Comiss\u00e3o Estadual de Seguran\u00e7a P\u00fablica nos Portos, Terminais e Vias Naveg\u00e1veis (Cesportos\/RN) e membro do Conselho da Autoridade Portu\u00e1ria (CAP) dos portos de Natal e Areia Branca.<\/p>\n<p>Fonte: SEP<\/p>\n","protected":false},"excerpt":{"rendered":"<p>O Conselho de Administra\u00e7\u00e3o da Companhia Docas do Rio Grande do Norte (Codern) nomeou nesta \u00faltima sexta-feira, 30 de abril, o novo diretor-presidente da empresa,&#8230;<\/p>\n","protected":false},"author":1182,"featured_media":5824,"comment_status":"closed","ping_status":"closed","sticky":false,"template":"","format":"standard","meta":{"footnotes":""},"categories":[6],"tags":[1043,1348,314],"class_list":["post-5823","post","type-post","status-publish","format-standard","has-post-thumbnail","hentry","category-noticias","tag-codern","tag-eleicao","tag-presidente"],"_links":{"self":[{"href":"https:\/\/www.sincomam.org.br\/index.php\/wp-json\/wp\/v2\/posts\/5823","targetHints":{"allow":["GET"]}}],"collection":[{"href":"https:\/\/www.sincomam.org.br\/index.php\/wp-json\/wp\/v2\/posts"}],"about":[{"href":"https:\/\/www.sincomam.org.br\/index.php\/wp-json\/wp\/v2\/types\/post"}],"author":[{"embeddable":true,"href":"https:\/\/www.sincomam.org.br\/index.php\/wp-json\/wp\/v2\/users\/1182"}],"replies":[{"embeddable":true,"href":"https:\/\/www.sincomam.org.br\/index.php\/wp-json\/wp\/v2\/comments?post=5823"}],"version-history":[{"count":1,"href":"https:\/\/www.sincomam.org.br\/index.php\/wp-json\/wp\/v2\/posts\/5823\/revisions"}],"predecessor-version":[{"id":5825,"href":"https:\/\/www.sincomam.org.br\/index.php\/wp-json\/wp\/v2\/posts\/5823\/revisions\/5825"}],"wp:featuredmedia":[{"embeddable":true,"href":"https:\/\/www.sincomam.org.br\/index.php\/wp-json\/wp\/v2\/media\/5824"}],"wp:attachment":[{"href":"https:\/\/www.sincomam.org.br\/index.php\/wp-json\/wp\/v2\/media?parent=5823"}],"wp:term":[{"taxonomy":"category","embeddable":true,"href":"https:\/\/www.sincomam.org.br\/index.php\/wp-json\/wp\/v2\/categories?post=5823"},{"taxonomy":"post_tag","embeddable":true,"href":"https:\/\/www.sincomam.org.br\/index.php\/wp-json\/wp\/v2\/tags?post=5823"}],"curies":[{"name":"wp","href":"https:\/\/api.w.org\/{rel}","templated":true}]}}