{"id":58225,"date":"2025-04-02T10:34:54","date_gmt":"2025-04-02T13:34:54","guid":{"rendered":"https:\/\/www.sincomam.org.br\/?p=58225"},"modified":"2025-04-02T10:34:54","modified_gmt":"2025-04-02T13:34:54","slug":"audiencia-no-stf-decide-que-estudo-ira-definir-criterios-tecnicos-para-investimentos-no-aeroporto-de-navegantes","status":"publish","type":"post","link":"https:\/\/www.sincomam.org.br\/index.php\/audiencia-no-stf-decide-que-estudo-ira-definir-criterios-tecnicos-para-investimentos-no-aeroporto-de-navegantes\/","title":{"rendered":"Audi\u00eancia no STF decide que estudo ir\u00e1 definir crit\u00e9rios t\u00e9cnicos para investimentos no Aeroporto de Navegantes"},"content":{"rendered":"<p>Estado, Uni\u00e3o e munic\u00edpio de Navegantes deram um grande passo para buscar uma solu\u00e7\u00e3o para o futuro do Aeroporto de Navegantes e a reivindica\u00e7\u00e3o da constru\u00e7\u00e3o de uma segunda pista. Em nova audi\u00eancia de concilia\u00e7\u00e3o realizada no Supremo Tribunal Federal (STF) ficou acordado que ser\u00e1 contratado um estudo para definir os crit\u00e9rios que ser\u00e3o utilizados no Programa de Melhoria de Infraestrutura (PMI), proposta que a concession\u00e1ria deve apresentar periodicamente relatando as condi\u00e7\u00f5es atuais do aeroporto e investimentos necess\u00e1rios para o futuro.<\/p>\n<p>\u201cDesde o in\u00edcio de 2023 estamos comprometidos com essa demanda da regi\u00e3o, que \u00e9 a constru\u00e7\u00e3o de uma nova pista para permitir a amplia\u00e7\u00e3o das opera\u00e7\u00f5es do aeroporto. Esse \u00e9 mais um passo importante para a segunda pista. E o Governo do Estado seguir\u00e1 acompanhando at\u00e9 conseguirmos concretizar essa importante obra de infraestrutura para o nosso Litoral Norte\u201d, disse o governador Jorginho Mello.<\/p>\n<p>\u2018\u2019Esta decis\u00e3o \u00e9 muito importante pois at\u00e9 agora sentimos a falta de crit\u00e9rios t\u00e9cnicos para estabelecer aquilo que Santa Catarina vem reivindicando. Os crit\u00e9rios ser\u00e3o revistos e reavaliados. O contrato atual da concess\u00e3o n\u00e3o tem essa clareza e este estudo poder\u00e1 apontar os gatilhos necess\u00e1rios para a amplia\u00e7\u00e3o do aeroporto\u2019\u2019, relata o secret\u00e1rio de Portos, Aeroportos e Ferrovias (SPAF), Beto Martins.<\/p>\n<p>Conforme ficou acordado na audi\u00eancia realizada em Bras\u00edlia nesta segunda-feira, 31\/3, os \u00f3rg\u00e3os federais, estadual e municipal envolvidos ter\u00e3o 90 dias para apontar quais crit\u00e9rios dever\u00e3o integrar o estudo, tais como demanda de cargas, passageiros, impacto na opera\u00e7\u00e3o do complexo portu\u00e1rio, entre outras.<\/p>\n<p>\u2018\u2019Vamos deixar de crit\u00e9rios pol\u00edticos e agora vamos ter crit\u00e9rios t\u00e9cnicos. Isso \u00e9 muito importante para a defini\u00e7\u00e3o sobre a segunda pista e para que possamos resolver as indeniza\u00e7\u00f5es que est\u00e3o pendentes h\u00e1 d\u00e9cadas no munic\u00edpio\u2019\u2019, acrescenta o prefeito de Navegantes Liba Fronza.<\/p>\n<p>Participaram tamb\u00e9m da audi\u00eancia o procurador geral de SC (PGE-SC), M\u00e1rcio Vicari, e a secret\u00e1ria de Articula\u00e7\u00e3o Nacional (SAN), V\u00e2nia Franco.<\/p>\n<p>Fonte: Informativo dos Portos<\/p>\n","protected":false},"excerpt":{"rendered":"<p>Estado, Uni\u00e3o e munic\u00edpio de Navegantes deram um grande passo para buscar uma solu\u00e7\u00e3o para o futuro do Aeroporto de Navegantes e a reivindica\u00e7\u00e3o da&#8230;<\/p>\n","protected":false},"author":1527,"featured_media":58227,"comment_status":"closed","ping_status":"closed","sticky":false,"template":"","format":"standard","meta":{"footnotes":""},"categories":[6],"tags":[],"class_list":["post-58225","post","type-post","status-publish","format-standard","has-post-thumbnail","hentry","category-noticias"],"_links":{"self":[{"href":"https:\/\/www.sincomam.org.br\/index.php\/wp-json\/wp\/v2\/posts\/58225","targetHints":{"allow":["GET"]}}],"collection":[{"href":"https:\/\/www.sincomam.org.br\/index.php\/wp-json\/wp\/v2\/posts"}],"about":[{"href":"https:\/\/www.sincomam.org.br\/index.php\/wp-json\/wp\/v2\/types\/post"}],"author":[{"embeddable":true,"href":"https:\/\/www.sincomam.org.br\/index.php\/wp-json\/wp\/v2\/users\/1527"}],"replies":[{"embeddable":true,"href":"https:\/\/www.sincomam.org.br\/index.php\/wp-json\/wp\/v2\/comments?post=58225"}],"version-history":[{"count":1,"href":"https:\/\/www.sincomam.org.br\/index.php\/wp-json\/wp\/v2\/posts\/58225\/revisions"}],"predecessor-version":[{"id":58228,"href":"https:\/\/www.sincomam.org.br\/index.php\/wp-json\/wp\/v2\/posts\/58225\/revisions\/58228"}],"wp:featuredmedia":[{"embeddable":true,"href":"https:\/\/www.sincomam.org.br\/index.php\/wp-json\/wp\/v2\/media\/58227"}],"wp:attachment":[{"href":"https:\/\/www.sincomam.org.br\/index.php\/wp-json\/wp\/v2\/media?parent=58225"}],"wp:term":[{"taxonomy":"category","embeddable":true,"href":"https:\/\/www.sincomam.org.br\/index.php\/wp-json\/wp\/v2\/categories?post=58225"},{"taxonomy":"post_tag","embeddable":true,"href":"https:\/\/www.sincomam.org.br\/index.php\/wp-json\/wp\/v2\/tags?post=58225"}],"curies":[{"name":"wp","href":"https:\/\/api.w.org\/{rel}","templated":true}]}}