{"id":5821,"date":"2014-06-03T08:10:49","date_gmt":"2014-06-03T11:10:49","guid":{"rendered":"http:\/\/www.sincomam.org.br\/?p=5821"},"modified":"2014-06-02T21:24:47","modified_gmt":"2014-06-03T00:24:47","slug":"graca-foster-evita-falar-sobre-declaracoes-de-ex-diretor","status":"publish","type":"post","link":"https:\/\/www.sincomam.org.br\/index.php\/graca-foster-evita-falar-sobre-declaracoes-de-ex-diretor\/","title":{"rendered":"Gra\u00e7a Foster: Investimento de US$ 102 bi no pr\u00e9-sal at\u00e9 2018 est\u00e1 contratado"},"content":{"rendered":"<p>At\u00e9 2018, a Petrobras ter\u00e1 investido US$ 102 bilh\u00f5es no pr\u00e9-sal, indicou a presidente da estatal, Gra\u00e7a Foster. Ela afirmou que esse montante j\u00e1 est\u00e1 contratado. &#8220;J\u00e1 assinamos contratos com as empresas&#8221;, disse durante semin\u00e1rio de energia promovido pela Funda\u00e7\u00e3o Getulio Vargas (FGV), no Rio de Janeiro.<\/p>\n<p>Segundo ela, at\u00e9 2013, a companhia j\u00e1 acumulou investimentos realizados de US$ 20 bilh\u00f5es em explora\u00e7\u00e3o e produ\u00e7\u00e3o de petr\u00f3leo e g\u00e1s natural no pr\u00e9-sal. Gra\u00e7a reafirmou ainda que a empresa deve alcan\u00e7ar a produ\u00e7\u00e3o de 4,2 milh\u00f5es de barris\/dia em 2020.<\/p>\n<p>A dirigente da estatal de petr\u00f3leo n\u00e3o quis comentar as declara\u00e7\u00f5es dadas pelo ex-diretor da Petrobras Paulo Roberto Costa, em entrevista exclusiva \u00e0 Folha de S.Paulo de domingo.<\/p>\n<p>Segundo o ex-executivo, que dirigiu a \u00e1rea de abastecimento da empresa entre 2004 e 2012, o custo da refinaria Abreu e Lima, em Pernambuco, foi calculado utilizando-se uma &#8220;conta de padeiro&#8221;: estimou-se o custo de uma refinaria no M\u00e9xico, na \u00e9poca entre US$ 15 mil e US$ 20 mil, e multiplicou-se pela capacidade pretendida para o projeto brasileiro, sem considerar particularidades do mercado e da log\u00edstica locais.<\/p>\n<p>Quando apresentado, o projeto apontava investimento de US$ 2,5 bilh\u00f5es. Hoje, a previs\u00e3o \u00e9 de US$ 18,5 bilh\u00f5es.<\/p>\n<p>&#8220;N\u00e3o \u00e9 que eu n\u00e3o queira falar. Eu n\u00e3o posso falar&#8221;, disse Gra\u00e7a, ao ser abordada por jornalistas na sa\u00edda do evento.<\/p>\n<p>Fonte: Valor e FolhaPress<\/p>\n","protected":false},"excerpt":{"rendered":"<p>At\u00e9 2018, a Petrobras ter\u00e1 investido US$ 102 bilh\u00f5es no pr\u00e9-sal, indicou a presidente da estatal, Gra\u00e7a Foster. Ela afirmou que esse montante j\u00e1 est\u00e1&#8230;<\/p>\n","protected":false},"author":1182,"featured_media":5224,"comment_status":"closed","ping_status":"closed","sticky":false,"template":"","format":"standard","meta":{"footnotes":""},"categories":[6],"tags":[958,891,384,58,314,1347],"class_list":["post-5821","post","type-post","status-publish","format-standard","has-post-thumbnail","hentry","category-noticias","tag-depoimento","tag-ex-diretor","tag-graca-foster","tag-petrobras","tag-presidente","tag-recusou"],"_links":{"self":[{"href":"https:\/\/www.sincomam.org.br\/index.php\/wp-json\/wp\/v2\/posts\/5821","targetHints":{"allow":["GET"]}}],"collection":[{"href":"https:\/\/www.sincomam.org.br\/index.php\/wp-json\/wp\/v2\/posts"}],"about":[{"href":"https:\/\/www.sincomam.org.br\/index.php\/wp-json\/wp\/v2\/types\/post"}],"author":[{"embeddable":true,"href":"https:\/\/www.sincomam.org.br\/index.php\/wp-json\/wp\/v2\/users\/1182"}],"replies":[{"embeddable":true,"href":"https:\/\/www.sincomam.org.br\/index.php\/wp-json\/wp\/v2\/comments?post=5821"}],"version-history":[{"count":3,"href":"https:\/\/www.sincomam.org.br\/index.php\/wp-json\/wp\/v2\/posts\/5821\/revisions"}],"predecessor-version":[{"id":5830,"href":"https:\/\/www.sincomam.org.br\/index.php\/wp-json\/wp\/v2\/posts\/5821\/revisions\/5830"}],"wp:featuredmedia":[{"embeddable":true,"href":"https:\/\/www.sincomam.org.br\/index.php\/wp-json\/wp\/v2\/media\/5224"}],"wp:attachment":[{"href":"https:\/\/www.sincomam.org.br\/index.php\/wp-json\/wp\/v2\/media?parent=5821"}],"wp:term":[{"taxonomy":"category","embeddable":true,"href":"https:\/\/www.sincomam.org.br\/index.php\/wp-json\/wp\/v2\/categories?post=5821"},{"taxonomy":"post_tag","embeddable":true,"href":"https:\/\/www.sincomam.org.br\/index.php\/wp-json\/wp\/v2\/tags?post=5821"}],"curies":[{"name":"wp","href":"https:\/\/api.w.org\/{rel}","templated":true}]}}