{"id":58197,"date":"2025-04-01T09:15:48","date_gmt":"2025-04-01T12:15:48","guid":{"rendered":"https:\/\/www.sincomam.org.br\/?p=58197"},"modified":"2025-04-01T09:15:48","modified_gmt":"2025-04-01T12:15:48","slug":"declaracao-pre-preenchida-completa-do-ir-esta-disponivel","status":"publish","type":"post","link":"https:\/\/www.sincomam.org.br\/index.php\/declaracao-pre-preenchida-completa-do-ir-esta-disponivel\/","title":{"rendered":"Declara\u00e7\u00e3o pr\u00e9-preenchida completa do IR est\u00e1 dispon\u00edvel"},"content":{"rendered":"<p>Ap\u00f3s duas semanas com informa\u00e7\u00f5es parciais,\u00a0a declara\u00e7\u00e3o pr\u00e9-preenchida do\u00a0Imposto de Renda Pessoa F\u00edsica (IRPF)\u00a0est\u00e1 dispon\u00edvel com dados completos a partir desta ter\u00e7a-feira (1\u00ba). O atraso ocorreu por causa da greve dos auditores-fiscais da Receita Federal.<img decoding=\"async\" src=\"https:\/\/agenciabrasil.ebc.com.br\/ebc.png?id=1636959&amp;o=node\" \/><img decoding=\"async\" src=\"https:\/\/agenciabrasil.ebc.com.br\/ebc.gif?id=1636959&amp;o=node\" \/><\/p>\n<p>Tamb\u00e9m a partir desta ter\u00e7a,\u00a0est\u00e1 dispon\u00edvel a declara\u00e7\u00e3o pelo celular e pelo Centro Virtual de Atendimento ao Contribuinte (e-CAC). Alternativas ao programa gerador do Imposto de Renda, os dois recursos de preenchimento tamb\u00e9m atrasaram por causa da greve.<\/p>\n<p>Al\u00e9m de acelerar o preenchimento da Declara\u00e7\u00e3o do Imposto de Renda,\u00a0a vers\u00e3o pr\u00e9-preenchida d\u00e1 prioridade no recebimento da restitui\u00e7\u00e3o.<\/p>\n<p>Com todos os dados dispon\u00edveis, os contribuintes ter\u00e3o acesso autom\u00e1tico \u00e0s seguintes informa\u00e7\u00f5es:<\/p>\n<p>\u2022 \u00a0 \u00a0Declara\u00e7\u00e3o do Imposto sobre a Renda Retido na Fonte (Dirf);<\/p>\n<p>\u2022 \u00a0 \u00a0Declara\u00e7\u00e3o de Informa\u00e7\u00f5es sobre Atividades Imobili\u00e1rias (Dimob);<\/p>\n<p>\u2022 \u00a0 \u00a0Declara\u00e7\u00e3o de Servi\u00e7os M\u00e9dicos e de Sa\u00fade (Dmed);<\/p>\n<p>\u2022 \u00a0 \u00a0Carn\u00ea-Le\u00e3o Web.<\/p>\n<p>\u2022 \u00a0 \u00a0rendimentos isentos decorrentes de mol\u00e9stia grave;<\/p>\n<p>\u2022 \u00a0 \u00a0c\u00f3digos de juros;<\/p>\n<p>\u2022 \u00a0 \u00a0restitui\u00e7\u00f5es recebidas no ano-calend\u00e1rio.<\/p>\n<p>\u2022 \u00a0 \u00a0saldos banc\u00e1rios;<\/p>\n<p>\u2022 \u00a0 \u00a0investimentos;<\/p>\n<p>\u2022 \u00a0 \u00a0im\u00f3veis adquiridos;<\/p>\n<p>\u2022 \u00a0 \u00a0doa\u00e7\u00f5es realizadas no ano-calend\u00e1rio;<\/p>\n<p>\u2022 \u00a0 \u00a0criptoativos<\/p>\n<p>\u2022 \u00a0 \u00a0contas banc\u00e1rias e ativos no exterior;<\/p>\n<p>\u2022 \u00a0 \u00a0contribui\u00e7\u00f5es para a previd\u00eancia privada.<\/p>\n<p>Na etapa inicial de entrega da Declara\u00e7\u00e3o do Imposto de Renda Pessoa F\u00edsica 2025, a Receita fornecia a declara\u00e7\u00e3o pr\u00e9-preenchida apenas com os dados da Dirf, da Dimob, da Dimed e do Carn\u00ea-Le\u00e3o Web. Outros dados foram acrescentados nos \u00faltimos dias, mas a declara\u00e7\u00e3o pr\u00e9-preenchida ainda n\u00e3o estava completa.<\/p>\n<h2>Declara\u00e7\u00e3o por celular<\/h2>\n<p>A\u00a0declara\u00e7\u00e3o pelo celular e feita por meio do aplicativo do Meu Imposto de Renda, sem a necessidade de baixar o programa no computador. O\u00a0site do e-CAC tamb\u00e9m foi atualizado para permitir o preenchimento e o envio on-line.<\/p>\n<p>A Receita Federal pretende substituir o programa gerador da declara\u00e7\u00e3o (PGD), baixado nos computadores, pelo preenchimento on-line e por dispositivos m\u00f3veis. No entanto, o Fisco ainda n\u00e3o forneceu uma data para a descontinuidade do PGD.<\/p>\n<blockquote><p>\u201cA gente tem investido muito forte na solu\u00e7\u00e3o do Meu Imposto de Renda. Em algum momento vamos acabar com o PGD em prol dessa solu\u00e7\u00e3o online, que \u00e9 mais segura\u201d, afirmou o supervisor nacional do Imposto de Renda, Jos\u00e9 Carlos Fonseca, durante a apresenta\u00e7\u00e3o das regras, no m\u00eas passado.<\/p><\/blockquote>\n<h2>Prazo<\/h2>\n<p>O\u00a0prazo de envio da Declara\u00e7\u00e3o do Imposto de Renda Pessoa F\u00edsica 2025\u00a0come\u00e7ou em 17 de mar\u00e7o\u00a0e vai at\u00e9 30 de maio, \u00e0s 23h59min59s.<\/p>\n<p>A Receita recomenda aos\u00a0contribuintes que tenham toda a documenta\u00e7\u00e3o em m\u00e3os para comparar com os dados fornecidos na pr\u00e9-preenchida. Em caso de diverg\u00eancias, o contribuinte deve preencher as informa\u00e7\u00f5es dos documentos.<\/p>\n<p>A Receita Federal espera receber, neste ano, 46,2 milh\u00f5es de declara\u00e7\u00f5es. O n\u00famero representa alta de quase 7% em rela\u00e7\u00e3o ao n\u00famero de entregas em 2024.<\/p>\n<p>Fonte: Ag\u00eancia Brasil<\/p>\n<div class=\"dnd-widget-wrapper context-sem_processamento type-image atom-align-center\">\n<div class=\"dnd-atom-rendered\"><\/div>\n<\/div>\n","protected":false},"excerpt":{"rendered":"<p>Ap\u00f3s duas semanas com informa\u00e7\u00f5es parciais,\u00a0a declara\u00e7\u00e3o pr\u00e9-preenchida do\u00a0Imposto de Renda Pessoa F\u00edsica (IRPF)\u00a0est\u00e1 dispon\u00edvel com dados completos a partir desta ter\u00e7a-feira (1\u00ba). O atraso&#8230;<\/p>\n","protected":false},"author":1527,"featured_media":58199,"comment_status":"closed","ping_status":"closed","sticky":false,"template":"","format":"standard","meta":{"footnotes":""},"categories":[6],"tags":[],"class_list":["post-58197","post","type-post","status-publish","format-standard","has-post-thumbnail","hentry","category-noticias"],"_links":{"self":[{"href":"https:\/\/www.sincomam.org.br\/index.php\/wp-json\/wp\/v2\/posts\/58197","targetHints":{"allow":["GET"]}}],"collection":[{"href":"https:\/\/www.sincomam.org.br\/index.php\/wp-json\/wp\/v2\/posts"}],"about":[{"href":"https:\/\/www.sincomam.org.br\/index.php\/wp-json\/wp\/v2\/types\/post"}],"author":[{"embeddable":true,"href":"https:\/\/www.sincomam.org.br\/index.php\/wp-json\/wp\/v2\/users\/1527"}],"replies":[{"embeddable":true,"href":"https:\/\/www.sincomam.org.br\/index.php\/wp-json\/wp\/v2\/comments?post=58197"}],"version-history":[{"count":1,"href":"https:\/\/www.sincomam.org.br\/index.php\/wp-json\/wp\/v2\/posts\/58197\/revisions"}],"predecessor-version":[{"id":58200,"href":"https:\/\/www.sincomam.org.br\/index.php\/wp-json\/wp\/v2\/posts\/58197\/revisions\/58200"}],"wp:featuredmedia":[{"embeddable":true,"href":"https:\/\/www.sincomam.org.br\/index.php\/wp-json\/wp\/v2\/media\/58199"}],"wp:attachment":[{"href":"https:\/\/www.sincomam.org.br\/index.php\/wp-json\/wp\/v2\/media?parent=58197"}],"wp:term":[{"taxonomy":"category","embeddable":true,"href":"https:\/\/www.sincomam.org.br\/index.php\/wp-json\/wp\/v2\/categories?post=58197"},{"taxonomy":"post_tag","embeddable":true,"href":"https:\/\/www.sincomam.org.br\/index.php\/wp-json\/wp\/v2\/tags?post=58197"}],"curies":[{"name":"wp","href":"https:\/\/api.w.org\/{rel}","templated":true}]}}