{"id":58193,"date":"2025-04-01T09:13:41","date_gmt":"2025-04-01T12:13:41","guid":{"rendered":"https:\/\/www.sincomam.org.br\/?p=58193"},"modified":"2025-04-01T09:13:41","modified_gmt":"2025-04-01T12:13:41","slug":"tcu-aprova-edital-de-area-em-paranagua-com-r-565-milhoes-de-investimentos-previstos","status":"publish","type":"post","link":"https:\/\/www.sincomam.org.br\/index.php\/tcu-aprova-edital-de-area-em-paranagua-com-r-565-milhoes-de-investimentos-previstos\/","title":{"rendered":"TCU aprova edital de \u00e1rea em Paranagu\u00e1 com R$ 565 milh\u00f5es de investimentos previstos"},"content":{"rendered":"<p class=\"\" data-start=\"212\" data-end=\"1699\">A Portos do Paran\u00e1 publicou o aviso de licita\u00e7\u00e3o para o leil\u00e3o da \u00e1rea de arrendamento portu\u00e1rio PAR25, ap\u00f3s a aprova\u00e7\u00e3o do projeto pelo Tribunal de Contas da Uni\u00e3o (TCU). O leil\u00e3o ser\u00e1 realizado no pr\u00f3ximo dia 30 de abril, na Bolsa de Valores do Brasil (B3), em sess\u00e3o conjunta com os terminais PAR14 e PAR15. Localizado no porto organizado de Paranagu\u00e1, o PAR25 ocupa uma \u00e1rea de 43.459 metros quadrados e prev\u00ea investimentos totais de R$ 565,1 milh\u00f5es, sendo R$ 233,5 milh\u00f5es obrigat\u00f3rios e R$ 331,6 milh\u00f5es adicionais.<\/p>\n<p class=\"\" data-start=\"212\" data-end=\"1699\">A iniciativa integra o plano de moderniza\u00e7\u00e3o da infraestrutura log\u00edstica do Corredor de Exporta\u00e7\u00e3o do porto e permitir\u00e1 que a autoridade portu\u00e1ria alcance a regulariza\u00e7\u00e3o de 100% de suas \u00e1reas operacionais. Segundo o diretor-presidente da Portos do Paran\u00e1, Luiz Fernando Garcia, a regulariza\u00e7\u00e3o amplia a seguran\u00e7a jur\u00eddica e atratividade para o mercado, promovendo mais efici\u00eancia no escoamento da produ\u00e7\u00e3o agr\u00edcola.<\/p>\n<p class=\"\" data-start=\"212\" data-end=\"1699\">Os tr\u00eas terminais leiloados s\u00e3o destinados \u00e0 movimenta\u00e7\u00e3o de gran\u00e9is s\u00f3lidos vegetais, como soja, milho e farelos, e juntos devem receber investimentos estimados em R$ 2,2 bilh\u00f5es. De acordo com o ministro de portos e aeroportos, Silvio Costa Filho, esses aportes devem dobrar a capacidade de escoamento da safra agr\u00edcola no porto. J\u00e1 o secret\u00e1rio nacional de portos, Alex \u00c1vila, destacou que o avan\u00e7o nas pol\u00edticas de arrendamento fortalece o crescimento econ\u00f4mico e o desenvolvimento socioecon\u00f4mico nacional.<\/p>\n<p data-start=\"212\" data-end=\"1699\">Fonte: Portos e Navios<\/p>\n","protected":false},"excerpt":{"rendered":"<p>A Portos do Paran\u00e1 publicou o aviso de licita\u00e7\u00e3o para o leil\u00e3o da \u00e1rea de arrendamento portu\u00e1rio PAR25, ap\u00f3s a aprova\u00e7\u00e3o do projeto pelo Tribunal&#8230;<\/p>\n","protected":false},"author":1527,"featured_media":58195,"comment_status":"closed","ping_status":"closed","sticky":false,"template":"","format":"standard","meta":{"footnotes":""},"categories":[6],"tags":[],"class_list":["post-58193","post","type-post","status-publish","format-standard","has-post-thumbnail","hentry","category-noticias"],"_links":{"self":[{"href":"https:\/\/www.sincomam.org.br\/index.php\/wp-json\/wp\/v2\/posts\/58193","targetHints":{"allow":["GET"]}}],"collection":[{"href":"https:\/\/www.sincomam.org.br\/index.php\/wp-json\/wp\/v2\/posts"}],"about":[{"href":"https:\/\/www.sincomam.org.br\/index.php\/wp-json\/wp\/v2\/types\/post"}],"author":[{"embeddable":true,"href":"https:\/\/www.sincomam.org.br\/index.php\/wp-json\/wp\/v2\/users\/1527"}],"replies":[{"embeddable":true,"href":"https:\/\/www.sincomam.org.br\/index.php\/wp-json\/wp\/v2\/comments?post=58193"}],"version-history":[{"count":1,"href":"https:\/\/www.sincomam.org.br\/index.php\/wp-json\/wp\/v2\/posts\/58193\/revisions"}],"predecessor-version":[{"id":58196,"href":"https:\/\/www.sincomam.org.br\/index.php\/wp-json\/wp\/v2\/posts\/58193\/revisions\/58196"}],"wp:featuredmedia":[{"embeddable":true,"href":"https:\/\/www.sincomam.org.br\/index.php\/wp-json\/wp\/v2\/media\/58195"}],"wp:attachment":[{"href":"https:\/\/www.sincomam.org.br\/index.php\/wp-json\/wp\/v2\/media?parent=58193"}],"wp:term":[{"taxonomy":"category","embeddable":true,"href":"https:\/\/www.sincomam.org.br\/index.php\/wp-json\/wp\/v2\/categories?post=58193"},{"taxonomy":"post_tag","embeddable":true,"href":"https:\/\/www.sincomam.org.br\/index.php\/wp-json\/wp\/v2\/tags?post=58193"}],"curies":[{"name":"wp","href":"https:\/\/api.w.org\/{rel}","templated":true}]}}