{"id":58141,"date":"2025-03-28T10:16:47","date_gmt":"2025-03-28T13:16:47","guid":{"rendered":"https:\/\/www.sincomam.org.br\/?p=58141"},"modified":"2025-03-28T10:16:47","modified_gmt":"2025-03-28T13:16:47","slug":"vports-inicia-obras-de-dragagem-em-vitoria-e-vila-velha","status":"publish","type":"post","link":"https:\/\/www.sincomam.org.br\/index.php\/vports-inicia-obras-de-dragagem-em-vitoria-e-vila-velha\/","title":{"rendered":"Vports inicia obras de dragagem em Vit\u00f3ria e Vila Velha"},"content":{"rendered":"<p>A Vports, concession\u00e1ria respons\u00e1vel pelos portos de Vit\u00f3ria, Capuaba e Barra do Riacho, iniciou nesta quarta-feira (26), as obras de dragagem no complexo portu\u00e1rio de Vit\u00f3ria e Vila Velha. A interven\u00e7\u00e3o tem previs\u00e3o de durar 30 dias, podendo ser ajustada conforme as condi\u00e7\u00f5es clim\u00e1ticas e operacionais. Em paralelo, seguem em andamento as obras de dragagem iniciadas em 17 de mar\u00e7o no porto de Barra do Riacho, em Aracruz.<\/p>\n<p>Com um investimento total de aproximadamente R$ 30 milh\u00f5es, as obras visam eliminar restri\u00e7\u00f5es operacionais em Vit\u00f3ria e realizar a primeira dragagem em Barra do Riacho. Segundo o diretor-presidente da Vports, Gustavo Serr\u00e3o, as interven\u00e7\u00f5es garantir\u00e3o qualidade operacional e fazem parte do plano estrat\u00e9gico de moderniza\u00e7\u00e3o da infraestrutura portu\u00e1ria sob gest\u00e3o da concession\u00e1ria.<\/p>\n<p>Em Barra do Riacho, a dragagem \u00e9 considerada um passo fundamental para atrair novos investimentos e desenvolver uma \u00e1rea de 522 mil m\u00b2 voltada \u00e0 instala\u00e7\u00e3o de empreendimentos. Atualmente, os dois ber\u00e7os da Vports na regi\u00e3o s\u00e3o voltados ao transporte de granel l\u00edquido.<\/p>\n<p>As opera\u00e7\u00f5es est\u00e3o sendo coordenadas pela equipe t\u00e9cnica da Vports, com apoio de empresas especializadas em gest\u00e3o ambiental e dragagem. O material retirado ser\u00e1 encaminhado para um pol\u00edgono de descarte oce\u00e2nico devidamente licenciado. Durante as obras, os portos seguir\u00e3o em funcionamento, com as interven\u00e7\u00f5es sendo previamente comunicadas \u00e0 comunidade portu\u00e1ria.<\/p>\n<p>Fonte: Portos e Navios<\/p>\n","protected":false},"excerpt":{"rendered":"<p>A Vports, concession\u00e1ria respons\u00e1vel pelos portos de Vit\u00f3ria, Capuaba e Barra do Riacho, iniciou nesta quarta-feira (26), as obras de dragagem no complexo portu\u00e1rio de&#8230;<\/p>\n","protected":false},"author":1527,"featured_media":58143,"comment_status":"closed","ping_status":"closed","sticky":false,"template":"","format":"standard","meta":{"footnotes":""},"categories":[6],"tags":[],"class_list":["post-58141","post","type-post","status-publish","format-standard","has-post-thumbnail","hentry","category-noticias"],"_links":{"self":[{"href":"https:\/\/www.sincomam.org.br\/index.php\/wp-json\/wp\/v2\/posts\/58141","targetHints":{"allow":["GET"]}}],"collection":[{"href":"https:\/\/www.sincomam.org.br\/index.php\/wp-json\/wp\/v2\/posts"}],"about":[{"href":"https:\/\/www.sincomam.org.br\/index.php\/wp-json\/wp\/v2\/types\/post"}],"author":[{"embeddable":true,"href":"https:\/\/www.sincomam.org.br\/index.php\/wp-json\/wp\/v2\/users\/1527"}],"replies":[{"embeddable":true,"href":"https:\/\/www.sincomam.org.br\/index.php\/wp-json\/wp\/v2\/comments?post=58141"}],"version-history":[{"count":1,"href":"https:\/\/www.sincomam.org.br\/index.php\/wp-json\/wp\/v2\/posts\/58141\/revisions"}],"predecessor-version":[{"id":58144,"href":"https:\/\/www.sincomam.org.br\/index.php\/wp-json\/wp\/v2\/posts\/58141\/revisions\/58144"}],"wp:featuredmedia":[{"embeddable":true,"href":"https:\/\/www.sincomam.org.br\/index.php\/wp-json\/wp\/v2\/media\/58143"}],"wp:attachment":[{"href":"https:\/\/www.sincomam.org.br\/index.php\/wp-json\/wp\/v2\/media?parent=58141"}],"wp:term":[{"taxonomy":"category","embeddable":true,"href":"https:\/\/www.sincomam.org.br\/index.php\/wp-json\/wp\/v2\/categories?post=58141"},{"taxonomy":"post_tag","embeddable":true,"href":"https:\/\/www.sincomam.org.br\/index.php\/wp-json\/wp\/v2\/tags?post=58141"}],"curies":[{"name":"wp","href":"https:\/\/api.w.org\/{rel}","templated":true}]}}