{"id":58133,"date":"2025-03-28T10:15:14","date_gmt":"2025-03-28T13:15:14","guid":{"rendered":"https:\/\/www.sincomam.org.br\/?p=58133"},"modified":"2025-03-28T10:15:14","modified_gmt":"2025-03-28T13:15:14","slug":"onu-reconhece-extensao-da-plataforma-continental-brasileira-na-margem-equatorial","status":"publish","type":"post","link":"https:\/\/www.sincomam.org.br\/index.php\/onu-reconhece-extensao-da-plataforma-continental-brasileira-na-margem-equatorial\/","title":{"rendered":"ONU reconhece extens\u00e3o da plataforma continental brasileira na Margem Equatorial"},"content":{"rendered":"<p class=\"text-align-justify\">A Organiza\u00e7\u00e3o das Na\u00e7\u00f5es Unidas (ONU) publicou, nesta quarta-feira (26), uma resolu\u00e7\u00e3o que reconhece a amplia\u00e7\u00e3o do territ\u00f3rio mar\u00edtimo brasileiro em 360 mil km\u00b2, em uma regi\u00e3o que se estende da foz do Rio Oiapoque (AP) ao litoral norte do Rio Grande do Norte, abrangendo as bacias sedimentares da foz do Rio Amazonas, Par\u00e1-Maranh\u00e3o, Barreirinhas, Cear\u00e1 e Potiguar \u2013 chamada de Margem Equatorial.<\/p>\n<p class=\"text-align-justify\">Isso significa um aumento no limite da Plataforma Continental Brasileira, que antes representava 200 milhas n\u00e1uticas de dom\u00ednio nacional sobre essas \u00e1guas. Com a amplia\u00e7\u00e3o desta parte da Amaz\u00f4nia Azul, o Brasil tem reconhecido seu direito de soberania para explorar recursos naturais (como o petr\u00f3leo) presentes nessa faixa, tanto no leito do mar quanto em seu subsolo.<\/p>\n<p class=\"text-align-justify\">\u201cEssa conquista \u00e9 o resultado do trabalho cont\u00ednuo de marinheiros, pesquisadores e diplomatas na Comiss\u00e3o Interministerial para os Recursos do Mar (CIRM) na importante tarefa de ampliar nossos limites, expandindo cada vez mais nossa Amaz\u00f4nia Azul. Essa expans\u00e3o traz consigo toda a riqueza de recursos vivos e n\u00e3o vivos que constituem um verdadeiro patrim\u00f4nio da sociedade brasileira\u201d, afirmou o Secret\u00e1rio da CIRM, Contra-Almirante Ricardo Jaques Ferreira.<\/p>\n<p class=\"text-align-justify\">O Diretor de Hidrografia e Navega\u00e7\u00e3o da Marinha, Vice-Almirante Marco Ant\u00f4nio Linhares Soares, conta que, com a conquista, \u201co Pa\u00eds passa a ter direito de explorar riquezas do solo e do subsolo marinho, em uma \u00e1rea equivalente \u00e0 do territ\u00f3rio da Alemanha\u201d. Segundo ele, n\u00f3dulos polimet\u00e1licos, al\u00e9m de g\u00e1s e petr\u00f3leo, podem vir a ser encontrados dentro dessa nova fronteira mar\u00edtima.<\/p>\n<p class=\"text-align-justify\">\u201cA regi\u00e3o da Margem Equatorial que a Petrobras atualmente tem interesse est\u00e1 dentro das 200 milhas, mas poder\u00e1 haver algum bloco de petr\u00f3leo que venha a ser descoberto e se estenda al\u00e9m dessa faixa e que incida sobre essa nova \u00e1rea que s\u00f3 o Estado Brasileiro tem, agora, o direito de explorar\u201d, completou o Vice-Almirante Linhares.<\/p>\n<p class=\"text-align-justify\">Para um representante do Minist\u00e9rio das Rela\u00e7\u00f5es Exteriores, o reconhecimento internacional da extens\u00e3o da plataforma continental brasileira \u00e9 fruto da \u201cprof\u00edcua coopera\u00e7\u00e3o entre Oficiais da Marinha e diplomatas\u201d, e demonstra a cont\u00ednua capacidade do Brasil de assegurar, de forma pac\u00edfica e embasada, as suas fronteiras terrestres e mar\u00edtimas.<\/p>\n<p class=\"text-align-justify\">Em fevereiro deste ano, membros do Plano de Levantamento da Plataforma Continental Brasileira (LEPLAC) participaram, junto \u00e0 Delega\u00e7\u00e3o Brasileira, da 63\u00aa Sess\u00e3o da Comiss\u00e3o de Limites da Plataforma Continental (CLPC), em Nova Iorque (EUA). Na ocasi\u00e3o, foi encerrada a an\u00e1lise da submiss\u00e3o da Margem Equatorial e iniciada a an\u00e1lise das margens Oriental &#8211; Meridional. Foram sete anos de intera\u00e7\u00e3o entre os t\u00e9cnicos brasileiros e os peritos da CLPC para que o pleito fosse atendido, um marco para a defini\u00e7\u00e3o das fronteiras mar\u00edtimas brasileiras.<\/p>\n<p class=\"text-align-justify\">A CLPC \u00e9 um \u00f3rg\u00e3o t\u00e9cnico criado a partir da Conven\u00e7\u00e3o das Na\u00e7\u00f5es Unidas sobre o Direito do Mar (CNUDM) e tem como fun\u00e7\u00e3o analisar as submiss\u00f5es dos estados costeiros para estabelecer o limite exterior da plataforma continental al\u00e9m das 200 milhas.<\/p>\n<p class=\"text-align-justify\">O grupo brasileiro \u00e9 composto por membros do LEPLAC, da comunidade cient\u00edfica e t\u00e9cnicos da Petrobras. As submiss\u00f5es da margem brasileira foram divididas em tr\u00eas \u00e1reas: Regi\u00e3o Sul, Margem Equatorial e Margem Oriental &#8211; Meridional. A proposta da Regi\u00e3o Sul foi apresentada em 2015 e aprovada integralmente pela CLPC em 2019. J\u00e1 a submiss\u00e3o da Margem Equatorial foi depositada em 2017 e encerrada na 63\u00aa Sess\u00e3o da CLPC.<\/p>\n<h5 class=\"text-align-justify\">Novo mapa<\/h5>\n<p class=\"text-align-justify\">Desde 2019, a \u00e1rea da Amaz\u00f4nia Azul \u2013 que compreende o Mar Territorial Brasileiro, a Zona Econ\u00f4mica Exclusiva e a Extens\u00e3o da Plataforma Continental para al\u00e9m das 200 milhas n\u00e1uticas \u2013 foi inclu\u00edda no mapa brasileiro. \u00c9 um trabalho cujos estudos envolveram a Marinha, o Instituto Brasileiro de Geografia e Estat\u00edstica e o Minist\u00e9rio da Educa\u00e7\u00e3o.<\/p>\n<p class=\"text-align-justify\">\u201cO novo mapa pol\u00edtico do Brasil, publicado pelo IBGE em 2024, destaca, al\u00e9m da extens\u00e3o terrestre do Pa\u00eds, nossa \u00e1rea mar\u00edtima, a \u2018Amaz\u00f4nia Azul\u2019, que tem o objetivo de modificar a percep\u00e7\u00e3o dos estudantes, profissionais e do p\u00fablico em geral sobre o territ\u00f3rio brasileiro\u201d, afirmou o Subsecret\u00e1rio para o LEPLAC, Capit\u00e3o de Mar e Guerra Rodrigo de Campos Carvalho.<\/p>\n<p class=\"text-align-justify\">Espera-se, assim, que esse novo mapa do Brasil ajude a despertar a consci\u00eancia das novas gera\u00e7\u00f5es de brasileiros sobre a import\u00e2ncia da Amaz\u00f4nia Azul para a Na\u00e7\u00e3o. Atualmente, cerca de 95% do petr\u00f3leo nacional \u00e9 extra\u00eddo nas \u00e1guas jurisdicionais brasileiras, onde tamb\u00e9m trafegam 95% do com\u00e9rcio exterior do Pa\u00eds.<\/p>\n<p class=\"text-align-justify\">\nFonte: Ag\u00eancia Marinha de Not\u00edcias<\/p>\n","protected":false},"excerpt":{"rendered":"<p>A Organiza\u00e7\u00e3o das Na\u00e7\u00f5es Unidas (ONU) publicou, nesta quarta-feira (26), uma resolu\u00e7\u00e3o que reconhece a amplia\u00e7\u00e3o do territ\u00f3rio mar\u00edtimo brasileiro em 360 mil km\u00b2, em&#8230;<\/p>\n","protected":false},"author":1527,"featured_media":58135,"comment_status":"closed","ping_status":"closed","sticky":false,"template":"","format":"standard","meta":{"footnotes":""},"categories":[6],"tags":[],"class_list":["post-58133","post","type-post","status-publish","format-standard","has-post-thumbnail","hentry","category-noticias"],"_links":{"self":[{"href":"https:\/\/www.sincomam.org.br\/index.php\/wp-json\/wp\/v2\/posts\/58133","targetHints":{"allow":["GET"]}}],"collection":[{"href":"https:\/\/www.sincomam.org.br\/index.php\/wp-json\/wp\/v2\/posts"}],"about":[{"href":"https:\/\/www.sincomam.org.br\/index.php\/wp-json\/wp\/v2\/types\/post"}],"author":[{"embeddable":true,"href":"https:\/\/www.sincomam.org.br\/index.php\/wp-json\/wp\/v2\/users\/1527"}],"replies":[{"embeddable":true,"href":"https:\/\/www.sincomam.org.br\/index.php\/wp-json\/wp\/v2\/comments?post=58133"}],"version-history":[{"count":1,"href":"https:\/\/www.sincomam.org.br\/index.php\/wp-json\/wp\/v2\/posts\/58133\/revisions"}],"predecessor-version":[{"id":58136,"href":"https:\/\/www.sincomam.org.br\/index.php\/wp-json\/wp\/v2\/posts\/58133\/revisions\/58136"}],"wp:featuredmedia":[{"embeddable":true,"href":"https:\/\/www.sincomam.org.br\/index.php\/wp-json\/wp\/v2\/media\/58135"}],"wp:attachment":[{"href":"https:\/\/www.sincomam.org.br\/index.php\/wp-json\/wp\/v2\/media?parent=58133"}],"wp:term":[{"taxonomy":"category","embeddable":true,"href":"https:\/\/www.sincomam.org.br\/index.php\/wp-json\/wp\/v2\/categories?post=58133"},{"taxonomy":"post_tag","embeddable":true,"href":"https:\/\/www.sincomam.org.br\/index.php\/wp-json\/wp\/v2\/tags?post=58133"}],"curies":[{"name":"wp","href":"https:\/\/api.w.org\/{rel}","templated":true}]}}