{"id":58117,"date":"2025-03-27T08:08:44","date_gmt":"2025-03-27T11:08:44","guid":{"rendered":"https:\/\/www.sincomam.org.br\/?p=58117"},"modified":"2025-03-27T08:08:44","modified_gmt":"2025-03-27T11:08:44","slug":"embaixada-do-reino-dos-paises-baixos-apresenta-workshop-sobre-iniciativas-sustentaveis-para-o-setor-portuario","status":"publish","type":"post","link":"https:\/\/www.sincomam.org.br\/index.php\/embaixada-do-reino-dos-paises-baixos-apresenta-workshop-sobre-iniciativas-sustentaveis-para-o-setor-portuario\/","title":{"rendered":"Embaixada do Reino dos Pa\u00edses Baixos apresenta workshop sobre iniciativas sustent\u00e1veis para o setor portu\u00e1rio"},"content":{"rendered":"<p>A comunidade portu\u00e1ria de Paranagu\u00e1 participou, nesta segunda-feira (24), de um workshop promovido pela Embaixada do Reino dos Pa\u00edses Baixos, com foco em iniciativas sustent\u00e1veis no setor portu\u00e1rio. O encontro, realizado no audit\u00f3rio do Pal\u00e1cio Taguar\u00e9, integrou as atividades do Green Ports Partnership (Parceria para Portos Verdes), do qual a Autoridade Portu\u00e1ria de Paranagu\u00e1 \u00e9 signat\u00e1ria.<\/p>\n<p>Foi um momento de troca de conhecimento entre representantes de refer\u00eancias mundiais em sustentabilidade e terminais portu\u00e1rios paranaenses. \u201cUm dos principais portos com ideias sustent\u00e1veis \u00e9 o Porto de Rotterdam, que possui uma s\u00e9rie de a\u00e7\u00f5es nesse sentido. Mas, antes de trazermos esses projetos para c\u00e1, precisamos entender o que \u00e9 mais relevante para os portos paranaenses\u201d, comentou Caspar Van Rijnbach, chefe do escrit\u00f3rio de Porto Alegre do Escrit\u00f3rio Holand\u00eas de Apoio aos Neg\u00f3cios.<\/p>\n<p>Diversas empresas portu\u00e1rias que atuam na Portos do Paran\u00e1 participaram do workshop. \u201cN\u00e3o basta a nossa vontade ou as a\u00e7\u00f5es da Autoridade Portu\u00e1ria se as empresas locais, seus equipamentos, caminh\u00f5es e trens n\u00e3o aderirem aos programas de melhoria para o nosso desenvolvimento socioambiental\u201d, pontuou o diretor-presidente da Portos do Paran\u00e1, Luiz Fernando Garcia.<\/p>\n<p>O consultor da Embaixada do Reino dos Pa\u00edses Baixos no Brasil, Daniel Breda, mediou o evento e destacou a necessidade do desenvolvimento sustent\u00e1vel no setor portu\u00e1rio. \u201cO evento de hoje foi excelente. O p\u00fablico foi bem maior do que nos outros dois portos onde apresentamos essas propostas\u201d, comentou Breda. Ele tamb\u00e9m destacou que, apesar da percep\u00e7\u00e3o de que os holandeses est\u00e3o muito \u00e0 frente em sustentabilidade, h\u00e1 projetos que j\u00e1 podem ser aplicados no Brasil.<\/p>\n<p>Duas empresas holandesas participaram remotamente do evento, apresentando iniciativas sustent\u00e1veis. O diretor de Meio Ambiente da Portos do Paran\u00e1, Jo\u00e3o Paulo Santana, ressaltou uma das tecnologias discutidas: os g\u00eameos digitais, um modelo virtual que replica a estrutura f\u00edsica do porto e permite simula\u00e7\u00f5es e an\u00e1lises para otimizar opera\u00e7\u00f5es e reduzir impactos ambientais.<\/p>\n<p>\u201cEsse levantamento por nuvem de pontos faz a modelagem do que j\u00e1 est\u00e1 constru\u00eddo, acelerando a obten\u00e7\u00e3o de informa\u00e7\u00f5es e possibilitando mudan\u00e7as positivas para o setor portu\u00e1rio, n\u00e3o apenas em quest\u00f5es ambientais, mas tamb\u00e9m tecnol\u00f3gicas\u201d, explicou Santana.<\/p>\n<p><strong>Planejamento para o futuro<\/strong><\/p>\n<p>Ap\u00f3s o workshop, a pr\u00f3xima etapa ser\u00e1 a realiza\u00e7\u00e3o de um Roadmap , que trar\u00e1 uma vis\u00e3o estrat\u00e9gica para os pr\u00f3ximos anos. O projeto reunir\u00e1 as \u00e1reas priorit\u00e1rias a serem trabalhadas por cada porto e pelo Brasil como um todo, gerando uma matriz de oportunidades de coopera\u00e7\u00e3o entre Brasil e Holanda.<\/p>\n<p>\u201cA comitiva holandesa far\u00e1 um mapeamento do complexo portu\u00e1rio, envolvendo parceiros privados e p\u00fablicos, \u00f3rg\u00e3os anuentes e toda a comunidade portu\u00e1ria, com o objetivo de avaliar possibilidades de parceria, sobretudo na \u00e1rea de sustentabilidade e infraestrutura\u201d, explicou o secret\u00e1rio-geral da Portos do Paran\u00e1, Felipe Gama.<\/p>\n<p>Al\u00e9m da comunidade portu\u00e1ria, participaram do evento representantes do governo estadual, como o Investe Paran\u00e1, e do governo federal. \u201cDesejamos que o evento tenha sido exitoso, considerando a lideran\u00e7a da Portos do Paran\u00e1 em sustentabilidade e inova\u00e7\u00e3o. Da parte do Minist\u00e9rio de Portos e Aeroportos, temos desenvolvido parcerias com diversos governos para promover a sustentabilidade, tanto na descarboniza\u00e7\u00e3o do transporte mar\u00edtimo quanto na intera\u00e7\u00e3o entre portos e cidades\u201d, afirmou M\u00e1rcio Gabardo, coordenador de projetos na Assessoria Internacional do Minist\u00e9rio.<\/p>\n<p>Fonte: Informativo dos Portos<\/p>\n","protected":false},"excerpt":{"rendered":"<p>A comunidade portu\u00e1ria de Paranagu\u00e1 participou, nesta segunda-feira (24), de um workshop promovido pela Embaixada do Reino dos Pa\u00edses Baixos, com foco em iniciativas sustent\u00e1veis&#8230;<\/p>\n","protected":false},"author":1527,"featured_media":58119,"comment_status":"closed","ping_status":"closed","sticky":false,"template":"","format":"standard","meta":{"footnotes":""},"categories":[6],"tags":[],"class_list":["post-58117","post","type-post","status-publish","format-standard","has-post-thumbnail","hentry","category-noticias"],"_links":{"self":[{"href":"https:\/\/www.sincomam.org.br\/index.php\/wp-json\/wp\/v2\/posts\/58117","targetHints":{"allow":["GET"]}}],"collection":[{"href":"https:\/\/www.sincomam.org.br\/index.php\/wp-json\/wp\/v2\/posts"}],"about":[{"href":"https:\/\/www.sincomam.org.br\/index.php\/wp-json\/wp\/v2\/types\/post"}],"author":[{"embeddable":true,"href":"https:\/\/www.sincomam.org.br\/index.php\/wp-json\/wp\/v2\/users\/1527"}],"replies":[{"embeddable":true,"href":"https:\/\/www.sincomam.org.br\/index.php\/wp-json\/wp\/v2\/comments?post=58117"}],"version-history":[{"count":1,"href":"https:\/\/www.sincomam.org.br\/index.php\/wp-json\/wp\/v2\/posts\/58117\/revisions"}],"predecessor-version":[{"id":58120,"href":"https:\/\/www.sincomam.org.br\/index.php\/wp-json\/wp\/v2\/posts\/58117\/revisions\/58120"}],"wp:featuredmedia":[{"embeddable":true,"href":"https:\/\/www.sincomam.org.br\/index.php\/wp-json\/wp\/v2\/media\/58119"}],"wp:attachment":[{"href":"https:\/\/www.sincomam.org.br\/index.php\/wp-json\/wp\/v2\/media?parent=58117"}],"wp:term":[{"taxonomy":"category","embeddable":true,"href":"https:\/\/www.sincomam.org.br\/index.php\/wp-json\/wp\/v2\/categories?post=58117"},{"taxonomy":"post_tag","embeddable":true,"href":"https:\/\/www.sincomam.org.br\/index.php\/wp-json\/wp\/v2\/tags?post=58117"}],"curies":[{"name":"wp","href":"https:\/\/api.w.org\/{rel}","templated":true}]}}