{"id":5804,"date":"2014-06-02T08:37:57","date_gmt":"2014-06-02T11:37:57","guid":{"rendered":"http:\/\/www.sincomam.org.br\/?p=5804"},"modified":"2014-06-01T21:00:08","modified_gmt":"2014-06-02T00:00:08","slug":"black-blocs-prometem-caos-na-copa-do-mundo-e-querem-ajuda-do-pcc","status":"publish","type":"post","link":"https:\/\/www.sincomam.org.br\/index.php\/black-blocs-prometem-caos-na-copa-do-mundo-e-querem-ajuda-do-pcc\/","title":{"rendered":"Black blocs prometem caos na Copa do Mundo e querem ajuda do PCC"},"content":{"rendered":"<p><strong><em>Ativistas dizem que n\u00e3o se trata de parceria, mas de uma &#8220;soma de esfor\u00e7os&#8221;<\/em><\/strong><\/p>\n<p>Os black blocs que executaram as a\u00e7\u00f5es de grande repercuss\u00e3o do ano passado continuam fora do radar da pol\u00edcia e prometem transformar a Copa do Mundo &#8220;num caos&#8221;. Para isso, alguns deles esperam que o PCC (Primeiro Comando da Capital), a organiza\u00e7\u00e3o que domina os pres\u00eddios paulistas e emite ordens para criminosos soltos, tamb\u00e9m entre em campo. N\u00e3o se trata de uma parceria, mas de uma soma de esfor\u00e7os.<\/p>\n<p>Com o compromisso de n\u00e3o identific\u00e1-los, a reportagem ouviu 16 desses black blocs, em seis encontros, na \u00faltima semana.<\/p>\n<p>\u00c0 diferen\u00e7a dos adolescentes que os imitaram em depreda\u00e7\u00f5es, e que acabaram arrolados em um inqu\u00e9rito do Deic (Departamento Estadual de Investiga\u00e7\u00f5es Criminais), eles s\u00e3o adultos, seguem t\u00e1tica desenvolvida h\u00e1 d\u00e9cadas na Europa e nos Estados Unidos, n\u00e3o t\u00eam p\u00e1gina no Facebook nem querem aparecer.<\/p>\n<p>Dos 20 que formam o n\u00facleo da rede, apenas um foi fichado, porque foi detido em uma manifesta\u00e7\u00e3o. Movem-se na sombra do anonimato, articulam-se nacionalmente, e nunca haviam dado entrevista antes. Preocupados com sua imagem perante a opini\u00e3o p\u00fablica, decidiram falar, pela primeira vez.<\/p>\n<p>O mais veterano deles, de 34 anos, formado em hist\u00f3ria na USP e com matr\u00edcula trancada no curso de psicologia, promete:<\/p>\n<p>\u2014 Vamos estourar de novo agora.<\/p>\n<p>&#8220;A gente vai devolver o troco na moeda que o Estado imp\u00f5e&#8221;, amea\u00e7a o ativista, que trabalha para um hospital p\u00fablico de S\u00e3o Paulo.<\/p>\n<p>\u2014 O caos que o Estado tem colocado na periferia, por meio da viol\u00eancia policial, na sa\u00fade p\u00fablica, com pessoas morrendo nos hospitais, na falta de educa\u00e7\u00e3o, na falta de dignidade no transporte, na vida humana, \u00e9 o caos que a gente pretende devolver de troco para o Estado. E n\u00e3o na forma violenta como ele nos apresenta. Mas vamos instalar o caos, sim. Esse \u00e9 um recado para o Estado.<\/p>\n<p>O veterano continua, lembrando as a\u00e7\u00f5es do PCC na d\u00e9cada passada.<\/p>\n<p>\u2014 A gente tem certeza de que o crime organizado, o PCC, vai causar o caos na Copa, e a gente vai puxar para o outro lado. N\u00e3o temos alian\u00e7a nem somos contra o PCC. S\u00f3 que eles t\u00eam poder de fogo muito maior do que o MPL (Movimento Passe Livre, que iniciou as manifesta\u00e7\u00f5es, h\u00e1 um ano, com ajuda dos black blocs). Pararam S\u00e3o Paulo.<\/p>\n<p>As informa\u00e7\u00f5es s\u00e3o do jornal O Estado de S. Paulo.<\/p>\n","protected":false},"excerpt":{"rendered":"<p>Ativistas dizem que n\u00e3o se trata de parceria, mas de uma &#8220;soma de esfor\u00e7os&#8221; Os black blocs que executaram as a\u00e7\u00f5es de grande repercuss\u00e3o do&#8230;<\/p>\n","protected":false},"author":1182,"featured_media":5805,"comment_status":"closed","ping_status":"closed","sticky":false,"template":"","format":"standard","meta":{"footnotes":""},"categories":[6],"tags":[1339,1340,137,1341,784],"class_list":["post-5804","post","type-post","status-publish","format-standard","has-post-thumbnail","hentry","category-noticias","tag-black-blocs","tag-caos","tag-copa","tag-pcc","tag-protesto"],"_links":{"self":[{"href":"https:\/\/www.sincomam.org.br\/index.php\/wp-json\/wp\/v2\/posts\/5804","targetHints":{"allow":["GET"]}}],"collection":[{"href":"https:\/\/www.sincomam.org.br\/index.php\/wp-json\/wp\/v2\/posts"}],"about":[{"href":"https:\/\/www.sincomam.org.br\/index.php\/wp-json\/wp\/v2\/types\/post"}],"author":[{"embeddable":true,"href":"https:\/\/www.sincomam.org.br\/index.php\/wp-json\/wp\/v2\/users\/1182"}],"replies":[{"embeddable":true,"href":"https:\/\/www.sincomam.org.br\/index.php\/wp-json\/wp\/v2\/comments?post=5804"}],"version-history":[{"count":1,"href":"https:\/\/www.sincomam.org.br\/index.php\/wp-json\/wp\/v2\/posts\/5804\/revisions"}],"predecessor-version":[{"id":5806,"href":"https:\/\/www.sincomam.org.br\/index.php\/wp-json\/wp\/v2\/posts\/5804\/revisions\/5806"}],"wp:featuredmedia":[{"embeddable":true,"href":"https:\/\/www.sincomam.org.br\/index.php\/wp-json\/wp\/v2\/media\/5805"}],"wp:attachment":[{"href":"https:\/\/www.sincomam.org.br\/index.php\/wp-json\/wp\/v2\/media?parent=5804"}],"wp:term":[{"taxonomy":"category","embeddable":true,"href":"https:\/\/www.sincomam.org.br\/index.php\/wp-json\/wp\/v2\/categories?post=5804"},{"taxonomy":"post_tag","embeddable":true,"href":"https:\/\/www.sincomam.org.br\/index.php\/wp-json\/wp\/v2\/tags?post=5804"}],"curies":[{"name":"wp","href":"https:\/\/api.w.org\/{rel}","templated":true}]}}