{"id":58035,"date":"2025-03-26T09:48:04","date_gmt":"2025-03-26T12:48:04","guid":{"rendered":"https:\/\/www.sincomam.org.br\/?p=58035"},"modified":"2025-03-26T09:48:04","modified_gmt":"2025-03-26T12:48:04","slug":"centrais-sindicais-pedem-isencao-de-imposto-de-renda-sobre-plr","status":"publish","type":"post","link":"https:\/\/www.sincomam.org.br\/index.php\/centrais-sindicais-pedem-isencao-de-imposto-de-renda-sobre-plr\/","title":{"rendered":"Centrais sindicais pedem isen\u00e7\u00e3o de Imposto de Renda sobre PLR"},"content":{"rendered":"<p>Al\u00e9m de elevar a faixa de isen\u00e7\u00e3o para quem ganha at\u00e9 R$ 5 mil por m\u00eas, a reforma do Imposto de Renda (IR) deve isentar a participa\u00e7\u00e3o nos lucros ou resultados (PLR), defenderam representantes de centrais sindicais e de movimentos sociais.<\/p>\n<p>Eles se reuniram na noite desta ter\u00e7a-feira (25) com os ministros da Fazenda, Fernando Haddad, e da Secretaria-Geral da Presid\u00eancia da Rep\u00fablica, M\u00e1rcio Macedo, no Pal\u00e1cio do Planalto.<\/p>\n<p>No encontro, Haddad explicou a proposta de reforma do Imposto de Renda enviada na semana passada ao Congresso Nacional. O ministro tamb\u00e9m pediu apoio das centrais ao projeto de lei.<\/p>\n<p>Atualmente, a PLR de at\u00e9 R$ 7.640 \u00e9 isenta de Imposto de Renda. Acima desse valor, incide a tabela progressiva de 7,5% a 27,5%. Pela proposta dos sindicatos, o Imposto de Renda deixaria de incidir sobre qualquer valor.<\/p>\n<p>As centrais sindicais fizeram outros pedidos. As entidades querem incluir nas dedu\u00e7\u00f5es do Imposto de Renda despesas com certifica\u00e7\u00e3o e qualifica\u00e7\u00e3o profissional em tecnologia da informa\u00e7\u00e3o.<\/p>\n<p>Segundo as entidades, o setor \u00e9 importante para o desenvolvimento do pa\u00eds e tem a previs\u00e3o de empregar 800 mil pessoas nos pr\u00f3ximos anos.<\/p>\n<p>Haddad n\u00e3o concedeu entrevista \u00e0 imprensa ap\u00f3s o encontro. A Secretaria-Geral da Presid\u00eancia da Rep\u00fablica publicou informa\u00e7\u00f5es sobre a reuni\u00e3o e quais entidades participaram do encontro.<\/p>\n<p>O ministro M\u00e1rcio Mac\u00eado e representantes dos movimentos sociais destacaram a import\u00e2ncia do di\u00e1logo e da reforma do Imposto de Renda para o combate \u00e0s desigualdades sociais no pa\u00eds, conforme material divulgado.<\/p>\n<p>Fonte: Ag\u00eancia Brasil<\/p>\n","protected":false},"excerpt":{"rendered":"<p>Al\u00e9m de elevar a faixa de isen\u00e7\u00e3o para quem ganha at\u00e9 R$ 5 mil por m\u00eas, a reforma do Imposto de Renda (IR) deve isentar&#8230;<\/p>\n","protected":false},"author":1527,"featured_media":58037,"comment_status":"closed","ping_status":"closed","sticky":false,"template":"","format":"standard","meta":{"footnotes":""},"categories":[6],"tags":[],"class_list":["post-58035","post","type-post","status-publish","format-standard","has-post-thumbnail","hentry","category-noticias"],"_links":{"self":[{"href":"https:\/\/www.sincomam.org.br\/index.php\/wp-json\/wp\/v2\/posts\/58035","targetHints":{"allow":["GET"]}}],"collection":[{"href":"https:\/\/www.sincomam.org.br\/index.php\/wp-json\/wp\/v2\/posts"}],"about":[{"href":"https:\/\/www.sincomam.org.br\/index.php\/wp-json\/wp\/v2\/types\/post"}],"author":[{"embeddable":true,"href":"https:\/\/www.sincomam.org.br\/index.php\/wp-json\/wp\/v2\/users\/1527"}],"replies":[{"embeddable":true,"href":"https:\/\/www.sincomam.org.br\/index.php\/wp-json\/wp\/v2\/comments?post=58035"}],"version-history":[{"count":1,"href":"https:\/\/www.sincomam.org.br\/index.php\/wp-json\/wp\/v2\/posts\/58035\/revisions"}],"predecessor-version":[{"id":58038,"href":"https:\/\/www.sincomam.org.br\/index.php\/wp-json\/wp\/v2\/posts\/58035\/revisions\/58038"}],"wp:featuredmedia":[{"embeddable":true,"href":"https:\/\/www.sincomam.org.br\/index.php\/wp-json\/wp\/v2\/media\/58037"}],"wp:attachment":[{"href":"https:\/\/www.sincomam.org.br\/index.php\/wp-json\/wp\/v2\/media?parent=58035"}],"wp:term":[{"taxonomy":"category","embeddable":true,"href":"https:\/\/www.sincomam.org.br\/index.php\/wp-json\/wp\/v2\/categories?post=58035"},{"taxonomy":"post_tag","embeddable":true,"href":"https:\/\/www.sincomam.org.br\/index.php\/wp-json\/wp\/v2\/tags?post=58035"}],"curies":[{"name":"wp","href":"https:\/\/api.w.org\/{rel}","templated":true}]}}