{"id":58029,"date":"2025-03-26T09:35:51","date_gmt":"2025-03-26T12:35:51","guid":{"rendered":"https:\/\/www.sincomam.org.br\/?p=58029"},"modified":"2025-03-26T09:35:51","modified_gmt":"2025-03-26T12:35:51","slug":"trabalhadores-clt-podem-sacar-ate-r-28-mil-de-ressarcimento","status":"publish","type":"post","link":"https:\/\/www.sincomam.org.br\/index.php\/trabalhadores-clt-podem-sacar-ate-r-28-mil-de-ressarcimento\/","title":{"rendered":"Trabalhadores CLT podem sacar at\u00e9 R$ 2,8 mil de ressarcimento"},"content":{"rendered":"<p>O Fundo PIS\/Pasep foi institu\u00eddo nos anos 1970 com a finalidade de promover a poupan\u00e7a entre trabalhadores brasileiros. Originalmente, o Programa de Integra\u00e7\u00e3o Social (PIS) atendia empregados do setor privado, enquanto o Programa de Forma\u00e7\u00e3o do Patrim\u00f4nio do Servidor P\u00fablico (Pasep) era destinado a servidores p\u00fablicos. Em 1975, esses programas foram unificados, formando o Fundo PIS-Pasep, que operou at\u00e9 1988, quando foi substitu\u00eddo pelo abono salarial que conhecemos hoje<\/p>\n<p>O\u00a0<strong>Minist\u00e9rio da Fazenda\u00a0<\/strong>estima que o valor m\u00e9dio a ser ressarcido seja de\u00a0<strong>R$ 2,8 mil<\/strong>. Com o tempo, muitos trabalhadores n\u00e3o sacaram suas cotas do fundo. Em 2020, essas cotas foram transferidas para o Fundo de Garantia do Tempo de Servi\u00e7o (<a href=\"https:\/\/www.caixa.gov.br\/beneficios-trabalhador\/fgts\/Paginas\/default.aspx\" target=\"_blank\" rel=\"noreferrer noopener\">FGTS<\/a>) e, posteriormente, para uma conta \u00fanica no Tesouro Nacional. Atualmente, ainda \u00e9 poss\u00edvel solicitar o ressarcimento dos valores n\u00e3o resgatados, oferecendo uma oportunidade para recuperar os recursos acumulados ao longo dos anos.<\/p>\n<h2 class=\"wp-block-heading\">Como verificar se h\u00e1 valores dispon\u00edveis para os trabalhadores?<\/h2>\n<p>Para descobrir se h\u00e1 valores esquecidos no Fundo PIS\/Pasep, o Minist\u00e9rio da Fazenda disponibilizou a plataforma REPIS Cidad\u00e3o. A consulta \u00e9 feita online, e o usu\u00e1rio precisa acessar o site REPIS Cidad\u00e3o e fazer login com uma conta gov.br, que deve estar nos n\u00edveis prata ou ouro. Ap\u00f3s o login, \u00e9 necess\u00e1rio informar o N\u00famero de Identifica\u00e7\u00e3o Social (<strong>NIS<\/strong>) para verificar a exist\u00eancia de valores a receber.<\/p>\n<p>Essa ferramenta foi criada para facilitar o acesso dos trabalhadores \u00e0s informa\u00e7\u00f5es sobre seus direitos, permitindo uma consulta r\u00e1pida e segura.<\/p>\n<h2 class=\"wp-block-heading\">Como solicitar o ressarcimento dos valores?<\/h2>\n<p>O ressarcimento dos valores do antigo PIS\/Pasep pode ser solicitado pelo pr\u00f3prio benefici\u00e1rio ou por herdeiros, caso o titular tenha falecido. O processo \u00e9 realizado atrav\u00e9s do aplicativo da Caixa Econ\u00f4mica Federal, onde \u00e9 necess\u00e1rio selecionar a op\u00e7\u00e3o \u201cressarcimento PIS\/Pasep\u201d e seguir as instru\u00e7\u00f5es para anexar os documentos exigidos. Herdeiros devem apresentar documentos adicionais, como certid\u00e3o de dependentes habilitados \u00e0 pens\u00e3o por morte ou autoriza\u00e7\u00e3o judicial.<\/p>\n<div class=\"jeg_navbar_mobile_wrapper\">\n<div class=\"jeg_navbar_mobile jeg_sticky_nav\" data-mode=\"fixed\">\n<div class=\"jeg_navbar_mobile_menu\">\n<div class=\"container\">\n<div class=\"menu-menu-principal-container\">\n<ul id=\"menu-menu-principal\" class=\"jeg_mobile_menu_style_5\">\n<li class=\"menu-item menu-item-type-taxonomy menu-item-object-category menu-item-87671\"><a href=\"https:\/\/terrabrasilnoticias.com\/category\/uncategorized\/\">Geral<\/a><\/li>\n<li class=\"menu-item menu-item-type-taxonomy menu-item-object-category menu-item-87465\"><a href=\"https:\/\/terrabrasilnoticias.com\/category\/politica\/\">Pol\u00edtica<\/a><\/li>\n<li class=\"menu-item menu-item-type-taxonomy menu-item-object-category current-post-ancestor current-menu-parent current-post-parent menu-item-87468\"><a href=\"https:\/\/terrabrasilnoticias.com\/category\/economia\/\">Economia<\/a><\/li>\n<li class=\"menu-item menu-item-type-taxonomy menu-item-object-category menu-item-87467\"><a href=\"https:\/\/terrabrasilnoticias.com\/category\/entretenimento\/\">Entretenimento<\/a><\/li>\n<li class=\"menu-item menu-item-type-taxonomy menu-item-object-category menu-item-87466\"><a href=\"https:\/\/terrabrasilnoticias.com\/category\/esportes\/\">Esportes<\/a><\/li>\n<\/ul>\n<\/div>\n<\/div>\n<\/div>\n<\/div>\n<div class=\"sticky_blankspace\"><\/div>\n<\/div>\n<div class=\"jeg_ad jeg_ad_top jnews_header_bottom_ads\">\n<div class=\"ads-wrapper  \"><\/div>\n<\/div>\n<div class=\"post-wrapper\">\n<div class=\"post-wrap\">\n<div class=\"jeg_main \">\n<div class=\"jeg_container\">\n<div class=\"jeg_content jeg_singlepage\">\n<div class=\"container\">\n<div class=\"jeg_ad jeg_article jnews_article_top_ads\">\n<div class=\"ads-wrapper  \"><\/div>\n<\/div>\n<div class=\"row\">\n<div class=\"jeg_main_content col-md-8\">\n<div class=\"jeg_inner_content\">\n<div class=\"jeg_breadcrumbs jeg_breadcrumb_container\">\n<div id=\"breadcrumbs\"><span class=\"\"><a href=\"https:\/\/terrabrasilnoticias.com\/\">In\u00edcio<\/a>\u00a0<\/span><i class=\"fa fa-angle-right\"><\/i><span class=\"breadcrumb_last_link\">\u00a0<a href=\"https:\/\/terrabrasilnoticias.com\/category\/economia\/\">Economia<\/a><\/span><\/div>\n<\/div>\n<div class=\"entry-header\">\n<h1 class=\"jeg_post_title\">Trabalhadores CLT podem sacar at\u00e9 R$ 2,8 mil de ressarcimento<\/h1>\n<div class=\"jeg_meta_container\">\n<div class=\"jeg_post_meta jeg_post_meta_1\">\n<div class=\"meta_left\">\n<div class=\"jeg_meta_author\"><span class=\"meta_text\">Por<\/span>\u00a0<a href=\"https:\/\/terrabrasilnoticias.com\/author\/guilhermesilvamyth\/\">Guilherme Silva<\/a><\/div>\n<div class=\"jeg_meta_date\">\u00a0<a href=\"https:\/\/terrabrasilnoticias.com\/2025\/03\/trabalhadores-clt-podem-sacar-ate-r-28-mil-de-ressarcimento\/\">24\/mar\/2025<\/a><\/div>\n<\/div>\n<div class=\"meta_right\"><\/div>\n<\/div>\n<\/div>\n<\/div>\n<div id=\"standard_1\" class=\"st-placement standard_1 inImage\">\n<div class=\"st-adunit st-adunit-tagged st-reset st-show\"><\/div>\n<\/div>\n<div class=\"jeg_featured featured_image \">\n<div class=\"thumbnail-container\"><picture class=\"attachment-jnews-750x375 size-jnews-750x375 wp-post-image\"><source srcset=\"https:\/\/terrabrasilnoticias.com\/wp-content\/uploads\/2024\/11\/carteira-de-trabalho_1732619173567-750x375.jpg.webp 750w, https:\/\/terrabrasilnoticias.com\/wp-content\/uploads\/2024\/11\/carteira-de-trabalho_1732619173567-360x180.jpg.webp 360w, https:\/\/terrabrasilnoticias.com\/wp-content\/uploads\/2024\/11\/carteira-de-trabalho_1732619173567-1140x570.jpg.webp 1140w\" type=\"image\/webp\" sizes=\"(max-width: 750px) 100vw, 750px\" \/><img fetchpriority=\"high\" decoding=\"async\" src=\"https:\/\/terrabrasilnoticias.com\/wp-content\/uploads\/2024\/11\/carteira-de-trabalho_1732619173567-750x375.jpg\" sizes=\"(max-width: 750px) 100vw, 750px\" srcset=\"https:\/\/terrabrasilnoticias.com\/wp-content\/uploads\/2024\/11\/carteira-de-trabalho_1732619173567-750x375.jpg 750w, https:\/\/terrabrasilnoticias.com\/wp-content\/uploads\/2024\/11\/carteira-de-trabalho_1732619173567-360x180.jpg 360w, https:\/\/terrabrasilnoticias.com\/wp-content\/uploads\/2024\/11\/carteira-de-trabalho_1732619173567-1140x570.jpg 1140w\" alt=\"Carteira de Trabalho - Cr\u00e9ditos: depositphotos.com \/ rafapress\" width=\"750\" height=\"375\" data-cfsrc=\"https:\/\/terrabrasilnoticias.com\/wp-content\/uploads\/2024\/11\/carteira-de-trabalho_1732619173567-750x375.jpg\" \/><\/picture><\/div>\n<p class=\"wp-caption-text\">Carteira de Trabalho &#8211; Cr\u00e9ditos: depositphotos.com \/ rafapress<\/p>\n<\/div>\n<div class=\"code-block code-block-1 code-block-content-1\">\n<div id=\"Content1\" data-google-query-id=\"CO2nkoDdp4wDFfZRuAQdBDUsdg\">\n<div id=\"google_ads_iframe_\/22649664706\/terrabrasilnoticias\/terrabrasilnoticias_content1_0__container__\"><iframe id=\"google_ads_iframe_\/22649664706\/terrabrasilnoticias\/terrabrasilnoticias_content1_0\" tabindex=\"0\" title=\"3rd party ad content\" name=\"google_ads_iframe_\/22649664706\/terrabrasilnoticias\/terrabrasilnoticias_content1_0\" width=\"336\" height=\"280\" frameborder=\"0\" marginwidth=\"0\" marginheight=\"0\" scrolling=\"no\" aria-label=\"Advertisement\" data-load-complete=\"true\" data-google-container-id=\"3\" data-mce-fragment=\"1\"><\/iframe><\/div>\n<\/div>\n<\/div>\n<div class=\"jeg_share_top_container\">\n<div class=\"jeg_share_button clearfix\">\n<div class=\"jeg_share_stats\"><\/div>\n<div class=\"jeg_sharelist\"><\/div>\n<\/div>\n<\/div>\n<div class=\"jeg_ad jeg_article jnews_content_top_ads \">\n<div class=\"ads-wrapper  \"><\/div>\n<\/div>\n<div class=\"entry-content no-share\">\n<div class=\"jeg_share_button share-float jeg_sticky_share clearfix share-monocrhome\">\n<div class=\"jeg_share_float_container\"><\/div>\n<\/div>\n<div class=\"content-inner \">\n<div class=\"code-block code-block-8 code-block-taboola\">\n<div>\n<div class=\"truvidPos\">\n<div>\n<div class=\"trv-player-container\">\n<div class=\"trv-wrapper\">\n<div id=\"br_video_player_ee26b68529680b6a0e339adbabf9b9cdc5b9a833\" class=\"trvd_video_player trvdinstream\">\n<div class=\"media-player\">\n<div class=\"trv-video\">\n<div id=\"truvid_ima_container74252\" class=\"truvid_ima_container trv-ima-container-hidden\">\n<div><iframe id=\"goog_2034235307\" title=\"Advertisement\" src=\"https:\/\/imasdk.googleapis.com\/js\/core\/bridge3.689.6_en.html#fid=goog_2034235307\" allowfullscreen=\"allowfullscreen\" data-mce-fragment=\"1\"><\/iframe><\/div>\n<\/div>\n<\/div>\n<div class=\"trv-poster\"><\/div>\n<div class=\"mobile-unmute-wrapper large-unmute\"><\/div>\n<div class=\"links-overlay\">\n<div class=\"links-button\">Leia mais<\/div>\n<\/div>\n<\/div>\n<div class=\"trv-autoskip-container-compact\">\n<div class=\"trv-autoskip-background-compact\">\n<div class=\"trv-autoskip-line-top\">\n<div class=\"\"><\/div>\n<\/div>\n<div class=\"trv-autoskip-line-right\">\n<div class=\"\"><\/div>\n<\/div>\n<div class=\"trv-autoskip-line-bottom\">\n<div class=\"\"><\/div>\n<\/div>\n<div class=\"trv-autoskip-line-left\">\n<div class=\"\"><\/div>\n<\/div>\n<\/div>\n<div class=\"autoskip-btn autoskip-btn-blue-compact autoskip-btn-compact\"><\/div>\n<div class=\"autoskip-btn autoskip-btn-gray-compact autoskip-btn-compact\"><\/div>\n<\/div>\n<div><\/div>\n<p><img decoding=\"async\" src=\"https:\/\/ads.stickyadstv.com\/auto-user-sync?_fw_gdpr=0&amp;_fw_gdpr_consent=\" \/><img decoding=\"async\" src=\"https:\/\/ads.stickyadstv.com\/user-matching?id=2545&amp;_fw_gdpr=0&amp;_fw_gdpr_consent=\" \/><\/p>\n<div><iframe src=\"https:\/\/csync-global.smartadserver.com\/3356\/CookieSync.html\" data-mce-fragment=\"1\"><\/iframe><\/div>\n<\/div>\n<\/div>\n<\/div>\n<\/div>\n<\/div>\n<\/div>\n<\/div>\n<p>O Fundo PIS\/Pasep foi institu\u00eddo nos anos 1970 com a finalidade de promover a poupan\u00e7a entre trabalhadores brasileiros. Originalmente, o Programa de Integra\u00e7\u00e3o Social (PIS) atendia empregados do setor privado, enquanto o Programa de Forma\u00e7\u00e3o do Patrim\u00f4nio do Servidor P\u00fablico (<strong>Pasep<\/strong>) era destinado a servidores p\u00fablicos. Em 1975, esses programas foram unificados, formando o Fundo PIS-Pasep, que operou at\u00e9 1988, quando foi substitu\u00eddo pelo abono salarial que conhecemos hoje.<\/p>\n<div class=\"code-block code-block-2 code-block-content-2\">\n<div>\n<div>Anuncios<\/div>\n<div id=\"Content2\" data-google-query-id=\"COWdyoDdp4wDFalouAQdslAwdg\">\n<div id=\"google_ads_iframe_\/22649664706\/terrabrasilnoticias\/terrabrasilnoticias_content2_0__container__\"><iframe id=\"google_ads_iframe_\/22649664706\/terrabrasilnoticias\/terrabrasilnoticias_content2_0\" tabindex=\"0\" title=\"3rd party ad content\" name=\"google_ads_iframe_\/22649664706\/terrabrasilnoticias\/terrabrasilnoticias_content2_0\" width=\"411\" height=\"343\" frameborder=\"0\" marginwidth=\"0\" marginheight=\"0\" scrolling=\"no\" aria-label=\"Advertisement\" data-load-complete=\"true\" data-google-container-id=\"4\" data-mce-fragment=\"1\"><\/iframe><\/div>\n<\/div>\n<\/div>\n<\/div>\n<p>O\u00a0<strong>Minist\u00e9rio da Fazenda\u00a0<\/strong>estima que o valor m\u00e9dio a ser ressarcido seja de\u00a0<strong>R$ 2,8 mil<\/strong>. Com o tempo, muitos trabalhadores n\u00e3o sacaram suas cotas do fundo. Em 2020, essas cotas foram transferidas para o Fundo de Garantia do Tempo de Servi\u00e7o (<a href=\"https:\/\/www.caixa.gov.br\/beneficios-trabalhador\/fgts\/Paginas\/default.aspx\" target=\"_blank\" rel=\"noreferrer noopener\">FGTS<\/a>) e, posteriormente, para uma conta \u00fanica no Tesouro Nacional. Atualmente, ainda \u00e9 poss\u00edvel solicitar o ressarcimento dos valores n\u00e3o resgatados, oferecendo uma oportunidade para recuperar os recursos acumulados ao longo dos anos.<\/p>\n<h2 class=\"wp-block-heading\">Como verificar se h\u00e1 valores dispon\u00edveis para os trabalhadores?<\/h2>\n<p>Para descobrir se h\u00e1 valores esquecidos no Fundo PIS\/Pasep, o Minist\u00e9rio da Fazenda disponibilizou a plataforma REPIS Cidad\u00e3o. A consulta \u00e9 feita online, e o usu\u00e1rio precisa acessar o site REPIS Cidad\u00e3o e fazer login com uma conta gov.br, que deve estar nos n\u00edveis prata ou ouro. Ap\u00f3s o login, \u00e9 necess\u00e1rio informar o N\u00famero de Identifica\u00e7\u00e3o Social (<strong>NIS<\/strong>) para verificar a exist\u00eancia de valores a receber.<\/p>\n<div class=\"jnews_inline_related_post_wrapper left\">\n<div class=\"jnews_inline_related_post\">\n<div class=\"jeg_postblock_28 jeg_postblock jeg_module_hook jeg_pagination_disable jeg_col_2o3 jnews_module_293308_0_67e3eef43bcc4   \" data-unique=\"jnews_module_293308_0_67e3eef43bcc4\">\n<div class=\"jeg_block_heading jeg_block_heading_8 jeg_subcat_right\">\n<h3 class=\"jeg_block_title\"><strong>Leia Tamb\u00e9m<\/strong><\/h3>\n<\/div>\n<div class=\"jeg_block_container\">\n<div class=\"jeg_posts \">\n<div class=\"jeg_postsmall jeg_load_more_flag\">\n<article class=\"jeg_post jeg_pl_xs_4 format-standard\">\n<div class=\"jeg_postblock_content\">\n<h3 class=\"jeg_post_title\"><a href=\"https:\/\/terrabrasilnoticias.com\/2025\/03\/nova-lei-traz-mudancas-para-trabalhadores-em-todo-brasil\/\">Nova lei traz mudan\u00e7as para trabalhadores em todo Brasil<\/a><\/h3>\n<\/div>\n<\/article>\n<article class=\"jeg_post jeg_pl_xs_4 format-standard\">\n<div class=\"jeg_postblock_content\">\n<h3 class=\"jeg_post_title\"><a href=\"https:\/\/terrabrasilnoticias.com\/2025\/03\/lei-no-senado-visa-punir-criacao-de-perfis-fakes-na-internet\/\">Lei no Senado visa punir cria\u00e7\u00e3o de perfis fakes na internet<\/a><\/h3>\n<\/div>\n<\/article>\n<article class=\"jeg_post jeg_pl_xs_4 format-standard\">\n<div class=\"jeg_postblock_content\">\n<h3 class=\"jeg_post_title\"><a href=\"https:\/\/terrabrasilnoticias.com\/2025\/03\/diga-adeus-a-burocracia-cadunico-e-bolsa-familia-ganham-turbo-digital\/\">Diga adeus \u00e0 burocracia! Cad\u00danico e Bolsa Fam\u00edlia ganham turbo digital<\/a><\/h3>\n<\/div>\n<\/article>\n<\/div>\n<\/div>\n<\/div>\n<div class=\"jeg_block_navigation\"><\/div>\n<\/div>\n<\/div>\n<\/div>\n<div class=\"code-block code-block-3 code-block-content-3\">\n<div>\n<div>Anuncios<\/div>\n<div id=\"Content3\" data-google-query-id=\"CIXLoqjgp4wDFR1KuAQdCk89kQ\">\n<div id=\"google_ads_iframe_\/22649664706\/terrabrasilnoticias\/terrabrasilnoticias_content3_0__container__\"><iframe id=\"google_ads_iframe_\/22649664706\/terrabrasilnoticias\/terrabrasilnoticias_content3_0\" tabindex=\"0\" title=\"3rd party ad content\" name=\"google_ads_iframe_\/22649664706\/terrabrasilnoticias\/terrabrasilnoticias_content3_0\" width=\"381\" height=\"318\" frameborder=\"0\" marginwidth=\"0\" marginheight=\"0\" scrolling=\"no\" aria-label=\"Advertisement\" data-load-complete=\"true\" data-google-container-id=\"5\" data-mce-fragment=\"1\"><\/iframe><\/div>\n<\/div>\n<\/div>\n<\/div>\n<p>Essa ferramenta foi criada para facilitar o acesso dos trabalhadores \u00e0s informa\u00e7\u00f5es sobre seus direitos, permitindo uma consulta r\u00e1pida e segura.<\/p>\n<h2 class=\"wp-block-heading\">Como solicitar o ressarcimento dos valores?<\/h2>\n<div class=\"wp-block-image\">\n<figure class=\"aligncenter size-large is-resized\"><picture class=\"wp-image-190031\"><source srcset=\"https:\/\/terrabrasilnoticias.com\/wp-content\/uploads\/2024\/09\/FGTS_1726279860558-1024x576.jpg.webp 1024w, https:\/\/terrabrasilnoticias.com\/wp-content\/uploads\/2024\/09\/FGTS_1726279860558-300x169.jpg.webp 300w, https:\/\/terrabrasilnoticias.com\/wp-content\/uploads\/2024\/09\/FGTS_1726279860558-768x432.jpg.webp 768w, https:\/\/terrabrasilnoticias.com\/wp-content\/uploads\/2024\/09\/FGTS_1726279860558-750x422.jpg.webp 750w, https:\/\/terrabrasilnoticias.com\/wp-content\/uploads\/2024\/09\/FGTS_1726279860558-1140x641.jpg.webp 1140w, https:\/\/terrabrasilnoticias.com\/wp-content\/uploads\/2024\/09\/FGTS_1726279860558.jpg.webp 1279w\" type=\"image\/webp\" sizes=\"(max-width: 1024px) 100vw, 1024px\" \/><img decoding=\"async\" src=\"https:\/\/terrabrasilnoticias.com\/wp-content\/uploads\/2024\/09\/FGTS_1726279860558-1024x576.jpg\" sizes=\"(max-width: 1024px) 100vw, 1024px\" srcset=\"https:\/\/terrabrasilnoticias.com\/wp-content\/uploads\/2024\/09\/FGTS_1726279860558-1024x576.jpg 1024w, https:\/\/terrabrasilnoticias.com\/wp-content\/uploads\/2024\/09\/FGTS_1726279860558-300x169.jpg 300w, https:\/\/terrabrasilnoticias.com\/wp-content\/uploads\/2024\/09\/FGTS_1726279860558-768x432.jpg 768w, https:\/\/terrabrasilnoticias.com\/wp-content\/uploads\/2024\/09\/FGTS_1726279860558-750x422.jpg 750w, https:\/\/terrabrasilnoticias.com\/wp-content\/uploads\/2024\/09\/FGTS_1726279860558-1140x641.jpg 1140w, https:\/\/terrabrasilnoticias.com\/wp-content\/uploads\/2024\/09\/FGTS_1726279860558.jpg 1279w\" alt=\"Carteira de trabalho e dinheiro - Cr\u00e9ditos: depositphotos.com \/ robertohunger\" width=\"1024\" height=\"576\" data-cfsrc=\"https:\/\/terrabrasilnoticias.com\/wp-content\/uploads\/2024\/09\/FGTS_1726279860558-1024x576.jpg\" data-pin-no-hover=\"true\" \/><\/picture><figcaption class=\"wp-element-caption\">Carteira de trabalho e dinheiro \u2013 Cr\u00e9ditos: depositphotos.com \/ robertohunger<\/figcaption><\/figure>\n<\/div>\n<p>O ressarcimento dos valores do antigo PIS\/Pasep pode ser solicitado pelo pr\u00f3prio benefici\u00e1rio ou por herdeiros, caso o titular tenha falecido. O processo \u00e9 realizado atrav\u00e9s do aplicativo da\u00a0<a href=\"https:\/\/www.caixa.gov.br\/atendimento\/aplicativos\/Paginas\/default.aspx\" target=\"_blank\" rel=\"noreferrer noopener\">Caixa Econ\u00f4mica Federal<\/a>, onde \u00e9 necess\u00e1rio selecionar a op\u00e7\u00e3o \u201cressarcimento PIS\/Pasep\u201d e seguir as instru\u00e7\u00f5es para anexar os documentos exigidos. Herdeiros devem apresentar documentos adicionais, como certid\u00e3o de dependentes habilitados \u00e0 pens\u00e3o por morte ou autoriza\u00e7\u00e3o judicial.<\/p>\n<div class=\"code-block code-block-5 code-block-content-4\">\n<div>\n<div>Anuncios<\/div>\n<div id=\"Content4\" data-google-query-id=\"CKL2jL7gp4wDFSJZuAQdeIcYhQ\">\n<div id=\"google_ads_iframe_\/22649664706\/terrabrasilnoticias\/terrabrasilnoticias_content4_0__container__\"><iframe id=\"google_ads_iframe_\/22649664706\/terrabrasilnoticias\/terrabrasilnoticias_content4_0\" tabindex=\"0\" title=\"3rd party ad content\" name=\"google_ads_iframe_\/22649664706\/terrabrasilnoticias\/terrabrasilnoticias_content4_0\" width=\"381\" height=\"318\" frameborder=\"0\" marginwidth=\"0\" marginheight=\"0\" scrolling=\"no\" aria-label=\"Advertisement\" data-load-complete=\"true\" data-google-container-id=\"6\" data-mce-fragment=\"1\"><\/iframe><\/div>\n<\/div>\n<\/div>\n<\/div>\n<p>Ap\u00f3s a solicita\u00e7\u00e3o, a Caixa Econ\u00f4mica Federal analisa o pedido e encaminha as informa\u00e7\u00f5es ao Minist\u00e9rio da Fazenda. O pagamento \u00e9 efetuado diretamente na conta banc\u00e1ria do solicitante ou por meio de uma conta poupan\u00e7a social digital.<\/p>\n<h2 class=\"wp-block-heading\">Quando os valores ser\u00e3o pagos aos trabalhadores?<\/h2>\n<p>O pagamento dos valores segue um calend\u00e1rio espec\u00edfico, que determina as datas de libera\u00e7\u00e3o conforme o m\u00eas de solicita\u00e7\u00e3o. Para garantir que o pagamento ocorra dentro do prazo, os benefici\u00e1rios devem ficar atentos a esse calend\u00e1rio.<\/p>\n<ul class=\"wp-block-list\">\n<li>Os valores s\u00e3o depositados na conta banc\u00e1ria indicada pelo solicitante.<\/li>\n<li>Alternativamente, o pagamento pode ser feito em uma conta poupan\u00e7a social digital, conforme a escolha realizada no processo de solicita\u00e7\u00e3o.<\/li>\n<\/ul>\n<h2 class=\"wp-block-heading\">O que acontece se o ressarcimento n\u00e3o for solicitado?<\/h2>\n<p>Os trabalhadores t\u00eam at\u00e9 setembro de 2028 para solicitar o ressarcimento dos valores esquecidos no Fundo PIS\/Pasep. Caso contr\u00e1rio, os valores ser\u00e3o incorporados ao Tesouro Nacional, sem possibilidade de saque futuro. Portanto, \u00e9 essencial que os benefici\u00e1rios ou seus herdeiros realizem a consulta e o pedido de ressarcimento dentro do prazo estabelecido.<\/p>\n<p>Essa medida visa assegurar que os recursos sejam devidamente utilizados e que os trabalhadores n\u00e3o percam o direito ao ressarcimento por falta de a\u00e7\u00e3o dentro do prazo estipulado.<\/p>\n<p>Fonte: Terra Brasil Not\u00edcias<\/p>\n<\/div>\n<\/div>\n<\/div>\n<\/div>\n<\/div>\n<\/div>\n<\/div>\n<\/div>\n<\/div>\n<\/div>\n<\/div>\n","protected":false},"excerpt":{"rendered":"<p>O Fundo PIS\/Pasep foi institu\u00eddo nos anos 1970 com a finalidade de promover a poupan\u00e7a entre trabalhadores brasileiros. Originalmente, o Programa de Integra\u00e7\u00e3o Social (PIS)&#8230;<\/p>\n","protected":false},"author":1527,"featured_media":58030,"comment_status":"closed","ping_status":"closed","sticky":false,"template":"","format":"standard","meta":{"footnotes":""},"categories":[6],"tags":[],"class_list":["post-58029","post","type-post","status-publish","format-standard","has-post-thumbnail","hentry","category-noticias"],"_links":{"self":[{"href":"https:\/\/www.sincomam.org.br\/index.php\/wp-json\/wp\/v2\/posts\/58029","targetHints":{"allow":["GET"]}}],"collection":[{"href":"https:\/\/www.sincomam.org.br\/index.php\/wp-json\/wp\/v2\/posts"}],"about":[{"href":"https:\/\/www.sincomam.org.br\/index.php\/wp-json\/wp\/v2\/types\/post"}],"author":[{"embeddable":true,"href":"https:\/\/www.sincomam.org.br\/index.php\/wp-json\/wp\/v2\/users\/1527"}],"replies":[{"embeddable":true,"href":"https:\/\/www.sincomam.org.br\/index.php\/wp-json\/wp\/v2\/comments?post=58029"}],"version-history":[{"count":1,"href":"https:\/\/www.sincomam.org.br\/index.php\/wp-json\/wp\/v2\/posts\/58029\/revisions"}],"predecessor-version":[{"id":58031,"href":"https:\/\/www.sincomam.org.br\/index.php\/wp-json\/wp\/v2\/posts\/58029\/revisions\/58031"}],"wp:featuredmedia":[{"embeddable":true,"href":"https:\/\/www.sincomam.org.br\/index.php\/wp-json\/wp\/v2\/media\/58030"}],"wp:attachment":[{"href":"https:\/\/www.sincomam.org.br\/index.php\/wp-json\/wp\/v2\/media?parent=58029"}],"wp:term":[{"taxonomy":"category","embeddable":true,"href":"https:\/\/www.sincomam.org.br\/index.php\/wp-json\/wp\/v2\/categories?post=58029"},{"taxonomy":"post_tag","embeddable":true,"href":"https:\/\/www.sincomam.org.br\/index.php\/wp-json\/wp\/v2\/tags?post=58029"}],"curies":[{"name":"wp","href":"https:\/\/api.w.org\/{rel}","templated":true}]}}