{"id":58021,"date":"2025-03-25T09:42:16","date_gmt":"2025-03-25T12:42:16","guid":{"rendered":"https:\/\/www.sincomam.org.br\/?p=58021"},"modified":"2025-03-25T09:42:16","modified_gmt":"2025-03-25T12:42:16","slug":"codeba-e-secretaria-nacional-de-portos-alinham-estrategias-para-impulsionar-boas-praticas-no-setor-portuario","status":"publish","type":"post","link":"https:\/\/www.sincomam.org.br\/index.php\/codeba-e-secretaria-nacional-de-portos-alinham-estrategias-para-impulsionar-boas-praticas-no-setor-portuario\/","title":{"rendered":"CODEBA e Secretaria Nacional de Portos alinham estrat\u00e9gias para impulsionar boas pr\u00e1ticas no setor portu\u00e1rio"},"content":{"rendered":"<div id=\"chunk-bu502\">\n<div class=\"mc-column content-text active-extra-styles \" data-block-type=\"unstyled\" data-block-weight=\"27\" data-block-id=\"3\"><\/div>\n<\/div>\n<div class=\"wall protected-content\">\n<div id=\"chunk-6vrbm\">\n<div class=\"mc-column content-text active-extra-styles\" data-block-type=\"raw\" data-block-weight=\"60\" data-block-id=\"7\">\n<div id=\"chunk-c0cgb\">\n<div class=\"show-flourish-embed-block\">\n<div class=\"show-flourish-embed-block__container show-flourish-embed-block__container--visualization\" data-flourish-embed=\"\" data-flourish-content-type=\"visualization\">\n<div class=\"flourish-embed flourish-embed--visualization flourish-background\" data-src=\"visualisation\/20924159\" data-width=\"100%\"><\/div>\n<\/div>\n<\/div>\n<\/div>\n<\/div>\n<\/div>\n<div id=\"chunk-dkru6\">\n<div class=\"content-ads content-ads--reveal\" data-block-type=\"ads\" data-block-id=\"8\">\n<div id=\"banner_materia2\" class=\"tag-manager-publicidade-container mc-has-reveal mc-has-ad-lazyload tag-manager-publicidade-banner_materia2 tag-manager-publicidade-container--carregado tag-manager-publicidade-container--visivel\" data-id=\"banner_materia2\" data-google-query-id=\"CM6ZoNWbpYwDFbtLuAQdolAujA\">\n<div>A Autoridade Portu\u00e1ria da Bahia \u2013 CODEBA sediou, nesta segunda-feira (24), uma reuni\u00e3o t\u00e9cnica com a diretoria executiva, gerentes e coordenadores da Companhia, al\u00e9m do coordenador-geral de Gest\u00e3o Portu\u00e1ria, Thiago Camelo, e do coordenador de Gest\u00e3o Portu\u00e1ria, Jos\u00e9 Alberto. O encontro, realizado no audit\u00f3rio da sede da CODEBA, em Salvador, teve como objetivo fortalecer a articula\u00e7\u00e3o entre a Secretaria Nacional de Portos e a CODEBA, promovendo o alinhamento institucional e o aprimoramento das a\u00e7\u00f5es conjuntas.<\/div>\n<div><\/div>\n<div>Na ocasi\u00e3o, o diretor-presidente da CODEBA, Antonio Gobbo, apresentou os Indicadores de Sustentabilidade Operacional da Autoridade Portu\u00e1ria da Bahia, destacando que, em 2024, a empresa registrou a maior execu\u00e7\u00e3o de investimentos e movimenta\u00e7\u00e3o de cargas de sua hist\u00f3ria. Foram executados 55,13% do or\u00e7amento anual, e o volume de cargas movimentadas ultrapassou 13,7 milh\u00f5es de toneladas, um crescimento de aproximadamente 8% em rela\u00e7\u00e3o a 2023.<\/div>\n<div>\n<div>\u201cEscolhemos a CODEBA para iniciar essa s\u00e9rie de reuni\u00f5es sobre boas pr\u00e1ticas, n\u00e3o s\u00f3 pelos excelentes n\u00fameros de execu\u00e7\u00e3o or\u00e7ament\u00e1ria, mas tamb\u00e9m pelo grande potencial da empresa, que se destaca como exemplo de governan\u00e7a, gest\u00e3o de riscos, estrat\u00e9gias, opera\u00e7\u00f5es e ESG\u201d, afirmou Thiago Camelo.<\/div>\n<div><\/div>\n<div>J\u00e1 o coordenador Jos\u00e9 Alberto ressaltou a import\u00e2ncia de disseminar as boas pr\u00e1ticas do setor portu\u00e1rio. \u201cNosso papel \u00e9 identificar o que deu certo aqui e levar para todos os portos do Brasil, contribuindo para a melhoria do sistema portu\u00e1rio como um todo\u201d.<\/div>\n<div><\/div>\n<\/div>\n<div id=\"infor-1727175693\" class=\"infor-depois-do-conteudo\">Fonte: Informativo dos Portos<\/div>\n<\/div>\n<\/div>\n<\/div>\n<\/div>\n","protected":false},"excerpt":{"rendered":"<p>A Autoridade Portu\u00e1ria da Bahia \u2013 CODEBA sediou, nesta segunda-feira (24), uma reuni\u00e3o t\u00e9cnica com a diretoria executiva, gerentes e coordenadores da Companhia, al\u00e9m do&#8230;<\/p>\n","protected":false},"author":1527,"featured_media":58023,"comment_status":"closed","ping_status":"closed","sticky":false,"template":"","format":"standard","meta":{"footnotes":""},"categories":[6],"tags":[],"class_list":["post-58021","post","type-post","status-publish","format-standard","has-post-thumbnail","hentry","category-noticias"],"_links":{"self":[{"href":"https:\/\/www.sincomam.org.br\/index.php\/wp-json\/wp\/v2\/posts\/58021","targetHints":{"allow":["GET"]}}],"collection":[{"href":"https:\/\/www.sincomam.org.br\/index.php\/wp-json\/wp\/v2\/posts"}],"about":[{"href":"https:\/\/www.sincomam.org.br\/index.php\/wp-json\/wp\/v2\/types\/post"}],"author":[{"embeddable":true,"href":"https:\/\/www.sincomam.org.br\/index.php\/wp-json\/wp\/v2\/users\/1527"}],"replies":[{"embeddable":true,"href":"https:\/\/www.sincomam.org.br\/index.php\/wp-json\/wp\/v2\/comments?post=58021"}],"version-history":[{"count":1,"href":"https:\/\/www.sincomam.org.br\/index.php\/wp-json\/wp\/v2\/posts\/58021\/revisions"}],"predecessor-version":[{"id":58024,"href":"https:\/\/www.sincomam.org.br\/index.php\/wp-json\/wp\/v2\/posts\/58021\/revisions\/58024"}],"wp:featuredmedia":[{"embeddable":true,"href":"https:\/\/www.sincomam.org.br\/index.php\/wp-json\/wp\/v2\/media\/58023"}],"wp:attachment":[{"href":"https:\/\/www.sincomam.org.br\/index.php\/wp-json\/wp\/v2\/media?parent=58021"}],"wp:term":[{"taxonomy":"category","embeddable":true,"href":"https:\/\/www.sincomam.org.br\/index.php\/wp-json\/wp\/v2\/categories?post=58021"},{"taxonomy":"post_tag","embeddable":true,"href":"https:\/\/www.sincomam.org.br\/index.php\/wp-json\/wp\/v2\/tags?post=58021"}],"curies":[{"name":"wp","href":"https:\/\/api.w.org\/{rel}","templated":true}]}}