{"id":58005,"date":"2025-03-25T06:00:16","date_gmt":"2025-03-25T09:00:16","guid":{"rendered":"https:\/\/www.sincomam.org.br\/?p=58005"},"modified":"2025-03-24T23:31:53","modified_gmt":"2025-03-25T02:31:53","slug":"marinha-coordena-workshop-da-onu-sobre-artilharia-no-rio","status":"publish","type":"post","link":"https:\/\/www.sincomam.org.br\/index.php\/marinha-coordena-workshop-da-onu-sobre-artilharia-no-rio\/","title":{"rendered":"Marinha coordena workshop da ONU sobre artilharia no Rio"},"content":{"rendered":"<p class=\"\" data-start=\"327\" data-end=\"778\">Em uma sala estrat\u00e9gica no cora\u00e7\u00e3o da Ilha do Governador, no Rio de Janeiro, oficiais de diferentes na\u00e7\u00f5es se re\u00fanem com um prop\u00f3sito comum: tornar mais eficaz e seguro o emprego de uma das capacidades militares mais poderosas em miss\u00f5es de paz \u2014 a artilharia de campanha. Sob a coordena\u00e7\u00e3o da Marinha do Brasil, o workshop internacional promovido pela ONU marca um passo decisivo na elabora\u00e7\u00e3o de um manual operacional que ser\u00e1 refer\u00eancia global.<\/p>\n<h3 class=\"\" data-start=\"785\" data-end=\"855\">Artilharia em opera\u00e7\u00f5es de paz: precis\u00e3o, poder e responsabilidade<\/h3>\n<p class=\"\" data-start=\"857\" data-end=\"1238\">O uso da artilharia em miss\u00f5es da ONU, embora incomum, tem se mostrado necess\u00e1rio em cen\u00e1rios de alta complexidade, como no leste da Rep\u00fablica Democr\u00e1tica do Congo. Em 2024, a Miss\u00e3o da ONU para Estabiliza\u00e7\u00e3o do pa\u00eds (MONUSCO) implantou uma unidade de artilharia de campanha, trazendo \u00e0 tona quest\u00f5es sens\u00edveis sobre comando, controle, sele\u00e7\u00e3o de alvos e uso proporcional da for\u00e7a.<\/p>\n<p class=\"\" data-start=\"1240\" data-end=\"1687\">Com o objetivo de preencher lacunas doutrin\u00e1rias e assegurar o emprego respons\u00e1vel desses meios, o Departamento de Opera\u00e7\u00f5es de Paz da ONU iniciou a elabora\u00e7\u00e3o de um\u00a0manual operacional para unidades de artilharia, a ser publicado at\u00e9 o final de 2025. O workshop realizado entre os dias 24 e 28 de mar\u00e7o, no\u00a0Centro de Opera\u00e7\u00f5es de Paz e Humanit\u00e1rias de Car\u00e1ter Naval (COpPazNav), no Rio de Janeiro, representa a fase inicial desse processo.<\/p>\n<p class=\"\" data-start=\"1689\" data-end=\"2113\">O evento re\u00fane militares especialistas da Marinha do\u00a0Brasil\u00a0e de nove pa\u00edses \u2014 Bangladesh, China, Gana, Marrocos, Nig\u00e9ria, Paquist\u00e3o, Uruguai, Z\u00e2mbia e Zimb\u00e1bue \u2014 al\u00e9m de especialistas civis da ONU em log\u00edstica, direitos humanos e direito internacional. A diversidade do grupo garante uma abordagem multidisciplinar e intercultural para a constru\u00e7\u00e3o de um documento robusto, que servir\u00e1 de refer\u00eancia para futuras opera\u00e7\u00f5es.<\/p>\n<h3 class=\"\" data-start=\"2120\" data-end=\"2165\">Lideran\u00e7a brasileira e diplomacia militar<\/h3>\n<p class=\"\" data-start=\"2167\" data-end=\"2637\">A escolha da\u00a0Marinha do Brasil\u00a0como anfitri\u00e3 e coordenadora local\u00a0do workshop reflete o prest\u00edgio da institui\u00e7\u00e3o no cen\u00e1rio internacional, em especial no contexto das opera\u00e7\u00f5es de paz. Coube ao\u00a0Capit\u00e3o de Mar e Guerra (FN) Rodrigo Rodrigues Fonseca, atual Comandante do Batalh\u00e3o de Combate A\u00e9reo dos\u00a0Fuzileiros Navais, a fun\u00e7\u00e3o de subcoordenador do grupo de trabalho, atuando ao lado do Brigadeiro Raymond Utsaha, do Ex\u00e9rcito da Nig\u00e9ria, que lidera os trabalhos.<\/p>\n<p class=\"\" data-start=\"2639\" data-end=\"3060\">A condu\u00e7\u00e3o do evento no\u00a0COpPazNav, estrutura de excel\u00eancia voltada \u00e0 prepara\u00e7\u00e3o de militares e civis para miss\u00f5es humanit\u00e1rias e de paz, demonstra o alinhamento da Marinha com os princ\u00edpios da ONU e com as diretrizes do Comandante da For\u00e7a. Al\u00e9m de funcionar como um centro disseminador de doutrina, o COpPazNav projeta o Brasil como um ator relevante na diplomacia de defesa e na constru\u00e7\u00e3o de normas internacionais.<\/p>\n<p class=\"\" data-start=\"3062\" data-end=\"3334\">O workshop tamb\u00e9m fortalece os la\u00e7os multilaterais entre as For\u00e7as Armadas brasileiras e os pa\u00edses parceiros, refor\u00e7ando a imagem do Brasil como na\u00e7\u00e3o comprometida com a paz e com a legalidade internacional, inclusive no uso criterioso de meios de for\u00e7a como a artilharia.<\/p>\n<h3 class=\"\" data-start=\"3341\" data-end=\"3389\">COpPazNav e o futuro da doutrina operacional<\/h3>\n<p class=\"\" data-start=\"3391\" data-end=\"3831\">A realiza\u00e7\u00e3o do workshop em territ\u00f3rio nacional e sob coordena\u00e7\u00e3o da Marinha n\u00e3o apenas refor\u00e7a o papel do Brasil na ONU, mas tamb\u00e9m amplia a visibilidade de institui\u00e7\u00f5es estrat\u00e9gicas como o\u00a0Centro de Opera\u00e7\u00f5es de Paz e Humanit\u00e1rias de Car\u00e1ter Naval. Criado com a miss\u00e3o de formar, organizar e difundir conhecimento t\u00e9cnico e t\u00e1tico sobre opera\u00e7\u00f5es de paz, o COpPazNav consolida-se como um dos pilares doutrin\u00e1rios da Marinha do Brasil.<\/p>\n<p class=\"\" data-start=\"3833\" data-end=\"4080\">Ao final do evento, o grupo de trabalho entregar\u00e1 ao Escrit\u00f3rio de Assuntos Militares da ONU uma\u00a0primeira minuta do manual operacional, que passar\u00e1 por revis\u00f5es t\u00e9cnicas e valida\u00e7\u00f5es institucionais ao longo de 2025, at\u00e9 sua publica\u00e7\u00e3o oficial.<\/p>\n<p class=\"\" data-start=\"4082\" data-end=\"4324\">Mais do que um documento t\u00e9cnico, o manual representa um avan\u00e7o na consolida\u00e7\u00e3o de princ\u00edpios como legalidade, proporcionalidade e precis\u00e3o no emprego da for\u00e7a armada. E o Brasil, por meio da Marinha, est\u00e1 na linha de frente dessa constru\u00e7\u00e3o.<\/p>\n<p data-start=\"4082\" data-end=\"4324\">Fonte: Defesa em Foco<\/p>\n","protected":false},"excerpt":{"rendered":"<p>Em uma sala estrat\u00e9gica no cora\u00e7\u00e3o da Ilha do Governador, no Rio de Janeiro, oficiais de diferentes na\u00e7\u00f5es se re\u00fanem com um prop\u00f3sito comum: tornar&#8230;<\/p>\n","protected":false},"author":1527,"featured_media":58007,"comment_status":"closed","ping_status":"closed","sticky":false,"template":"","format":"standard","meta":{"footnotes":""},"categories":[6],"tags":[],"class_list":["post-58005","post","type-post","status-publish","format-standard","has-post-thumbnail","hentry","category-noticias"],"_links":{"self":[{"href":"https:\/\/www.sincomam.org.br\/index.php\/wp-json\/wp\/v2\/posts\/58005","targetHints":{"allow":["GET"]}}],"collection":[{"href":"https:\/\/www.sincomam.org.br\/index.php\/wp-json\/wp\/v2\/posts"}],"about":[{"href":"https:\/\/www.sincomam.org.br\/index.php\/wp-json\/wp\/v2\/types\/post"}],"author":[{"embeddable":true,"href":"https:\/\/www.sincomam.org.br\/index.php\/wp-json\/wp\/v2\/users\/1527"}],"replies":[{"embeddable":true,"href":"https:\/\/www.sincomam.org.br\/index.php\/wp-json\/wp\/v2\/comments?post=58005"}],"version-history":[{"count":1,"href":"https:\/\/www.sincomam.org.br\/index.php\/wp-json\/wp\/v2\/posts\/58005\/revisions"}],"predecessor-version":[{"id":58008,"href":"https:\/\/www.sincomam.org.br\/index.php\/wp-json\/wp\/v2\/posts\/58005\/revisions\/58008"}],"wp:featuredmedia":[{"embeddable":true,"href":"https:\/\/www.sincomam.org.br\/index.php\/wp-json\/wp\/v2\/media\/58007"}],"wp:attachment":[{"href":"https:\/\/www.sincomam.org.br\/index.php\/wp-json\/wp\/v2\/media?parent=58005"}],"wp:term":[{"taxonomy":"category","embeddable":true,"href":"https:\/\/www.sincomam.org.br\/index.php\/wp-json\/wp\/v2\/categories?post=58005"},{"taxonomy":"post_tag","embeddable":true,"href":"https:\/\/www.sincomam.org.br\/index.php\/wp-json\/wp\/v2\/tags?post=58005"}],"curies":[{"name":"wp","href":"https:\/\/api.w.org\/{rel}","templated":true}]}}