{"id":57997,"date":"2025-03-24T09:55:15","date_gmt":"2025-03-24T12:55:15","guid":{"rendered":"https:\/\/www.sincomam.org.br\/?p=57997"},"modified":"2025-03-24T09:55:15","modified_gmt":"2025-03-24T12:55:15","slug":"mais-de-40-milhoes-simulam-consignado-para-clt-ate-este-domingo","status":"publish","type":"post","link":"https:\/\/www.sincomam.org.br\/index.php\/mais-de-40-milhoes-simulam-consignado-para-clt-ate-este-domingo\/","title":{"rendered":"Mais de 40 milh\u00f5es simulam consignado para CLT at\u00e9 este domingo"},"content":{"rendered":"<p>Mais de 40 milh\u00f5es de trabalhadores fizeram a simula\u00e7\u00e3o do novo cr\u00e9dito consignado para empregados da iniciativa privada,\u00a0de sexta-feira (21) at\u00e9 as 18h deste domingo (23),\u00a0informou o Minist\u00e9rio do Trabalho\u00a0e Emprego.\u00a0Ao todo, as simula\u00e7\u00f5es somaram 40.180.384.\u00a0Com o potencial de oferecer cr\u00e9dito menos caro a at\u00e9 47 milh\u00f5es de pessoas, a nova modalidade entrou em vigor na \u00faltima\u00a0sexta-feira.<img decoding=\"async\" src=\"https:\/\/agenciabrasil.ebc.com.br\/ebc.png?id=1635689&amp;o=node\" \/><img decoding=\"async\" src=\"https:\/\/agenciabrasil.ebc.com.br\/ebc.gif?id=1635689&amp;o=node\" \/><\/p>\n<p>Foram apresentadas nesse per\u00edodo\u00a04.501.280 propostas, e\u00a011.032 contratos foram fechados,\u00a0por meio do aplicativo da Carteira de Trabalho Digital.<\/p>\n<p>Criado por medida provis\u00f3ria no dia 12, o\u00a0Programa Cr\u00e9dito do Trabalhador na Carteira Digital de Trabalho\u00a0abrange empregados da iniciativa privada com carteira assinada, incluindo empregados dom\u00e9sticos, trabalhadores rurais e contratados por microempreendedores individuais (MEI).<\/p>\n<p>A nova modalidade permite que o trabalhador autorize o compartilhamento de dados do eSocial, sistema eletr\u00f4nico que unifica informa\u00e7\u00f5es trabalhistas, para contratar cr\u00e9dito com desconto em folha.<\/p>\n<p>Com o novo programa,\u00a0mais de 80 bancos e institui\u00e7\u00f5es financeiras poder\u00e3o ter acesso ao perfil de trabalhadores com carteira assinada por meio do eSocial.\u00a0A partir de 25 de abril, todos os bancos poder\u00e3o ofertar o cr\u00e9dito em suas plataformas digitais.<\/p>\n<p>Fonte: Ag\u00eancia Brasil<\/p>\n","protected":false},"excerpt":{"rendered":"<p>Mais de 40 milh\u00f5es de trabalhadores fizeram a simula\u00e7\u00e3o do novo cr\u00e9dito consignado para empregados da iniciativa privada,\u00a0de sexta-feira (21) at\u00e9 as 18h deste domingo&#8230;<\/p>\n","protected":false},"author":1527,"featured_media":57999,"comment_status":"closed","ping_status":"closed","sticky":false,"template":"","format":"standard","meta":{"footnotes":""},"categories":[6],"tags":[],"class_list":["post-57997","post","type-post","status-publish","format-standard","has-post-thumbnail","hentry","category-noticias"],"_links":{"self":[{"href":"https:\/\/www.sincomam.org.br\/index.php\/wp-json\/wp\/v2\/posts\/57997","targetHints":{"allow":["GET"]}}],"collection":[{"href":"https:\/\/www.sincomam.org.br\/index.php\/wp-json\/wp\/v2\/posts"}],"about":[{"href":"https:\/\/www.sincomam.org.br\/index.php\/wp-json\/wp\/v2\/types\/post"}],"author":[{"embeddable":true,"href":"https:\/\/www.sincomam.org.br\/index.php\/wp-json\/wp\/v2\/users\/1527"}],"replies":[{"embeddable":true,"href":"https:\/\/www.sincomam.org.br\/index.php\/wp-json\/wp\/v2\/comments?post=57997"}],"version-history":[{"count":1,"href":"https:\/\/www.sincomam.org.br\/index.php\/wp-json\/wp\/v2\/posts\/57997\/revisions"}],"predecessor-version":[{"id":58000,"href":"https:\/\/www.sincomam.org.br\/index.php\/wp-json\/wp\/v2\/posts\/57997\/revisions\/58000"}],"wp:featuredmedia":[{"embeddable":true,"href":"https:\/\/www.sincomam.org.br\/index.php\/wp-json\/wp\/v2\/media\/57999"}],"wp:attachment":[{"href":"https:\/\/www.sincomam.org.br\/index.php\/wp-json\/wp\/v2\/media?parent=57997"}],"wp:term":[{"taxonomy":"category","embeddable":true,"href":"https:\/\/www.sincomam.org.br\/index.php\/wp-json\/wp\/v2\/categories?post=57997"},{"taxonomy":"post_tag","embeddable":true,"href":"https:\/\/www.sincomam.org.br\/index.php\/wp-json\/wp\/v2\/tags?post=57997"}],"curies":[{"name":"wp","href":"https:\/\/api.w.org\/{rel}","templated":true}]}}