{"id":57978,"date":"2025-03-24T09:46:18","date_gmt":"2025-03-24T12:46:18","guid":{"rendered":"https:\/\/www.sincomam.org.br\/?p=57978"},"modified":"2025-03-24T09:51:03","modified_gmt":"2025-03-24T12:51:03","slug":"porto-do-itaqui-realiza-operacao-estrategica-com-cargas-da-primeira-sonda-propria-da-eneva","status":"publish","type":"post","link":"https:\/\/www.sincomam.org.br\/index.php\/porto-do-itaqui-realiza-operacao-estrategica-com-cargas-da-primeira-sonda-propria-da-eneva\/","title":{"rendered":"Porto do Itaqui realiza opera\u00e7\u00e3o estrat\u00e9gica com cargas da primeira sonda pr\u00f3pria da ENEVA"},"content":{"rendered":"<p>O Porto do Itaqui realizou mais uma opera\u00e7\u00e3o estrat\u00e9gica, destacando sua infraestrutura avan\u00e7ada e efici\u00eancia log\u00edstica. As cargas da vez foram os equipamentos componentes da primeira sonda pr\u00f3pria de perfura\u00e7\u00e3o da ENEVA, que tem o Itaqui como pe\u00e7a-chave na viabiliza\u00e7\u00e3o dessa movimenta\u00e7\u00e3o. Ao todo, s\u00e3o 25 unidades de carga geral de grande porte e mais 12 cont\u00eaineres.<\/p>\n<p>A sonda visa aumentar a produ\u00e7\u00e3o de g\u00e1s natural da ENEVA. \u201cO Itaqui recebeu o navio BBC\u00a0Philippines, trazendo carga de projeto da ENEVA para produ\u00e7\u00e3o de g\u00e1s natural. A opera\u00e7\u00e3o demonstra nossa versatilidade e flexibilidade em receber v\u00e1rios tipos de carga, permitindo trazer desenvolvimento para o estado\u201d, explicou o gerente de opera\u00e7\u00f5es do Porto do Itaqui, Adauto Serpa.<\/p>\n<p>Vindos da Alemanha, os equipamentos chegaram ao Porto do Itaqui nesta ter\u00e7a-feira, 18 de mar\u00e7o. Ap\u00f3s sair do Itaqui, a sonda ser\u00e1 levada para uma \u00e1rea externa e, em seguida, transportada para Complexo Parna\u00edba, na regi\u00e3o do m\u00e9dio Mearim, onde o equipamento vai ser montado para iniciar a opera\u00e7\u00e3o de perfura\u00e7\u00e3o dos po\u00e7os de g\u00e1s.<\/p>\n<p>A chegada da sonda destaca a import\u00e2ncia do Porto do Itaqui nesse processo ao oferecer infraestrutura avan\u00e7ada, efici\u00eancia log\u00edstica e conectividade para opera\u00e7\u00f5es dessa escala. \u201cA parceria entre a ENEVA e o porto j\u00e1 vem de muitos anos, desde a opera\u00e7\u00e3o com carv\u00e3o. Esse \u00e9 mais um projeto que vem consolidar essa parceria. A localiza\u00e7\u00e3o estrat\u00e9gica e capacidade operacional do Itaqui fazem dele um ponto de refer\u00eancia para a movimenta\u00e7\u00e3o de cargas industriais e energ\u00e9ticas no Brasil. Em maio, vir\u00e1 o terceiro embarque da sonda\u201d, enfatizou o coordenador de log\u00edstica da Eneva, Jo\u00e3o Cavalca.<\/p>\n<p><strong>Sobre a sonda\u00a0<\/strong><\/p>\n<p>A sonda pesa 1.300 toneladas, re\u00fane tecnologia e inova\u00e7\u00e3o vindas da Alemanha, China e Emirados \u00c1rabes. Outro grande diferencial do equipamento \u00e9 seu compromisso com a sustentabilidade, utilizando at\u00e9 70% de g\u00e1s na alimenta\u00e7\u00e3o de energia, reduzindo as emiss\u00f5es e tornando a opera\u00e7\u00e3o mais limpa e eficiente.<\/p>\n<p>Fonte: Informativo dos Portos<\/p>\n","protected":false},"excerpt":{"rendered":"<p>O Porto do Itaqui realizou mais uma opera\u00e7\u00e3o estrat\u00e9gica, destacando sua infraestrutura avan\u00e7ada e efici\u00eancia log\u00edstica. As cargas da vez foram os equipamentos componentes da&#8230;<\/p>\n","protected":false},"author":1527,"featured_media":57988,"comment_status":"closed","ping_status":"closed","sticky":false,"template":"","format":"standard","meta":{"footnotes":""},"categories":[6],"tags":[],"class_list":["post-57978","post","type-post","status-publish","format-standard","has-post-thumbnail","hentry","category-noticias"],"_links":{"self":[{"href":"https:\/\/www.sincomam.org.br\/index.php\/wp-json\/wp\/v2\/posts\/57978","targetHints":{"allow":["GET"]}}],"collection":[{"href":"https:\/\/www.sincomam.org.br\/index.php\/wp-json\/wp\/v2\/posts"}],"about":[{"href":"https:\/\/www.sincomam.org.br\/index.php\/wp-json\/wp\/v2\/types\/post"}],"author":[{"embeddable":true,"href":"https:\/\/www.sincomam.org.br\/index.php\/wp-json\/wp\/v2\/users\/1527"}],"replies":[{"embeddable":true,"href":"https:\/\/www.sincomam.org.br\/index.php\/wp-json\/wp\/v2\/comments?post=57978"}],"version-history":[{"count":2,"href":"https:\/\/www.sincomam.org.br\/index.php\/wp-json\/wp\/v2\/posts\/57978\/revisions"}],"predecessor-version":[{"id":57982,"href":"https:\/\/www.sincomam.org.br\/index.php\/wp-json\/wp\/v2\/posts\/57978\/revisions\/57982"}],"wp:featuredmedia":[{"embeddable":true,"href":"https:\/\/www.sincomam.org.br\/index.php\/wp-json\/wp\/v2\/media\/57988"}],"wp:attachment":[{"href":"https:\/\/www.sincomam.org.br\/index.php\/wp-json\/wp\/v2\/media?parent=57978"}],"wp:term":[{"taxonomy":"category","embeddable":true,"href":"https:\/\/www.sincomam.org.br\/index.php\/wp-json\/wp\/v2\/categories?post=57978"},{"taxonomy":"post_tag","embeddable":true,"href":"https:\/\/www.sincomam.org.br\/index.php\/wp-json\/wp\/v2\/tags?post=57978"}],"curies":[{"name":"wp","href":"https:\/\/api.w.org\/{rel}","templated":true}]}}