{"id":5797,"date":"2014-06-02T08:23:01","date_gmt":"2014-06-02T11:23:01","guid":{"rendered":"http:\/\/www.sincomam.org.br\/?p=5797"},"modified":"2014-06-01T20:24:51","modified_gmt":"2014-06-01T23:24:51","slug":"qualificacao-de-mao-de-obra-demandam-instalacao-do-ifce-para-o-porto-de-pecem","status":"publish","type":"post","link":"https:\/\/www.sincomam.org.br\/index.php\/qualificacao-de-mao-de-obra-demandam-instalacao-do-ifce-para-o-porto-de-pecem\/","title":{"rendered":"Qualifica\u00e7\u00e3o de m\u00e3o de obra demandam instala\u00e7\u00e3o do IFCE para o Porto de Pec\u00e9m"},"content":{"rendered":"<p>As transforma\u00e7\u00f5es econ\u00f4micas e sociais na \u00e1rea do porto do Pec\u00e9m e a burocracia para ser transformada em realidade a cria\u00e7\u00e3o de um Campus Avan\u00e7ado da Universidade Federal do Cear\u00e1 (UFC) levaram o deputado federal Jos\u00e9 Nobre Guimar\u00e3es (PT) a pedir a instala\u00e7\u00e3o de uma unidade do Instituto de Educa\u00e7\u00e3o, Ci\u00eancia e Tecnologia com atua\u00e7\u00e3o voltada \u00e0 forma\u00e7\u00e3o e qualifica\u00e7\u00e3o de m\u00e3o de obra na regi\u00e3o do Complexo Portu\u00e1rio, com sede nos munic\u00edpios de S\u00e3o Gon\u00e7alo do Amarante e Caucaia.<\/p>\n<p>Guimar\u00e3es j\u00e1 manteve contato com o reitor do Instituto Federal de Educa\u00e7\u00e3o, Ci\u00eancia e Tecnologia no Cear\u00e1, professor Virg\u00edlio Araripe, e, no in\u00edcio do m\u00eas de junho, participar\u00e1 de audi\u00eancia para apresentar um documento com n\u00fameros e a justificativa para um Campus Avan\u00e7ado do Instituto ser instalado no Pec\u00e9m.<\/p>\n<p>\u2018\u2019Fui procurado por lideran\u00e7as pol\u00edticas dos munic\u00edpios do Vale do Curu, por professores, estudantes e dirigentes de entidades sindicais que veem a necessidade urgente de termos oportunidades de forma\u00e7\u00e3o, especializa\u00e7\u00e3o e qualifica\u00e7\u00e3o de m\u00e3o de obra no Complexo Portu\u00e1rio do Pec\u00e9m. N\u00f3s n\u00e3o iremos perder tempo e j\u00e1 corremos para o Instituto ser viabilizado para o Pec\u00e9m\u2019\u2019, disse Guimar\u00e3es, ao conversar, por telefone, de Bras\u00edlia, com a reportagem do Grande Porto.<\/p>\n<p>Segundo Jos\u00e9 Guimar\u00e3es, a instala\u00e7\u00e3o do Campus Avan\u00e7ado do Instituto Federal \u00e9 bem menos burocr\u00e1tico do que um Campus da UFC, n\u00e3o depende de projeto de lei que precise passar pelo Congresso Nacional, nem exige o esfor\u00e7o or\u00e7ament\u00e1rio como acontece com uma Universidade. \u2018\u2019\u00c9 por tudo isso, pela aus\u00eancia da burocracia, que abra\u00e7amos a instala\u00e7\u00e3o do IFCE no Pec\u00e9m\u2019\u2019, afirmou o parlamentar.<\/p>\n<p><strong>Qualifica\u00e7\u00e3o<\/strong><\/p>\n<p>O Complexo Portu\u00e1rio do Pec\u00e9m, de acordo com Jos\u00e9 Nobre Guimar\u00e3es, est\u00e1 se transformando em um centro de desenvolvimento e atra\u00e7\u00e3o de m\u00e3o de obra, como \u00e9 Suape hoje em Pernambuco. \u2018\u2019A sider\u00fargica avan\u00e7a e a refinaria ser\u00e1 uma realidade em um futuro bem pr\u00f3ximo. O grande n\u00famero de oportunidades para os trabalhadores exige forma\u00e7\u00e3o e qualifica\u00e7\u00e3o de m\u00e3o de obra\u2019\u2019, comentou Guimar\u00e3es, para em seguida concluir. \u2018\u2019Precisamos qualificar a nossa m\u00e3o de obra, ao inv\u00e9s de trazermos trabalhadores de outros estados ou mesmo de outros pa\u00edses\u2019\u2019.<\/p>\n<p>\u00a0O Instituto Federal, com atua\u00e7\u00e3o voltada a qualificar a m\u00e3o de obra, de acordo com Jos\u00e9 Guimar\u00e3es, \u00e9 vi\u00e1vel. \u2018\u2019Vamos preparar os nossos jovens para o mercado de trabalho no Complexo Industrial do Pec\u00e9m. Hoje n\u00e3o temos como atender a toda demanda para forma\u00e7\u00e3o dessa m\u00e3o de obra. Vamos trabalhar uma parceria entre o Governo Federal e o Governo Estadual para acelerarmos o processo de instala\u00e7\u00e3o do Instituto de Instituto Federal de Educa\u00e7\u00e3o, Ci\u00eancia e Tecnologia na \u00e1rea do Pec\u00e9m. O governador Cid Gomes vai apoiar esse sonho, que \u00e9 de todos que apostam e acreditam no Complexo Portu\u00e1rio do Pec\u00e9m\u2019\u2019, disse Guimar\u00e3es.<\/p>\n<p>Fonte: Cear\u00e1 Agora\/ Antonio Cardoso\/Do Jornal Grande Porto<\/p>\n","protected":false},"excerpt":{"rendered":"<p>As transforma\u00e7\u00f5es econ\u00f4micas e sociais na \u00e1rea do porto do Pec\u00e9m e a burocracia para ser transformada em realidade a cria\u00e7\u00e3o de um Campus Avan\u00e7ado&#8230;<\/p>\n","protected":false},"author":1182,"featured_media":5099,"comment_status":"closed","ping_status":"closed","sticky":false,"template":"","format":"standard","meta":{"footnotes":""},"categories":[6],"tags":[400,143,235,80,450],"class_list":["post-5797","post","type-post","status-publish","format-standard","has-post-thumbnail","hentry","category-noticias","tag-burocracia","tag-mao-de-obra","tag-pecem","tag-porto","tag-qualificacao"],"_links":{"self":[{"href":"https:\/\/www.sincomam.org.br\/index.php\/wp-json\/wp\/v2\/posts\/5797","targetHints":{"allow":["GET"]}}],"collection":[{"href":"https:\/\/www.sincomam.org.br\/index.php\/wp-json\/wp\/v2\/posts"}],"about":[{"href":"https:\/\/www.sincomam.org.br\/index.php\/wp-json\/wp\/v2\/types\/post"}],"author":[{"embeddable":true,"href":"https:\/\/www.sincomam.org.br\/index.php\/wp-json\/wp\/v2\/users\/1182"}],"replies":[{"embeddable":true,"href":"https:\/\/www.sincomam.org.br\/index.php\/wp-json\/wp\/v2\/comments?post=5797"}],"version-history":[{"count":1,"href":"https:\/\/www.sincomam.org.br\/index.php\/wp-json\/wp\/v2\/posts\/5797\/revisions"}],"predecessor-version":[{"id":5798,"href":"https:\/\/www.sincomam.org.br\/index.php\/wp-json\/wp\/v2\/posts\/5797\/revisions\/5798"}],"wp:featuredmedia":[{"embeddable":true,"href":"https:\/\/www.sincomam.org.br\/index.php\/wp-json\/wp\/v2\/media\/5099"}],"wp:attachment":[{"href":"https:\/\/www.sincomam.org.br\/index.php\/wp-json\/wp\/v2\/media?parent=5797"}],"wp:term":[{"taxonomy":"category","embeddable":true,"href":"https:\/\/www.sincomam.org.br\/index.php\/wp-json\/wp\/v2\/categories?post=5797"},{"taxonomy":"post_tag","embeddable":true,"href":"https:\/\/www.sincomam.org.br\/index.php\/wp-json\/wp\/v2\/tags?post=5797"}],"curies":[{"name":"wp","href":"https:\/\/api.w.org\/{rel}","templated":true}]}}