{"id":57934,"date":"2025-03-20T08:52:24","date_gmt":"2025-03-20T11:52:24","guid":{"rendered":"https:\/\/www.sincomam.org.br\/?p=57934"},"modified":"2025-03-20T08:52:24","modified_gmt":"2025-03-20T11:52:24","slug":"lula-diz-que-brasil-continuara-crescendo-acima-de-3-neste-ano","status":"publish","type":"post","link":"https:\/\/www.sincomam.org.br\/index.php\/lula-diz-que-brasil-continuara-crescendo-acima-de-3-neste-ano\/","title":{"rendered":"Lula diz que Brasil continuar\u00e1 crescendo acima de 3% neste ano"},"content":{"rendered":"<p>O presidente Luiz In\u00e1cio Lula da Silva participou da inaugura\u00e7\u00e3o do Hospital Universit\u00e1rio Cear\u00e1 (HUC), em Fortaleza, na tarde desta quarta-feira (19), e\u00a0destacou que a atividade econ\u00f4mica seguir\u00e1 surpreendendo os analistas este ano.\u00a0\u00a0<img decoding=\"async\" src=\"https:\/\/agenciabrasil.ebc.com.br\/ebc.png?id=1635252&amp;o=node\" \/><img decoding=\"async\" src=\"https:\/\/agenciabrasil.ebc.com.br\/ebc.gif?id=1635252&amp;o=node\" \/><\/p>\n<blockquote><p>&#8220;Eu quero fazer um desafio aos te\u00f3ricos, o Brasil vai crescer outra vez acima de 3%. \u00c9 o pa\u00eds que mais tem crescido no mundo, praticamente. Tem um ou dois pa\u00edses que crescem mais do que n\u00f3s. E vai continuar crescendo porque o sal\u00e1rio m\u00ednimo vai continuar crescendo acima da infla\u00e7\u00e3o, porque os acordos salariais v\u00e3o ser feitos acima da infla\u00e7\u00e3o e porque a gente vai ter cr\u00e9dito para que as pessoas possam tomar dinheiro emprestado, pagar juro mais barato e fazer o investimento que quiserem&#8221;, disse o presidente.<\/p><\/blockquote>\n<p>A declara\u00e7\u00e3o foi dada momentos ap\u00f3s o\u00a0Comit\u00ea de Pol\u00edtica Monet\u00e1ria (Copom) do Banco Central (BC) aumentar mais uma vez a taxa Selic,\u00a0juros b\u00e1sicos da economia, em 1 ponto percentual, para 14,25% ao ano.\u00a0O presidente n\u00e3o comentou a decis\u00e3o do BC.<\/p>\n<p>O aumento da taxa de juros \u00e9 usado para combater a infla\u00e7\u00e3o, por meio do encarecimento do cr\u00e9dito e conten\u00e7\u00e3o da atividade econ\u00f4mica.<\/p>\n<p>Com um crescimento do Produto Interno Bruto (PIB, soma de bens e servi\u00e7os) de 3,4% em 2024, o Brasil figurou entre os cinco que mais cresceram no per\u00edodo, em um grupo de 35 pa\u00edses ricos e emergentes comparados pela Organiza\u00e7\u00e3o para a Coopera\u00e7\u00e3o e o Desenvolvimento Econ\u00f4mico (OCDE), junto com na\u00e7\u00f5es como China, Dinamarca, Russia e Costa Rica.<\/p>\n<h2>Hospital p\u00fablico<\/h2>\n<p>Com investimentos de mais de R$ 667 milh\u00f5es\u00a0para obras e equipamentos,\u00a0o HUC, quando plenamente em funcionamento, ser\u00e1 o maior hospital p\u00fablico do Cear\u00e1, com 832 leitos, sendo 652 leitos gerais e 180 complementares. Vinculado \u00e0 Universidade Estadual do Cear\u00e1 (UECE), o hospital ocupa uma \u00e1rea de 78,6 mil metros quadrados (m\u00b2), dentro do campus Itaperi. S\u00e3o tr\u00eas torres constru\u00eddas com sete pavimentos, abrangendo os segmentos cl\u00ednico, cir\u00fargico e materno-infantil.<\/p>\n<p><strong>Na primeira fase, inaugurada hoje, come\u00e7am a funcionar 159 leitos e cinco servi\u00e7os especializados, incluindo:<\/strong><\/p>\n<ul>\n<li>Cirurgia vascular<\/li>\n<li>Oncologia cl\u00ednica e cir\u00fargica<\/li>\n<li>Hematologia<\/li>\n<li>Urologia<\/li>\n<li>Cirurgia de cabe\u00e7a e pesco\u00e7o.<\/li>\n<\/ul>\n<p>At\u00e9 abril, ser\u00e3o inaugurados os servi\u00e7os de cirurgia ginecol\u00f3gica e ortop\u00e9dica.<\/p>\n<blockquote><p>&#8220;N\u00f3s temos um projeto pol\u00edtico de fortalecimento do SUS, de um SUS forte, eficiente e, acima de tudo, humanizado&#8221;, afirmou o governador cearense Elmano de Freitas.<\/p><\/blockquote>\n<p>Segundo ele, quando estiver em total funcionamento, o valor do custeio anual do hospital ser\u00e1 de R$ 800 milh\u00f5es, o que depender\u00e1 de aportes federais.<\/p>\n<blockquote><p>&#8220;Esse equipamento revolucionar\u00e1 a assist\u00eancia em sa\u00fade nesse estado, garantir\u00e1 forma\u00e7\u00e3o de excel\u00eancia na \u00e1rea de sa\u00fade e tornar\u00e1 esse grande equipamento em um plataforma de pesquisa, desenvolvimento e inova\u00e7\u00e3o em sa\u00fade&#8221;, destacou o reitor da UECE, Hidelbrando dos Santos Soares.<\/p><\/blockquote>\n<p>O HUC estar\u00e1 preparado para fazer transplantes de medula \u00f3ssea, de rim, hep\u00e1tico e hep\u00e1tico infantil, o \u00fanico em todo o Nordeste com essas caracter\u00edsticas.<\/p>\n<p>Durante a cerim\u00f4nia, o ministro da Sa\u00fade, Alexandre Padilha, tamb\u00e9m\u00a0anunciou o repasse adicional de R$ 200 milh\u00f5es para o custeio do Instituto Doutor Jos\u00e9 Frota\u00a0(IJF), maior hospital municipal de Fortaleza, e principal centro de trauma do estado, o que permitir\u00e1 aumento do n\u00famero de leitos e realiza\u00e7\u00e3o de exames de alta complexidade.<\/p>\n<p>Fonte: Ag\u00eancia Brasil<\/p>\n","protected":false},"excerpt":{"rendered":"<p>O presidente Luiz In\u00e1cio Lula da Silva participou da inaugura\u00e7\u00e3o do Hospital Universit\u00e1rio Cear\u00e1 (HUC), em Fortaleza, na tarde desta quarta-feira (19), e\u00a0destacou que a&#8230;<\/p>\n","protected":false},"author":1527,"featured_media":57936,"comment_status":"closed","ping_status":"closed","sticky":false,"template":"","format":"standard","meta":{"footnotes":""},"categories":[6],"tags":[],"class_list":["post-57934","post","type-post","status-publish","format-standard","has-post-thumbnail","hentry","category-noticias"],"_links":{"self":[{"href":"https:\/\/www.sincomam.org.br\/index.php\/wp-json\/wp\/v2\/posts\/57934","targetHints":{"allow":["GET"]}}],"collection":[{"href":"https:\/\/www.sincomam.org.br\/index.php\/wp-json\/wp\/v2\/posts"}],"about":[{"href":"https:\/\/www.sincomam.org.br\/index.php\/wp-json\/wp\/v2\/types\/post"}],"author":[{"embeddable":true,"href":"https:\/\/www.sincomam.org.br\/index.php\/wp-json\/wp\/v2\/users\/1527"}],"replies":[{"embeddable":true,"href":"https:\/\/www.sincomam.org.br\/index.php\/wp-json\/wp\/v2\/comments?post=57934"}],"version-history":[{"count":1,"href":"https:\/\/www.sincomam.org.br\/index.php\/wp-json\/wp\/v2\/posts\/57934\/revisions"}],"predecessor-version":[{"id":57937,"href":"https:\/\/www.sincomam.org.br\/index.php\/wp-json\/wp\/v2\/posts\/57934\/revisions\/57937"}],"wp:featuredmedia":[{"embeddable":true,"href":"https:\/\/www.sincomam.org.br\/index.php\/wp-json\/wp\/v2\/media\/57936"}],"wp:attachment":[{"href":"https:\/\/www.sincomam.org.br\/index.php\/wp-json\/wp\/v2\/media?parent=57934"}],"wp:term":[{"taxonomy":"category","embeddable":true,"href":"https:\/\/www.sincomam.org.br\/index.php\/wp-json\/wp\/v2\/categories?post=57934"},{"taxonomy":"post_tag","embeddable":true,"href":"https:\/\/www.sincomam.org.br\/index.php\/wp-json\/wp\/v2\/tags?post=57934"}],"curies":[{"name":"wp","href":"https:\/\/api.w.org\/{rel}","templated":true}]}}