{"id":57930,"date":"2025-03-20T08:50:45","date_gmt":"2025-03-20T11:50:45","guid":{"rendered":"https:\/\/www.sincomam.org.br\/?p=57930"},"modified":"2025-03-20T08:50:45","modified_gmt":"2025-03-20T11:50:45","slug":"marinha-inaugura-estaleiro-para-manutencao-e-modernizacao-de-submarinos","status":"publish","type":"post","link":"https:\/\/www.sincomam.org.br\/index.php\/marinha-inaugura-estaleiro-para-manutencao-e-modernizacao-de-submarinos\/","title":{"rendered":"Marinha inaugura Estaleiro para manuten\u00e7\u00e3o e moderniza\u00e7\u00e3o de submarinos"},"content":{"rendered":"<p class=\"text-align-justify\">A Marinha do Brasil ativou o Estaleiro de Manuten\u00e7\u00e3o da Ilha da Madeira (EMIM), no Complexo Naval de Itagua\u00ed (CNI), estado do Rio de Janeiro. O evento contou com a presen\u00e7a de autoridades da MB, representantes do governo e da ind\u00fastria naval.<\/p>\n<p class=\"text-align-justify\">A nova estrutura ter\u00e1 um papel estrat\u00e9gico para garantir a manuten\u00e7\u00e3o e o aprestamento dos meios navais, especialmente submarinos, e prover facilidades portu\u00e1rias aos meios navais da MB, a fim de contribuir com os objetivos estrat\u00e9gicos da For\u00e7a. Criado para modernizar e fortalecer a frota de submarinos do Pa\u00eds, o EMIM \u00e9 uma das entregas do Programa de Desenvolvimento de Submarinos (PROSUB), e faz parte do Novo Programa de Acelera\u00e7\u00e3o do Crescimento (PAC), o Novo PAC do Governo Federal.<\/p>\n<figure class=\"bg-light p-3 p-md-5 my-3 rounded\">\n<blockquote class=\"blockquote\"><p>\u201cO Estaleiro de Manuten\u00e7\u00e3o da Ilha da Madeira foi idealizado para abrigar facilidades industriais que, ap\u00f3s a constru\u00e7\u00e3o dos Submarinos Classe Riachuelo, permitissem a realiza\u00e7\u00e3o das rotinas de manuten\u00e7\u00e3o planejadas e corretivas nos sistemas da plataforma desses meios, e sua exist\u00eancia est\u00e1 alinhada \u00e0 nova governan\u00e7a da manuten\u00e7\u00e3o na Marinha, incorporando importante estrutura pr\u00f3pria para manuten\u00e7\u00e3o no Complexo Naval de Itagua\u00ed, e ampliando o apoio necess\u00e1rio para garantir n\u00edveis de operacionalidade planejados\u201d, afirmou o Chefe do Estado-Maior da Armada, Almirante de Esquadra Andr\u00e9 Luiz Silva Lima de Santana Mendes.<\/p><\/blockquote>\n<\/figure>\n<p class=\"text-align-justify\">O Capit\u00e3o de Fragata (Engenheiro Naval) Charles Fernandes da Silva foi nomeado como o primeiro Diretor do estaleiro. Em seu discurso, ele destacou a relev\u00e2ncia da nova institui\u00e7\u00e3o para a Marinha. \u201cO EMIM ser\u00e1 fundamental na garantia de um ciclo de vida adequado para nossos submarinos. Nossas atribui\u00e7\u00f5es se estender\u00e3o desde o gerenciamento e fiscaliza\u00e7\u00e3o de servi\u00e7os externos at\u00e9 a atua\u00e7\u00e3o direta nas rotinas de manuten\u00e7\u00e3o, planejadas e corretivas, sempre nos valendo da moderna infraestrutura industrial dispon\u00edvel no Complexo Naval de Itagua\u00ed. Assim, este estaleiro contribuir\u00e1 de forma significativa para o preparo do Poder Naval, aumentando a capacidade da Marinha para prontificar seus meios navais em prol da defesa nacional e da preserva\u00e7\u00e3o de nossa soberania.\u201d<\/p>\n<p class=\"text-align-justify\">Durante a solenidade, foi assinado o Termo de Ativa\u00e7\u00e3o, documento que formaliza o in\u00edcio das opera\u00e7\u00f5es do EMIM, estabelecendo sua estrutura organizacional e diretrizes de funcionamento. Ainda, foi descerrada uma placa comemorativa, simbolizando a inaugura\u00e7\u00e3o oficial das instala\u00e7\u00f5es.<\/p>\n<h5 class=\"text-align-justify\">Estaleiro de Manuten\u00e7\u00e3o da Ilha da Madeira<\/h5>\n<p class=\"text-align-justify\">Com uma \u00e1rea constru\u00edda de cerca de 14 mil metros quadrados, o EMIM \u00e9 composto por um edif\u00edcio principal onde est\u00e3o as oficinas de apoio \u00e0 manuten\u00e7\u00e3o, como hidr\u00e1ulica, usinagem, eletromec\u00e2nica, tubula\u00e7\u00f5es, pintura e teste de equipamentos. O complexo tamb\u00e9m disp\u00f5e de outros edif\u00edcios, que abrigam as oficinas de suporte leve, de ativa\u00e7\u00e3o de baterias e de apoio a motores diesel, bem como um p\u00e1tio de manobra para navios docados e uma \u00e1rea coberta de manuten\u00e7\u00e3o. O local ainda conta com instala\u00e7\u00f5es de um cais acost\u00e1vel.<\/p>\n<p class=\"text-align-justify\">Entre os desafios iniciais do novo estaleiro, destaca-se a necessidade de capacita\u00e7\u00e3o da for\u00e7a de trabalho para lidar com a complexidade dos sistemas dos submarinos da Classe Riachuelo e, futuramente, expandir sua atua\u00e7\u00e3o para outros meios navais. Para isso, ser\u00e3o estabelecidas parcerias com institui\u00e7\u00f5es de ensino, como o Servi\u00e7o Nacional de Aprendizagem Industrial &#8211; SENAI &#8211; e a Escola T\u00e9cnica do Arsenal de Marinha, al\u00e9m de colabora\u00e7\u00f5es com a ind\u00fastria naval.<\/p>\n<p>Fonte: Ag\u00eancia Marinha de Not\u00edcias<\/p>\n","protected":false},"excerpt":{"rendered":"<p>A Marinha do Brasil ativou o Estaleiro de Manuten\u00e7\u00e3o da Ilha da Madeira (EMIM), no Complexo Naval de Itagua\u00ed (CNI), estado do Rio de Janeiro&#8230;.<\/p>\n","protected":false},"author":1527,"featured_media":57932,"comment_status":"closed","ping_status":"closed","sticky":false,"template":"","format":"standard","meta":{"footnotes":""},"categories":[6],"tags":[],"class_list":["post-57930","post","type-post","status-publish","format-standard","has-post-thumbnail","hentry","category-noticias"],"_links":{"self":[{"href":"https:\/\/www.sincomam.org.br\/index.php\/wp-json\/wp\/v2\/posts\/57930","targetHints":{"allow":["GET"]}}],"collection":[{"href":"https:\/\/www.sincomam.org.br\/index.php\/wp-json\/wp\/v2\/posts"}],"about":[{"href":"https:\/\/www.sincomam.org.br\/index.php\/wp-json\/wp\/v2\/types\/post"}],"author":[{"embeddable":true,"href":"https:\/\/www.sincomam.org.br\/index.php\/wp-json\/wp\/v2\/users\/1527"}],"replies":[{"embeddable":true,"href":"https:\/\/www.sincomam.org.br\/index.php\/wp-json\/wp\/v2\/comments?post=57930"}],"version-history":[{"count":1,"href":"https:\/\/www.sincomam.org.br\/index.php\/wp-json\/wp\/v2\/posts\/57930\/revisions"}],"predecessor-version":[{"id":57933,"href":"https:\/\/www.sincomam.org.br\/index.php\/wp-json\/wp\/v2\/posts\/57930\/revisions\/57933"}],"wp:featuredmedia":[{"embeddable":true,"href":"https:\/\/www.sincomam.org.br\/index.php\/wp-json\/wp\/v2\/media\/57932"}],"wp:attachment":[{"href":"https:\/\/www.sincomam.org.br\/index.php\/wp-json\/wp\/v2\/media?parent=57930"}],"wp:term":[{"taxonomy":"category","embeddable":true,"href":"https:\/\/www.sincomam.org.br\/index.php\/wp-json\/wp\/v2\/categories?post=57930"},{"taxonomy":"post_tag","embeddable":true,"href":"https:\/\/www.sincomam.org.br\/index.php\/wp-json\/wp\/v2\/tags?post=57930"}],"curies":[{"name":"wp","href":"https:\/\/api.w.org\/{rel}","templated":true}]}}