{"id":57922,"date":"2025-03-20T08:47:57","date_gmt":"2025-03-20T11:47:57","guid":{"rendered":"https:\/\/www.sincomam.org.br\/?p=57922"},"modified":"2025-03-20T08:47:57","modified_gmt":"2025-03-20T11:47:57","slug":"iniciada-dragagem-de-canais-da-hidrovia-afetados-por-enchentes-do-rs","status":"publish","type":"post","link":"https:\/\/www.sincomam.org.br\/index.php\/iniciada-dragagem-de-canais-da-hidrovia-afetados-por-enchentes-do-rs\/","title":{"rendered":"Iniciada dragagem de canais da hidrovia afetados por enchentes do RS"},"content":{"rendered":"<p>Um evento, na \u00faltima ter\u00e7a-feira (18), marcou o in\u00edcio da dragagem dos canais Furadinho, Pedras Brancas, Leit\u00e3o e S\u00e3o Gon\u00e7alo, assoreados pelas enchentes de maio do ano passado no Rio Grande do Sul.\u00a0A expectativa \u00e9 de que 1,65 milh\u00e3o de metros c\u00fabicos de sedimentos sejam retirados dos canais, permitindo a normaliza\u00e7\u00e3o da profundidade para at\u00e9 seis metros e garantindo o pleno funcionamento da hidrovia e do Porto de Porto Alegre.<\/p>\n<p>A obra busca restabelecer o calado operacional, garantindo mais seguran\u00e7a para o tr\u00e1fego de embarca\u00e7\u00f5es e fortalecendo o transporte hidrovi\u00e1rio. O investimento total \u00e9 de R$ 691 milh\u00f5es, oriundos do Fundo do Plano Rio Grande, al\u00e9m de R$ 40 milh\u00f5es destinados \u00e0 infraestrutura e equipamentos de seguran\u00e7a. Cinco embarca\u00e7\u00f5es da empresa Ster Engenharia, vencedora da licita\u00e7\u00e3o, ser\u00e3o utilizadas na opera\u00e7\u00e3o, que tem previs\u00e3o de conclus\u00e3o em 150 dias.<\/p>\n<p>O evento ocorreu no Porto de Porto Alegre e contou com a presen\u00e7a do governador Eduardo Leite, do secret\u00e1rio estadual de log\u00edstica e transportes, Juvir Costella, do secret\u00e1rio estadual de desenvolvimento econ\u00f4mico, Ernani Polo, e do presidente da Portos RS, Cristiano Klinger. Durante a cerim\u00f4nia, Leite destacou a relev\u00e2ncia da dragagem para o estado, que tamb\u00e9m est\u00e1 investindo na contrata\u00e7\u00e3o de maquin\u00e1rios para os munic\u00edpios.<\/p>\n<p>J\u00e1 o presidente da Portos RS ressaltou que o uso simult\u00e2neo dos equipamentos pode reduzir o prazo de entrega da obra. Al\u00e9m disso, Klinger informou que a autoridade portu\u00e1ria recebeu os levantamentos batim\u00e9tricos de outros oito canais da hidrovia e j\u00e1 trabalha na elabora\u00e7\u00e3o do termo de refer\u00eancia para uma nova licita\u00e7\u00e3o.<\/p>\n<p>Fonte: Portos e Navios<\/p>\n","protected":false},"excerpt":{"rendered":"<p>Um evento, na \u00faltima ter\u00e7a-feira (18), marcou o in\u00edcio da dragagem dos canais Furadinho, Pedras Brancas, Leit\u00e3o e S\u00e3o Gon\u00e7alo, assoreados pelas enchentes de maio&#8230;<\/p>\n","protected":false},"author":1527,"featured_media":57924,"comment_status":"closed","ping_status":"closed","sticky":false,"template":"","format":"standard","meta":{"footnotes":""},"categories":[6],"tags":[],"class_list":["post-57922","post","type-post","status-publish","format-standard","has-post-thumbnail","hentry","category-noticias"],"_links":{"self":[{"href":"https:\/\/www.sincomam.org.br\/index.php\/wp-json\/wp\/v2\/posts\/57922","targetHints":{"allow":["GET"]}}],"collection":[{"href":"https:\/\/www.sincomam.org.br\/index.php\/wp-json\/wp\/v2\/posts"}],"about":[{"href":"https:\/\/www.sincomam.org.br\/index.php\/wp-json\/wp\/v2\/types\/post"}],"author":[{"embeddable":true,"href":"https:\/\/www.sincomam.org.br\/index.php\/wp-json\/wp\/v2\/users\/1527"}],"replies":[{"embeddable":true,"href":"https:\/\/www.sincomam.org.br\/index.php\/wp-json\/wp\/v2\/comments?post=57922"}],"version-history":[{"count":1,"href":"https:\/\/www.sincomam.org.br\/index.php\/wp-json\/wp\/v2\/posts\/57922\/revisions"}],"predecessor-version":[{"id":57925,"href":"https:\/\/www.sincomam.org.br\/index.php\/wp-json\/wp\/v2\/posts\/57922\/revisions\/57925"}],"wp:featuredmedia":[{"embeddable":true,"href":"https:\/\/www.sincomam.org.br\/index.php\/wp-json\/wp\/v2\/media\/57924"}],"wp:attachment":[{"href":"https:\/\/www.sincomam.org.br\/index.php\/wp-json\/wp\/v2\/media?parent=57922"}],"wp:term":[{"taxonomy":"category","embeddable":true,"href":"https:\/\/www.sincomam.org.br\/index.php\/wp-json\/wp\/v2\/categories?post=57922"},{"taxonomy":"post_tag","embeddable":true,"href":"https:\/\/www.sincomam.org.br\/index.php\/wp-json\/wp\/v2\/tags?post=57922"}],"curies":[{"name":"wp","href":"https:\/\/api.w.org\/{rel}","templated":true}]}}