{"id":57910,"date":"2025-03-19T06:00:06","date_gmt":"2025-03-19T09:00:06","guid":{"rendered":"https:\/\/www.sincomam.org.br\/?p=57910"},"modified":"2025-03-18T23:15:49","modified_gmt":"2025-03-19T02:15:49","slug":"pis-pasep-104-milhoes-tem-dinheiro-esquecido-em-fundo-antigo-veja-como-receber","status":"publish","type":"post","link":"https:\/\/www.sincomam.org.br\/index.php\/pis-pasep-104-milhoes-tem-dinheiro-esquecido-em-fundo-antigo-veja-como-receber\/","title":{"rendered":"PIS\/Pasep: 10,4 milh\u00f5es t\u00eam dinheiro esquecido em fundo antigo; veja como receber"},"content":{"rendered":"<div id=\"chunk-46gjn\">\n<div class=\"mc-column content-text active-extra-styles \" data-block-type=\"unstyled\" data-block-weight=\"29\" data-block-id=\"3\">\n<div id=\"chunk-46gjn\">\n<div class=\"mc-column content-text active-extra-styles \" data-block-type=\"unstyled\" data-block-weight=\"29\" data-block-id=\"3\">\n<p class=\" content-text__container \" data-track-category=\"Link no Texto\" data-track-links=\"\" data-mrf-recirculation=\"Mat\u00e9ria - Links no Texto\">Mais de 10 milh\u00f5es de brasileiros t\u00eam R$ 26,3 bilh\u00f5es esquecidos na conta do antigo fundo PIS\/Pasep e\u00a0<span class=\"highlight highlighted\">poder\u00e3o receber os valores a partir do dia 28 de mar\u00e7o.<\/span><\/p>\n<\/div>\n<\/div>\n<div class=\"wall protected-content\">\n<div id=\"chunk-3gocr\">\n<div class=\"mc-column content-text active-extra-styles\" data-block-type=\"raw\" data-block-weight=\"36\" data-block-id=\"5\">\n<ul class=\"content-unordered-list\">\n<li><em> Trata-se de um fundo que era usado para incrementar a renda de trabalhadores com carteira assinada e servidores p\u00fablicos entre 1971 e 1988. Ele \u00e9 diferente do\u00a0<\/em><em>abono salarial PIS\/Pasep pago atualmente<\/em><em>. (entenda mais abaixo)<\/em><\/li>\n<\/ul>\n<p>O trabalhador pode checar se tem dinheiro esquecido no fundo por meio do site <a class=\"\" href=\"http:\/\/repiscidadao.fazenda.gov.br\/\" target=\"_blank\" rel=\"noopener\" data-mrf-link=\"http:\/\/repiscidadao.fazenda.gov.br\/\">http:\/\/repiscidadao.fazenda.gov.br\/<\/a>, lan\u00e7ado neste m\u00eas pelo\u00a0Minist\u00e9rio da Fazenda. A consulta tamb\u00e9m pode ser feita pelo\u00a0<a class=\"\" href=\"https:\/\/www.caixa.gov.br\/atendimento\/aplicativos\/fgts\/Paginas\/default.aspx\" target=\"_blank\" rel=\"noopener\" data-mrf-link=\"https:\/\/www.caixa.gov.br\/atendimento\/aplicativos\/fgts\/Paginas\/default.aspx\">aplicativo do FGTS<\/a>.<\/p>\n<\/div>\n<\/div>\n<div id=\"chunk-3q3tf\">\n<div class=\"mc-column content-text active-extra-styles \" data-block-type=\"unstyled\" data-block-weight=\"40\" data-block-id=\"7\">\n<p class=\" content-text__container \" data-track-category=\"Link no Texto\" data-track-links=\"\" data-mrf-recirculation=\"Mat\u00e9ria - Links no Texto\"><span class=\"highlight highlighted\">O governo calcula que o saldo m\u00e9dio dispon\u00edvel para saque por pessoa \u00e9 de R$ 2,8 mil<\/span>, mas o montante varia de acordo com o tempo trabalhado e o sal\u00e1rio recebido na \u00e9poca. Os valores est\u00e3o corrigidos pela infla\u00e7\u00e3o.<\/p>\n<\/div>\n<div id=\"chunk-6506n\">\n<div class=\"mc-column content-text active-extra-styles \" data-block-type=\"unstyled\" data-block-weight=\"37\" data-block-id=\"9\">\n<p class=\" content-text__container \" data-track-category=\"Link no Texto\" data-track-links=\"\" data-mrf-recirculation=\"Mat\u00e9ria - Links no Texto\">A plataforma Repis Cidad\u00e3o tamb\u00e9m ensina o procedimento para retirar o dinheiro, inclusive com orienta\u00e7\u00f5es espec\u00edficas para herdeiros, no caso de falecimento do benefici\u00e1rio. Para acess\u00e1-la, \u00e9 necess\u00e1rio ter\u00a0conta\u00a0gov.br\u00a0nos n\u00edveis prata ou ouro.<\/p>\n<\/div>\n<\/div>\n<div id=\"chunk-1155g\">\n<div class=\"mc-column content-text active-extra-styles \" data-block-type=\"unstyled\" data-block-weight=\"22\" data-block-id=\"10\">\n<p class=\" content-text__container \" data-track-category=\"Link no Texto\" data-track-links=\"\" data-mrf-recirculation=\"Mat\u00e9ria - Links no Texto\">Se o ressarcimento n\u00e3o for solicitado at\u00e9 setembro de 2028, os valores ser\u00e3o definitivamente incorporados ao Tesouro Nacional, sem possibilidade de saque.<\/p>\n<\/div>\n<\/div>\n<div id=\"chunk-elcno\">\n<div class=\"mc-column content-text active-extra-styles \" data-block-type=\"unstyled\" data-block-weight=\"3\" data-block-id=\"11\">\n<p class=\" content-text__container \" data-track-category=\"Link no Texto\" data-track-links=\"\" data-mrf-recirculation=\"Mat\u00e9ria - Links no Texto\"><strong><span class=\"highlight highlighted\">Veja a seguir:<\/span><\/strong><\/p>\n<\/div>\n<\/div>\n<div id=\"chunk-5r8ic\">\n<div class=\"mc-column content-text active-extra-styles\" data-block-type=\"raw\" data-block-weight=\"21\" data-block-id=\"12\">\n<ol class=\"content-ordered-list theme-ordered-list-color-primary\">\n<li>Como consultar se tenho dinheiro esquecido?<\/li>\n<li>Como pedir o ressarcimento dos valores?<\/li>\n<li>Quando vou receber?<\/li>\n<li>O que \u00e9 o antigo PIS\/Pasep?<\/li>\n<\/ol>\n<\/div>\n<\/div>\n<div id=\"chunk-22o1o\">\n<div class=\"mc-column content-text active-extra-styles\" data-block-type=\"raw\" data-block-weight=\"7\" data-block-id=\"13\">\n<div class=\"content-intertitle\">\n<h2>1. Como consultar se tenho dinheiro esquecido?<\/h2>\n<\/div>\n<\/div>\n<\/div>\n<div id=\"chunk-1rsep\">\n<div class=\"row medium-uncollapsed content-media content-photo\" data-block-type=\"backstage-photo\" data-block-id=\"14\">\n<div class=\" mc-column content-media__container\">\n<div class=\"content-media-container glb-skeleton-box\">\n<figure class=\"content-media-figure\"><img decoding=\"async\" class=\"i-amphtml-fill-content i-amphtml-replaced-content\" src=\"https:\/\/s2-g1.glbimg.com\/Dy04OGO3s3uySxnRdVKJj3o6xZw=\/0x0:1909x763\/984x0\/smart\/filters:strip_icc()\/i.s3.glbimg.com\/v1\/AUTH_59edd422c0c84a879bd37670ae4f538a\/internal_photos\/bs\/2025\/e\/M\/nmQW1wTfKvy4Om8pddOg\/captura-de-tela-2025-03-17-113828.png\" sizes=\"(max-width: 1536px) 648px, 100vw\" srcset=\"https:\/\/s2-g1.glbimg.com\/VcRFadYqQKSYtWP2z2dhhHF_GQc=\/0x0:1909x763\/1000x0\/smart\/filters:strip_icc()\/i.s3.glbimg.com\/v1\/AUTH_59edd422c0c84a879bd37670ae4f538a\/internal_photos\/bs\/2025\/e\/M\/nmQW1wTfKvy4Om8pddOg\/captura-de-tela-2025-03-17-113828.png 1000w, https:\/\/s2-g1.glbimg.com\/Dy04OGO3s3uySxnRdVKJj3o6xZw=\/0x0:1909x763\/984x0\/smart\/filters:strip_icc()\/i.s3.glbimg.com\/v1\/AUTH_59edd422c0c84a879bd37670ae4f538a\/internal_photos\/bs\/2025\/e\/M\/nmQW1wTfKvy4Om8pddOg\/captura-de-tela-2025-03-17-113828.png 984w, https:\/\/s2-g1.glbimg.com\/0wgRG9RZhHGHupDcr9Xm4kqwxGM=\/0x0:1909x763\/640x0\/smart\/filters:strip_icc()\/i.s3.glbimg.com\/v1\/AUTH_59edd422c0c84a879bd37670ae4f538a\/internal_photos\/bs\/2025\/e\/M\/nmQW1wTfKvy4Om8pddOg\/captura-de-tela-2025-03-17-113828.png 640w, https:\/\/s2-g1.glbimg.com\/fQSQp6xvGH7M_6EyVe-LTUKVR7Y=\/0x0:1909x763\/600x0\/smart\/filters:strip_icc()\/i.s3.glbimg.com\/v1\/AUTH_59edd422c0c84a879bd37670ae4f538a\/internal_photos\/bs\/2025\/e\/M\/nmQW1wTfKvy4Om8pddOg\/captura-de-tela-2025-03-17-113828.png 600w\" alt=\"REPIS Cidad\u00e3o, site lan\u00e7ado pelo Minist\u00e9rio da Fazenda para facilitar consulta e saque do antigo PIS\/Pasep \u2014 Foto: Reprodu\u00e7\u00e3o\" \/><\/figure>\n<\/div>\n<\/div>\n<\/div>\n<\/div>\n<\/div>\n<\/div>\n<\/div>\n<\/div>\n<div class=\"wall protected-content\">\n<div id=\"chunk-3q3tf\">\n<div class=\"mc-column content-text active-extra-styles \" data-block-type=\"unstyled\" data-block-weight=\"40\" data-block-id=\"7\">\n<div class=\"wall protected-content\">\n<div id=\"chunk-3q3tf\">\n<div class=\"mc-column content-text active-extra-styles \" data-block-type=\"unstyled\" data-block-weight=\"40\" data-block-id=\"7\">\n<div id=\"chunk-bqpfv\">\n<div class=\"content-ads content-ads--reveal\" data-block-type=\"ads\" data-block-id=\"19\">\n<div id=\"banner_materia__75c6cef6-9bcb-4634-b891-3ec0cab75d3b\" class=\"tag-manager-publicidade-container mc-has-reveal mc-has-ad-lazyload tag-manager-publicidade-banner_materia__75c6cef6-9bcb-4634-b891-3ec0cab75d3b tag-manager-publicidade-container--carregado tag-manager-publicidade-container--visivel\" data-id=\"banner_materia__75c6cef6-9bcb-4634-b891-3ec0cab75d3b\" data-google-query-id=\"CMiiyNiHlYwDFVeKYQYdtrsakw\">\n<div id=\"chunk-4ftr4\">\n<div class=\"mc-column content-text active-extra-styles\" data-block-type=\"raw\" data-block-weight=\"84\" data-block-id=\"16\">\n<ol class=\"content-ordered-list theme-ordered-list-color-primary\">\n<li>Acesse o site\u00a0<a class=\"\" href=\"http:\/\/repiscidadao.fazenda.gov.br\/\" target=\"_blank\" rel=\"noopener\">http:\/\/repiscidadao.fazenda.gov.br\/<\/a>;<\/li>\n<li>Clique em\u00a0<strong>&#8220;entrar com gov.br&#8221;<\/strong>. Se voc\u00ea n\u00e3o tiver uma conta no sistema do governo federal;<\/li>\n<li>Fa\u00e7a login com seu CPF e senha, e clique em\u00a0<strong>&#8220;autorizar&#8221;<\/strong>;<\/li>\n<li>Informe o NIS (N\u00famero de Identifica\u00e7\u00e3o Social) do benefici\u00e1rio. Ele pode ser encontrado na carteira de trabalho, no extrato do FGTS, no site Meu INSS e no Cad\u00danico,\u00a0entre outras op\u00e7\u00f5es;<\/li>\n<li>Clique em\u00a0<strong>&#8220;pesquisar&#8221;<\/strong>. E, se voc\u00ea tiver valores a receber, o site vai orient\u00e1-lo sobre as pr\u00f3ximas etapas.<\/li>\n<\/ol>\n<p><strong>2. Como pedir o ressarcimento?<\/strong><\/p>\n<\/div>\n<\/div>\n<div id=\"chunk-8k5i7\">\n<div class=\"mc-column content-text active-extra-styles\" data-block-type=\"raw\" data-block-weight=\"5\" data-block-id=\"17\">\n<p>O trabalhador pode protocolar o pedido de ressarcimento em uma ag\u00eancia da Caixa Econ\u00f4mica Federal\u00a0ou fazer a solicita\u00e7\u00e3o pelo\u00a0<a class=\"\" href=\"https:\/\/www.caixa.gov.br\/atendimento\/aplicativos\/fgts\/Paginas\/default.aspx\" target=\"_blank\" rel=\"noopener\" data-mrf-link=\"https:\/\/www.caixa.gov.br\/atendimento\/aplicativos\/fgts\/Paginas\/default.aspx\">aplicativo do FGTS<\/a>.<\/p>\n<\/div>\n<\/div>\n<div id=\"chunk-bqpfv\">\n<div class=\"content-ads content-ads--reveal\" data-block-type=\"ads\" data-block-id=\"19\">\n<div class=\"tag-manager-publicidade-container mc-has-reveal mc-has-ad-lazyload\" data-id=\"banner_materia__75c6cef6-9bcb-4634-b891-3ec0cab75d3b\">Ele vai precisar fazer login no app, acessar a op\u00e7\u00e3o &#8220;mais&#8221;, &#8220;ressarcimento PIS\/Pasep&#8221; e seguir as orienta\u00e7\u00f5es para anexar os documentos exigidos.<\/div>\n<\/div>\n<\/div>\n<div id=\"chunk-an98c\">\n<div class=\"mc-column content-text active-extra-styles \" data-block-type=\"unstyled\" data-block-weight=\"20\" data-block-id=\"21\">\n<p class=\" content-text__container \" data-track-category=\"Link no Texto\" data-track-links=\"\" data-mrf-recirculation=\"Mat\u00e9ria - Links no Texto\">Se o pedido for feito pelo pr\u00f3prio benefici\u00e1rio, basta que ele tenha em m\u00e3os um documento de identidade oficial.<\/p>\n<\/div>\n<\/div>\n<div id=\"chunk-d2o8l\">\n<div class=\"mc-column content-text active-extra-styles \" data-block-type=\"unstyled\" data-block-weight=\"8\" data-block-id=\"22\">\n<p class=\" content-text__container \" data-track-category=\"Link no Texto\" data-track-links=\"\" data-mrf-recirculation=\"Mat\u00e9ria - Links no Texto\"><strong>J\u00e1 no caso de herdeiros, ser\u00e1 necess\u00e1rio apresentar:<\/strong><\/p>\n<\/div>\n<\/div>\n<div id=\"chunk-8flrg\">\n<div class=\"mc-column content-text active-extra-styles\" data-block-type=\"raw\" data-block-weight=\"62\" data-block-id=\"23\">\n<ul class=\"content-unordered-list\">\n<li>Certid\u00e3o PIS\/PASEP\/FGTS emitida pela Previd\u00eancia Social com a rela\u00e7\u00e3o de dependentes habilitados \u00e0 pens\u00e3o por morte; ou<\/li>\n<li>Declara\u00e7\u00e3o de dependentes habilitados \u00e0 pens\u00e3o emitida pelo \u00f3rg\u00e3o pagador do benef\u00edcio; ou<\/li>\n<li>Autoriza\u00e7\u00e3o judicial ou escritura p\u00fablica assinada por todos os dependentes e sucessores, se capazes e concordantes, atestando por escrito a autoriza\u00e7\u00e3o do saque e declarando n\u00e3o haver outros dependentes ou sucessores conhecidos.<\/li>\n<\/ul>\n<p><strong>3. Quando vou receber?<\/strong><\/p>\n<\/div>\n<\/div>\n<div id=\"chunk-9br8v\">\n<div class=\"mc-column content-text active-extra-styles\" data-block-type=\"raw\" data-block-weight=\"4\" data-block-id=\"25\">\n<p>Ap\u00f3s a solicita\u00e7\u00e3o, a Caixa vai analisar o pedido e enviar as informa\u00e7\u00f5es ao Minist\u00e9rio da Fazenda. O pagamento ser\u00e1 realizado diretamente na conta banc\u00e1ria do interessado na Caixa ou por meio de conta poupan\u00e7a social digital, de acordo com o calend\u00e1rio a seguir.<\/p>\n<\/div>\n<\/div>\n<div id=\"chunk-7q8d1\">\n<div class=\"row medium-uncollapsed content-text\" data-block-type=\"table-plugin\" data-block-id=\"27\">\n<div class=\"column medium-centered medium-22 large-20\">\n<div class=\"show-table content-media content-media--normal\">\n<p class=\"mc-column show-table__title\">Calend\u00e1rio de pagamentos do dinheiro esquecido no antigo fundo PIS\/Pasep<\/p>\n<div class=\"show-table__centralized\">\n<div class=\"show-table__container\">\n<table class=\"show-table__content show-table__content--highlight-top \">\n<tbody>\n<tr>\n<td>Solicita\u00e7\u00f5es realizadas at\u00e9<\/td>\n<td>Recebe em<\/td>\n<\/tr>\n<tr>\n<td>28\/02\/2025<\/td>\n<td>28\/03\/2025 (sexta-feira)<\/td>\n<\/tr>\n<tr>\n<td>31\/03\/2025<\/td>\n<td>25\/04\/2025 (sexta-feira)<\/td>\n<\/tr>\n<tr>\n<td>30\/04\/2025<\/td>\n<td>26\/05\/2025 (segunda-feira)<\/td>\n<\/tr>\n<tr>\n<td>31\/05\/2025<\/td>\n<td>25\/06\/2025 (quarta-feira)<\/td>\n<\/tr>\n<tr>\n<td>30\/06\/2025<\/td>\n<td>25\/07\/2025 (sexta-feira)<\/td>\n<\/tr>\n<tr>\n<td>31\/07\/2025<\/td>\n<td>25\/08\/2025 (segunda-feira)<\/td>\n<\/tr>\n<tr>\n<td>31\/08\/2025<\/td>\n<td>25\/09\/2025 (quinta-feira)<\/td>\n<\/tr>\n<tr>\n<td>30\/09\/2025<\/td>\n<td>27\/10\/2025 (segunda-feira)<\/td>\n<\/tr>\n<tr>\n<td>31\/10\/2025<\/td>\n<td>25\/11\/2025 (ter\u00e7a-feira)<\/td>\n<\/tr>\n<tr>\n<td>30\/11\/2025<\/td>\n<td>26\/12\/2025 (sexta-feira)<\/td>\n<\/tr>\n<tr>\n<td>31\/12\/2025<\/td>\n<td>26\/01\/2026 (segunda-feira)<\/td>\n<\/tr>\n<\/tbody>\n<\/table>\n<\/div>\n<div class=\"show-table__footer\">\n<div class=\"show-table__source\">Fonte: Caixa Econ\u00f4mica Federal<\/div>\n<\/div>\n<\/div>\n<\/div>\n<\/div>\n<\/div>\n<\/div>\n<div id=\"chunk-fmq1a\">\n<div id=\"4\" class=\"anchor-position\"><\/div>\n<\/div>\n<div id=\"chunk-776h3\">\n<div class=\"mc-column content-text active-extra-styles\" data-block-type=\"raw\" data-block-weight=\"7\" data-block-id=\"29\">\n<div class=\"content-intertitle\">\n<h2>4. O que \u00e9 o antigo PIS\/Pasep?<\/h2>\n<\/div>\n<p>O Programa de Integra\u00e7\u00e3o Social (PIS) foi criado em 1970 para incrementar a poupan\u00e7a individual dos trabalhadores do setor privado.<\/p>\n<\/div>\n<\/div>\n<div id=\"chunk-bk0ll\">\n<div class=\"mc-column content-text active-extra-styles \" data-block-type=\"unstyled\" data-block-weight=\"24\" data-block-id=\"31\">\n<p class=\" content-text__container \" data-track-category=\"Link no Texto\" data-track-links=\"\" data-mrf-recirculation=\"Mat\u00e9ria - Links no Texto\">Logo depois, o Programa de Forma\u00e7\u00e3o do Patrim\u00f4nio do Servidor P\u00fablico (PASEP) foi lan\u00e7ado para servidores p\u00fablicos civis e militares, inspirado no mesmo princ\u00edpio.<\/p>\n<\/div>\n<\/div>\n<div id=\"chunk-6v88b\">\n<div class=\"mc-column content-text active-extra-styles \" data-block-type=\"unstyled\" data-block-weight=\"29\" data-block-id=\"32\">\n<p class=\" content-text__container \" data-track-category=\"Link no Texto\" data-track-links=\"\" data-mrf-recirculation=\"Mat\u00e9ria - Links no Texto\">Em 1975, os recursos dos dois programas foram transferidos para um \u00fanico fundo: o Fundo PIS-Pasep, que parou de funcionar 1988, quando foi substitu\u00eddo pelo abono salarial atual.<\/p>\n<\/div>\n<\/div>\n<div id=\"chunk-denea\">\n<div class=\"mc-column content-text active-extra-styles \" data-block-type=\"unstyled\" data-block-weight=\"35\" data-block-id=\"33\">\n<p class=\" content-text__container \" data-track-category=\"Link no Texto\" data-track-links=\"\" data-mrf-recirculation=\"Mat\u00e9ria - Links no Texto\">Em 2020, as cotas do fundo que n\u00e3o haviam sido sacadas foram transferidas para o Fundo de Garantia do Tempo de Servi\u00e7o (FGTS) e, tr\u00eas anos depois, para uma conta \u00fanica do Tesouro Nacional.<\/p>\n<\/div>\n<\/div>\n<div id=\"chunk-37ecd\">\n<div class=\"mc-column content-text active-extra-styles \" data-block-type=\"unstyled\" data-block-weight=\"19\" data-block-id=\"34\">\n<p class=\" content-text__container \" data-track-category=\"Link no Texto\" data-track-links=\"\" data-mrf-recirculation=\"Mat\u00e9ria - Links no Texto\">Desde ent\u00e3o, a Caixa abriu para que os trabalhadores com dinheiro esquecido na conta pe\u00e7am o ressarcimento dos valores.<\/p>\n<\/div>\n<\/div>\n<div id=\"chunk-6d28i\">\n<div class=\"mc-column content-text active-extra-styles \" data-block-type=\"unstyled\" data-block-weight=\"37\" data-block-id=\"35\">\n<p class=\" content-text__container \" data-track-category=\"Link no Texto\" data-track-links=\"\" data-mrf-recirculation=\"Mat\u00e9ria - Links no Texto\"><strong>\u25b6\ufe0f O abono salarial atual\u00a0<\/strong>\u2014 uma esp\u00e9cie de 14\u00ba sal\u00e1rio, no valor de at\u00e9 um sal\u00e1rio m\u00ednimo \u2014 \u00e9 pago anualmente a trabalhadores com carteira assinada e servidores p\u00fablicos que atendem aos requisitos do programa.<\/p>\n<\/div>\n<\/div>\n<div id=\"chunk-375jh\">\n<div class=\"mc-column content-text active-extra-styles \" data-block-type=\"unstyled\" data-block-weight=\"34\" data-block-id=\"36\">\n<p class=\" content-text__container \" data-track-category=\"Link no Texto\" data-track-links=\"\" data-mrf-recirculation=\"Mat\u00e9ria - Links no Texto\">Neste ano, t\u00eam direito ao abono pessoas que trabalharam durante pelo menos 30 dias em 2022 e receberam at\u00e9 dois sal\u00e1rios-m\u00ednimos por m\u00eas.<\/p>\n<p data-track-category=\"Link no Texto\" data-track-links=\"\" data-mrf-recirculation=\"Mat\u00e9ria - Links no Texto\">Fonte: G1<\/p>\n<\/div>\n<\/div>\n<\/div>\n<\/div>\n<\/div>\n<\/div>\n<\/div>\n<\/div>\n<\/div>\n<\/div>\n<\/div>\n","protected":false},"excerpt":{"rendered":"<p>Mais de 10 milh\u00f5es de brasileiros t\u00eam R$ 26,3 bilh\u00f5es esquecidos na conta do antigo fundo PIS\/Pasep e\u00a0poder\u00e3o receber os valores a partir do dia&#8230;<\/p>\n","protected":false},"author":1527,"featured_media":31111,"comment_status":"closed","ping_status":"closed","sticky":false,"template":"","format":"standard","meta":{"footnotes":""},"categories":[6],"tags":[],"class_list":["post-57910","post","type-post","status-publish","format-standard","has-post-thumbnail","hentry","category-noticias"],"_links":{"self":[{"href":"https:\/\/www.sincomam.org.br\/index.php\/wp-json\/wp\/v2\/posts\/57910","targetHints":{"allow":["GET"]}}],"collection":[{"href":"https:\/\/www.sincomam.org.br\/index.php\/wp-json\/wp\/v2\/posts"}],"about":[{"href":"https:\/\/www.sincomam.org.br\/index.php\/wp-json\/wp\/v2\/types\/post"}],"author":[{"embeddable":true,"href":"https:\/\/www.sincomam.org.br\/index.php\/wp-json\/wp\/v2\/users\/1527"}],"replies":[{"embeddable":true,"href":"https:\/\/www.sincomam.org.br\/index.php\/wp-json\/wp\/v2\/comments?post=57910"}],"version-history":[{"count":2,"href":"https:\/\/www.sincomam.org.br\/index.php\/wp-json\/wp\/v2\/posts\/57910\/revisions"}],"predecessor-version":[{"id":57913,"href":"https:\/\/www.sincomam.org.br\/index.php\/wp-json\/wp\/v2\/posts\/57910\/revisions\/57913"}],"wp:featuredmedia":[{"embeddable":true,"href":"https:\/\/www.sincomam.org.br\/index.php\/wp-json\/wp\/v2\/media\/31111"}],"wp:attachment":[{"href":"https:\/\/www.sincomam.org.br\/index.php\/wp-json\/wp\/v2\/media?parent=57910"}],"wp:term":[{"taxonomy":"category","embeddable":true,"href":"https:\/\/www.sincomam.org.br\/index.php\/wp-json\/wp\/v2\/categories?post=57910"},{"taxonomy":"post_tag","embeddable":true,"href":"https:\/\/www.sincomam.org.br\/index.php\/wp-json\/wp\/v2\/tags?post=57910"}],"curies":[{"name":"wp","href":"https:\/\/api.w.org\/{rel}","templated":true}]}}