{"id":57901,"date":"2025-03-19T06:00:16","date_gmt":"2025-03-19T09:00:16","guid":{"rendered":"https:\/\/www.sincomam.org.br\/?p=57901"},"modified":"2025-03-18T23:00:56","modified_gmt":"2025-03-19T02:00:56","slug":"entenda-a-reforma-do-imposto-de-renda-enviada-ao-congresso","status":"publish","type":"post","link":"https:\/\/www.sincomam.org.br\/index.php\/entenda-a-reforma-do-imposto-de-renda-enviada-ao-congresso\/","title":{"rendered":"Entenda a reforma do Imposto de Renda enviada ao Congresso"},"content":{"rendered":"<p>Mais\u00a010 milh\u00f5es de brasileiros\u00a0dever\u00e3o ser beneficiados com o\u00a0aumento da faixa de isen\u00e7\u00e3o do Imposto de Renda (IR) para R$ 5 mil,\u00a0anunciado hoje (18) pelo presidente Luiz In\u00e1cio Lula da Silva.\u00a0O projeto foi encaminhado ao Congresso Nacional.\u00a0<img decoding=\"async\" src=\"https:\/\/agenciabrasil.ebc.com.br\/ebc.png?id=1635005&amp;o=node\" \/><img decoding=\"async\" src=\"https:\/\/agenciabrasil.ebc.com.br\/ebc.gif?id=1635005&amp;o=node\" \/><\/p>\n<p>O ministro da Fazenda, Fernando Haddad, ressaltou que a proposta ter\u00e1 impacto neutro sobre a arrecada\u00e7\u00e3o do governo, apenas redistribuindo a renda.<\/p>\n<blockquote><p>\u201c\u00c9 um projeto equilibrado do ponto de vista fiscal e que busca a justi\u00e7a social. Com ele, n\u00e3o se pretende arrecadar mais nem arrecadar menos. Com ele, se pretende fazer justi\u00e7a, garantir que as fam\u00edlias at\u00e9 essa faixa de renda possam ter at\u00e9 o final do m\u00eas um alento, um aconchego maior\u201d, declarou o ministro na cerim\u00f4nia de assinatura do projeto, no Pal\u00e1cio do Planalto.<\/p><\/blockquote>\n<p>A isen\u00e7\u00e3o vai gerar uma ren\u00fancia fiscal prevista em R$ 25,84 bilh\u00f5es e\u00a0ser\u00e1 financiada\u00a0por meio da taxa\u00e7\u00e3o de cerca de 141,3 mil pessoas\u00a0que ganham mais de R$ 50 mil por m\u00eas &#8211; ou seja, 0,13% de todos os contribuintes do pa\u00eds. O governo tamb\u00e9m pretende tributar a remessa de dividendos para o exterior, em qualquer valor e apenas quando o dinheiro for destinado a cidad\u00e3os estrangeiros.<\/p>\n<h2>Aumento da isen\u00e7\u00e3o<\/h2>\n<p>Caso seja aprovada pelo Congresso, a proposta valer\u00e1\u00a0a partir de 2026.\u00a0O governo pretende n\u00e3o apenas elevar a faixa de isen\u00e7\u00e3o do imposto de renda para R$ 5 mil como conceder um desconto parcial para quem ganha entre R$ 5 mil e R$ 7 mil por m\u00eas.<\/p>\n<p><strong>A tabela do Imposto de Renda ficar\u00e1 da seguinte maneira a partir do pr\u00f3ximo ano:<\/strong><\/p>\n<table border=\"1\" cellspacing=\"1\" cellpadding=\"1\">\n<tbody>\n<tr>\n<td>Renda mensal<\/td>\n<td>Desconto (%)<\/td>\n<td>Imposto sem desconto (R$)<\/td>\n<td>Imposto final a pagar (R$)<\/td>\n<\/tr>\n<tr>\n<td>R$ 5 mil<\/td>\n<td>100%<\/td>\n<td>R$ 312,89<\/td>\n<td>R$ 0<\/td>\n<\/tr>\n<tr>\n<td>R$ 5,5 mil<\/td>\n<td>75%<\/td>\n<td>R$ 436,79<\/td>\n<td>R$ 202,13<\/td>\n<\/tr>\n<tr>\n<td>R$ 6 mil<\/td>\n<td>50%<\/td>\n<td>R$ 574,29<\/td>\n<td>R$ 417,85<\/td>\n<\/tr>\n<tr>\n<td>R$ 6,5 mil<\/td>\n<td>25%<\/td>\n<td>R$ 711,79<\/td>\n<td>R$ 633,57<\/td>\n<\/tr>\n<tr>\n<td>R$ 7 mil<\/td>\n<td>0%<\/td>\n<td>R$ 849, 29<\/td>\n<td>R$ 849,29<\/td>\n<\/tr>\n<\/tbody>\n<\/table>\n<h6>Fonte: Minist\u00e9rio da Fazenda<\/h6>\n<p>Acima de R$ 7 mil, a tabela progressiva do imposto de renda ser\u00e1 aplicada normalmente.\u00a0Atualmente, a isen\u00e7\u00e3o da tabela do imposto de renda pessoa f\u00edsica beneficia apenas quem ganha at\u00e9 R$ 2.259,20.<\/p>\n<blockquote><p>\u201cEssa \u00e9 a primeira reforma da renda significativa do pa\u00eds porque mexe numa ferida social de longa data. A todo instante, lembramos que o Brasil figura entre as dez maiores economias do mundo, mas tamb\u00e9m figura entre as dez mais desiguais\u201d, disse Haddad na apresenta\u00e7\u00e3o do projeto.<\/p><\/blockquote>\n<h2>Quem pagar\u00e1 mais imposto<\/h2>\n<p>A tributa\u00e7\u00e3o sobre altas rendas, ressaltou o Minist\u00e9rio da Fazenda, atingir\u00e1 apenas 0,13% dos contribuintes e apenas 0,06% da popula\u00e7\u00e3o.\u00a0Essa parcela paga somente 2,54% de al\u00edquota efetiva m\u00e9dia de Imposto de Renda\u00a0porque a maior parte dos rendimentos \u00e9 isenta. Enquanto isso, o trabalhador com carteira assinada tem, em m\u00e9dia, 69,18% da renda tributada com al\u00edquota de at\u00e9 27,5% de Imposto de Renda da Pessoa F\u00edsica (IRPF).<\/p>\n<blockquote><p>\u201cSabemos que o Brasil cobra Imposto de Renda na fonte, no trabalho, mas n\u00e3o cobra sobre o capital. N\u00f3s focamos [com a reforma do Imposto de Renda] em quem n\u00e3o paga imposto, ou em quem paga muito pouco imposto, que est\u00e1 entre o 0,2% mais rico da sociedade. N\u00e3o estamos falando de 10% da popula\u00e7\u00e3o, mas de um quinto de 1% da popula\u00e7\u00e3o afetada por esse projeto, condizente com o que paga um trabalhador comum\u201d, disse Haddad.<\/p><\/blockquote>\n<p><strong>Ser\u00e3o atingidas pelo Imposto de Renda m\u00ednimo as seguintes pessoas:<\/strong><\/p>\n<ul>\n<li>\u00a0 apenas 141 mil contribuintes (0,13% de quem paga IRPF);<\/li>\n<li>\u00a0 rendimento superior a R$ 600 mil por ano, que hoje pagam al\u00edquota efetiva m\u00e9dia de apenas 2,54%;<\/li>\n<li>\u00a0 passar\u00e3o a ter al\u00edquota efetiva m\u00e9dia de apenas 9%;<\/li>\n<li>\u00a0 n\u00e3o \u00e9 imposto novo, apenas n\u00edvel m\u00ednimo para o IRPF.<\/li>\n<\/ul>\n<h2>Tributa\u00e7\u00e3o para altas rendas<\/h2>\n<p>Em rela\u00e7\u00e3o \u00e0 tributa\u00e7\u00e3o para altas rendas, o c\u00e1lculo ser\u00e1 feito da seguinte forma.\u00a0Primeiramente, a Receita Federal somar\u00e1 toda a renda recebida no ano.<\/p>\n<p><strong>O c\u00e1lculo considera:<\/strong><\/p>\n<ul>\n<li>\u00a0 sal\u00e1rio;<\/li>\n<li>\u00a0 alugu\u00e9is;<\/li>\n<li>\u00a0 dividendos;<\/li>\n<li>\u00a0 outros rendimentos.<\/li>\n<\/ul>\n<p>Se essa soma for menor que R$ 600 mil anuais (R$ 50 mil mensais), n\u00e3o h\u00e1 cobran\u00e7a adicional.\u00a0Se ultrapassar esse valor, aplica-se uma al\u00edquota gradual que chegar\u00e1 a 10% para quem ganha R$ 1,2 milh\u00e3o ou mais por ano (R$ 100 mil mensais).<\/p>\n<p>Na hora de calcular o valor do imposto devido, rendimentos isentos por lei ou pela Constitui\u00e7\u00e3o ou rendimentos com imposto retido na fonte ser\u00e3o exclu\u00eddos, como:<\/p>\n<ul>\n<li>\u00a0 sal\u00e1rios, alugu\u00e9is, honor\u00e1rios e outras rendas com IR retido na fonte;<\/li>\n<li>\u00a0 ganhos com poupan\u00e7a;<\/li>\n<li>\u00a0 t\u00edtulos isentos;<\/li>\n<li>\u00a0 heran\u00e7a;<\/li>\n<li>\u00a0 aposentadoria e pens\u00e3o de mol\u00e9stia grave;<\/li>\n<li>\u00a0 ganhos de capital na venda de bens (como im\u00f3veis que se valorizaram);<\/li>\n<li>\u00a0 indeniza\u00e7\u00f5es;<\/li>\n<li>\u00a0 outros rendimentos mobili\u00e1rios isentos.<\/li>\n<\/ul>\n<p>Ap\u00f3s todas as dedu\u00e7\u00f5es feitas,\u00a0o imposto m\u00ednimo a pagar ser\u00e1 calculado com base numa f\u00f3rmula matem\u00e1tica\u00a0que deduz o valor m\u00ednimo de R$ 600 mil por ano e aplica uma al\u00edquota gradual.<\/p>\n<p><strong>Alguns exemplos de tributa\u00e7\u00e3o para a alta renda:<\/strong><\/p>\n<table border=\"1\" cellspacing=\"1\" cellpadding=\"1\">\n<tbody>\n<tr>\n<td>Renda anual<\/td>\n<td>C\u00e1lculo da<\/p>\n<p>al\u00edquota m\u00ednima<\/td>\n<td>Al\u00edquota final (%)<\/td>\n<td>Imposto m\u00ednimo a pagar (R$)<\/td>\n<\/tr>\n<tr>\n<td>R$ 600 mil<\/td>\n<td>(600 mil \u2013 600 mil) \/ 600 mil x 10%<\/td>\n<td>0%<\/td>\n<td>Nada<\/td>\n<\/tr>\n<tr>\n<td>R$ 700 mil<\/td>\n<td>(750 mil \u2013 600 mil) \/ 600 mil x 10%<\/td>\n<td>2,5%<\/td>\n<td>R$ 18,75<\/td>\n<\/tr>\n<tr>\n<td>R$ 900 mil<\/td>\n<td>(900 mil \u2013 600 mil) \/ 600 mil x 10%<\/td>\n<td>5%<\/td>\n<td>R$ 45 mil<\/td>\n<\/tr>\n<tr>\n<td>R$ 1,05 milh\u00e3o<\/td>\n<td>(1,05 milh\u00e3o \u2013 600 mil) \/ 600 mil x 10%<\/td>\n<td>7,5%<\/td>\n<td>R$ 78,75 mil<\/td>\n<\/tr>\n<tr>\n<td>R$ 1,2 milh\u00e3o<\/td>\n<td>(750 mil \u2013 600 mil) \/ 600 mil x 10%<\/td>\n<td>10%<\/td>\n<td>R$ 120 mil<\/td>\n<\/tr>\n<\/tbody>\n<\/table>\n<h6>Fonte :Minist\u00e9rio da Fazenda<\/h6>\n<p>Os dividendos \u2013 parcela do lucro das empresas distribu\u00eddas aos acionistas \u2013 passar\u00e3o a pagar 10% de Imposto de Renda Retido na Fonte (IRRF) se a soma for superior a R$ 50 mil por m\u00eas.\u00a0A remessa de dividendos ao exterior tamb\u00e9m pagar\u00e1 10% de IRRF, sobre qualquer valor, mas, nesse caso, o desconto ser\u00e1 feito apenas a pessoas f\u00edsicas e empresas domiciliadas em outros pa\u00edses. Desde a d\u00e9cada de 1990, os dividendos s\u00e3o isentos de Imposto de Renda.<\/p>\n<p>Haver\u00e1 a garantia de que a tributa\u00e7\u00e3o efetiva da empresa, somada \u00e0 tributa\u00e7\u00e3o m\u00ednima sobre o dividendo da pessoa f\u00edsica n\u00e3o ser\u00e1 superior a:<\/p>\n<ul>\n<li>\u00a0 34% nas empresas n\u00e3o financeiras;<\/li>\n<li>\u00a0 45% nas empresas financeira.<\/li>\n<\/ul>\n<p>Se ultrapassar, haver\u00e1 restitui\u00e7\u00e3o ou cr\u00e9dito da declara\u00e7\u00e3o de ajuste anual da pessoa f\u00edsica.\u00a0Nesse caso, a al\u00edquota efetiva de dividendos poder\u00e1 ficar menor que 10% com a devolu\u00e7\u00e3o de parte do IRRF no ano seguinte.<\/p>\n<h2>Trabalhadores com carteira<\/h2>\n<p>O imposto m\u00ednimo considera o que j\u00e1 foi pago. Se um contribuinte com R$ 1,2 milh\u00e3o anuais pagou 8% de IRPF, ter\u00e1 que pagar apenas mais 2% para atingir os 10%. Se um contribuinte com R$ 2 milh\u00f5es j\u00e1 pagou 12% de IRPF, n\u00e3o pagar\u00e1 nada a mais.\u00a0A medida, portanto, n\u00e3o pune o trabalhador com carteira assinada de alta renda\u00a0que tem o Imposto de Renda descontado na fonte e entrega a declara\u00e7\u00e3o de ajuste todos os anos.<\/p>\n<h2>Informais que recebem por Pix<\/h2>\n<p>Em rela\u00e7\u00e3o aos informais ou a trabalhadores informais ou trabalhadores formais que fazem bico e recebem por Pix, o\u00a0Minist\u00e9rio da Fazenda esclarece que nada mudar\u00e1, mesmo se a renda total mensal ultrapassar os R$ 50 mil. Segundo a pasta, n\u00e3o haver\u00e1 tributa\u00e7\u00e3o adicional sobre esse valor porque a nova regra n\u00e3o afeta sal\u00e1rios, honor\u00e1rios, alugu\u00e9is ou outras rendas j\u00e1 tributadas na fonte.<\/p>\n<p>Na pr\u00e1tica, quem ganha mais de R$ 50 mil por m\u00eas s\u00f3 ser\u00e1 afetado se parte significativa desse valor vier de rendimentos isentos, como dividendos.<\/p>\n<p>Fonte: Ag\u00eancia Brasil<\/p>\n","protected":false},"excerpt":{"rendered":"<p>Mais\u00a010 milh\u00f5es de brasileiros\u00a0dever\u00e3o ser beneficiados com o\u00a0aumento da faixa de isen\u00e7\u00e3o do Imposto de Renda (IR) para R$ 5 mil,\u00a0anunciado hoje (18) pelo presidente&#8230;<\/p>\n","protected":false},"author":1527,"featured_media":57903,"comment_status":"closed","ping_status":"closed","sticky":false,"template":"","format":"standard","meta":{"footnotes":""},"categories":[6],"tags":[],"class_list":["post-57901","post","type-post","status-publish","format-standard","has-post-thumbnail","hentry","category-noticias"],"_links":{"self":[{"href":"https:\/\/www.sincomam.org.br\/index.php\/wp-json\/wp\/v2\/posts\/57901","targetHints":{"allow":["GET"]}}],"collection":[{"href":"https:\/\/www.sincomam.org.br\/index.php\/wp-json\/wp\/v2\/posts"}],"about":[{"href":"https:\/\/www.sincomam.org.br\/index.php\/wp-json\/wp\/v2\/types\/post"}],"author":[{"embeddable":true,"href":"https:\/\/www.sincomam.org.br\/index.php\/wp-json\/wp\/v2\/users\/1527"}],"replies":[{"embeddable":true,"href":"https:\/\/www.sincomam.org.br\/index.php\/wp-json\/wp\/v2\/comments?post=57901"}],"version-history":[{"count":2,"href":"https:\/\/www.sincomam.org.br\/index.php\/wp-json\/wp\/v2\/posts\/57901\/revisions"}],"predecessor-version":[{"id":57909,"href":"https:\/\/www.sincomam.org.br\/index.php\/wp-json\/wp\/v2\/posts\/57901\/revisions\/57909"}],"wp:featuredmedia":[{"embeddable":true,"href":"https:\/\/www.sincomam.org.br\/index.php\/wp-json\/wp\/v2\/media\/57903"}],"wp:attachment":[{"href":"https:\/\/www.sincomam.org.br\/index.php\/wp-json\/wp\/v2\/media?parent=57901"}],"wp:term":[{"taxonomy":"category","embeddable":true,"href":"https:\/\/www.sincomam.org.br\/index.php\/wp-json\/wp\/v2\/categories?post=57901"},{"taxonomy":"post_tag","embeddable":true,"href":"https:\/\/www.sincomam.org.br\/index.php\/wp-json\/wp\/v2\/tags?post=57901"}],"curies":[{"name":"wp","href":"https:\/\/api.w.org\/{rel}","templated":true}]}}