{"id":57897,"date":"2025-03-19T06:00:48","date_gmt":"2025-03-19T09:00:48","guid":{"rendered":"https:\/\/www.sincomam.org.br\/?p=57897"},"modified":"2025-03-18T22:57:12","modified_gmt":"2025-03-19T01:57:12","slug":"marinha-do-brasil-realiza-exercicio-com-a-marinha-nacional-da-franca","status":"publish","type":"post","link":"https:\/\/www.sincomam.org.br\/index.php\/marinha-do-brasil-realiza-exercicio-com-a-marinha-nacional-da-franca\/","title":{"rendered":"Marinha do Brasil realiza exerc\u00edcio com a Marinha Nacional da Fran\u00e7a"},"content":{"rendered":"<p class=\"text-align-justify\">A Marinha do Brasil (MB) e a Marinha Nacional da Fran\u00e7a (MNF) deram in\u00edcio, no dia 16 de mar\u00e7o, \u00e0 Opera\u00e7\u00e3o \u201cJeanne d\u2019Arc 2025\u201d. Este exerc\u00edcio conjunto acontece at\u00e9 2 de abril, nas proximidades de Fortaleza (CE), e tem como objetivo aprimorar a interoperabilidade entre as for\u00e7as, fortalecer la\u00e7os de amizade e intensificar a coopera\u00e7\u00e3o no campo da Diplomacia Naval.<\/p>\n<p class=\"text-align-justify\">O exerc\u00edcio contar\u00e1 com a participa\u00e7\u00e3o de meios navais, aeronavais e de Fuzileiros Navais da MB, como o Navio Doca Multiprop\u00f3sito (NDM) \u201cBahia\u201d e os Carros Lagarta Anf\u00edbios (CLAnf), al\u00e9m de navios franceses, como o Porta-Helic\u00f3pteros Anf\u00edbio (PHA) \u201cMistral\u201d e a Fragata \u201cSurcouf\u201d. As a\u00e7\u00f5es buscam contribuir para a manuten\u00e7\u00e3o do n\u00edvel de adestramento dos meios da Esquadra, al\u00e9m do incremento da coopera\u00e7\u00e3o e estreitamento dos la\u00e7os de amizade entre a MB e a MNF.<\/p>\n<p class=\"text-align-justify\">Os militares realizar\u00e3o diversos exerc\u00edcios, de car\u00e1ter estritamente militar, como uma Opera\u00e7\u00e3o Anf\u00edbia (opera\u00e7\u00e3o naval lan\u00e7ada do mar) na modalidade Proje\u00e7\u00e3o Anf\u00edbia com foco em Opera\u00e7\u00e3o de Evacua\u00e7\u00e3o de N\u00e3o-Combatentes (civis ou membros das For\u00e7as Armadas que n\u00e3o estejam envolvidos com o conflito).<\/p>\n<h5 class=\"text-align-justify\">Meios envolvidos<\/h5>\n<p class=\"text-align-justify\">A MB alocou para esta miss\u00e3o o NDM \u201cBahia\u201d e uma s\u00e9rie de ve\u00edculos e aeronaves de alta tecnologia, como a UH-15 e ve\u00edculos blindados \u201cPiranha\u201d, \u201cASTROS\u201d e \u201cJLTV\u201d. Al\u00e9m disso, tamb\u00e9m est\u00e3o sendo usadas na Opera\u00e7\u00e3o duas viaturas blindadas \u201cASTROS\u201d, nove viaturas de 5 toneladas, 15 de categoria leve, duas viaturas do tipo ambul\u00e2ncia com UTI, uma viatura de 5 toneladas do tipo \u201ccisterna\u201d e oito CLAnf.<\/p>\n<p class=\"text-align-justify\">Entre os recursos da Fran\u00e7a est\u00e3o o PHA \u201cMistral\u201d, a Fragata \u201cSurcouf\u201d e embarca\u00e7\u00f5es avan\u00e7adas como a EDA-R e EDA-S.<\/p>\n<p>Fonte: Ag\u00eancia Marinha de Not\u00edcias<br \/>\nAcesse: https:\/\/www.agencia.marinha.mil.br\/<\/p>\n","protected":false},"excerpt":{"rendered":"<p>A Marinha do Brasil (MB) e a Marinha Nacional da Fran\u00e7a (MNF) deram in\u00edcio, no dia 16 de mar\u00e7o, \u00e0 Opera\u00e7\u00e3o \u201cJeanne d\u2019Arc 2025\u201d. Este&#8230;<\/p>\n","protected":false},"author":1527,"featured_media":57899,"comment_status":"closed","ping_status":"closed","sticky":false,"template":"","format":"standard","meta":{"footnotes":""},"categories":[6],"tags":[],"class_list":["post-57897","post","type-post","status-publish","format-standard","has-post-thumbnail","hentry","category-noticias"],"_links":{"self":[{"href":"https:\/\/www.sincomam.org.br\/index.php\/wp-json\/wp\/v2\/posts\/57897","targetHints":{"allow":["GET"]}}],"collection":[{"href":"https:\/\/www.sincomam.org.br\/index.php\/wp-json\/wp\/v2\/posts"}],"about":[{"href":"https:\/\/www.sincomam.org.br\/index.php\/wp-json\/wp\/v2\/types\/post"}],"author":[{"embeddable":true,"href":"https:\/\/www.sincomam.org.br\/index.php\/wp-json\/wp\/v2\/users\/1527"}],"replies":[{"embeddable":true,"href":"https:\/\/www.sincomam.org.br\/index.php\/wp-json\/wp\/v2\/comments?post=57897"}],"version-history":[{"count":1,"href":"https:\/\/www.sincomam.org.br\/index.php\/wp-json\/wp\/v2\/posts\/57897\/revisions"}],"predecessor-version":[{"id":57900,"href":"https:\/\/www.sincomam.org.br\/index.php\/wp-json\/wp\/v2\/posts\/57897\/revisions\/57900"}],"wp:featuredmedia":[{"embeddable":true,"href":"https:\/\/www.sincomam.org.br\/index.php\/wp-json\/wp\/v2\/media\/57899"}],"wp:attachment":[{"href":"https:\/\/www.sincomam.org.br\/index.php\/wp-json\/wp\/v2\/media?parent=57897"}],"wp:term":[{"taxonomy":"category","embeddable":true,"href":"https:\/\/www.sincomam.org.br\/index.php\/wp-json\/wp\/v2\/categories?post=57897"},{"taxonomy":"post_tag","embeddable":true,"href":"https:\/\/www.sincomam.org.br\/index.php\/wp-json\/wp\/v2\/tags?post=57897"}],"curies":[{"name":"wp","href":"https:\/\/api.w.org\/{rel}","templated":true}]}}