{"id":57879,"date":"2025-03-18T11:43:52","date_gmt":"2025-03-18T14:43:52","guid":{"rendered":"https:\/\/www.sincomam.org.br\/?p=57879"},"modified":"2025-03-18T11:43:52","modified_gmt":"2025-03-18T14:43:52","slug":"projeto-tecon-santos-10-passara-por-audiencia","status":"publish","type":"post","link":"https:\/\/www.sincomam.org.br\/index.php\/projeto-tecon-santos-10-passara-por-audiencia\/","title":{"rendered":"Projeto Tecon Santos 10 passar\u00e1 por audi\u00eancia"},"content":{"rendered":"<p>A Ag\u00eancia Nacional de Transportes Aquavi\u00e1rios (Antaq) realiza nesta ter\u00e7a-feira (18), \u00e0s 14h30, uma audi\u00eancia p\u00fablica para discutir o arrendamento do Terminal de Cont\u00eaineres Santos 10 (Tecon Santos 10). O projeto, com previs\u00e3o de investimento de R$ 5,6 bilh\u00f5es, deve ampliar em 50% a capacidade do Porto de Santos, fortalecendo sua posi\u00e7\u00e3o como hub log\u00edstico para a Am\u00e9rica Latina.<\/p>\n<p>O empreendimento, reformulado pelo Minist\u00e9rio de Portos e Aeroportos e pela Antaq, ser\u00e1 o maior terminal do Porto de Santos, atendendo \u00e0 crescente demanda por movimenta\u00e7\u00e3o e armazenagem de cont\u00eaineres e carga geral. O contrato de 25 anos prev\u00ea investimentos na \u00e1rea arrendada e nas \u00e1reas comuns do porto, incluindo servi\u00e7os de dragagem na \u00e1rea de manobra e nos ber\u00e7os de atraca\u00e7\u00e3o.<\/p>\n<p>A audi\u00eancia ser\u00e1 transmitida ao vivo pelo canal da Antaq no YouTube. Os interessados em se manifestar devem se inscrever pelo WhatsApp no n\u00famero (61) 2029-6940, no dia 17 de mar\u00e7o, das 9h \u00e0s 17h. O per\u00edodo de consulta p\u00fablica sobre o arrendamento do terminal segue aberto at\u00e9 24 de mar\u00e7o, e as contribui\u00e7\u00f5es podem ser enviadas exclusivamente pelo formul\u00e1rio eletr\u00f4nico dispon\u00edvel no site da Antaq.<\/p>\n<p>Os documentos t\u00e9cnicos e minutas jur\u00eddicas est\u00e3o acess\u00edveis na p\u00e1gina da Ag\u00eancia. Interessados que n\u00e3o disponham dos recursos necess\u00e1rios para o envio eletr\u00f4nico podem utilizar os computadores dispon\u00edveis na Secretaria-Geral da Antaq, em Bras\u00edlia, ou em suas Unidades Regionais.<\/p>\n<p>Fonte: Portos e Navios<\/p>\n","protected":false},"excerpt":{"rendered":"<p>A Ag\u00eancia Nacional de Transportes Aquavi\u00e1rios (Antaq) realiza nesta ter\u00e7a-feira (18), \u00e0s 14h30, uma audi\u00eancia p\u00fablica para discutir o arrendamento do Terminal de Cont\u00eaineres Santos&#8230;<\/p>\n","protected":false},"author":1527,"featured_media":57881,"comment_status":"closed","ping_status":"closed","sticky":false,"template":"","format":"standard","meta":{"footnotes":""},"categories":[6],"tags":[],"class_list":["post-57879","post","type-post","status-publish","format-standard","has-post-thumbnail","hentry","category-noticias"],"_links":{"self":[{"href":"https:\/\/www.sincomam.org.br\/index.php\/wp-json\/wp\/v2\/posts\/57879","targetHints":{"allow":["GET"]}}],"collection":[{"href":"https:\/\/www.sincomam.org.br\/index.php\/wp-json\/wp\/v2\/posts"}],"about":[{"href":"https:\/\/www.sincomam.org.br\/index.php\/wp-json\/wp\/v2\/types\/post"}],"author":[{"embeddable":true,"href":"https:\/\/www.sincomam.org.br\/index.php\/wp-json\/wp\/v2\/users\/1527"}],"replies":[{"embeddable":true,"href":"https:\/\/www.sincomam.org.br\/index.php\/wp-json\/wp\/v2\/comments?post=57879"}],"version-history":[{"count":1,"href":"https:\/\/www.sincomam.org.br\/index.php\/wp-json\/wp\/v2\/posts\/57879\/revisions"}],"predecessor-version":[{"id":57882,"href":"https:\/\/www.sincomam.org.br\/index.php\/wp-json\/wp\/v2\/posts\/57879\/revisions\/57882"}],"wp:featuredmedia":[{"embeddable":true,"href":"https:\/\/www.sincomam.org.br\/index.php\/wp-json\/wp\/v2\/media\/57881"}],"wp:attachment":[{"href":"https:\/\/www.sincomam.org.br\/index.php\/wp-json\/wp\/v2\/media?parent=57879"}],"wp:term":[{"taxonomy":"category","embeddable":true,"href":"https:\/\/www.sincomam.org.br\/index.php\/wp-json\/wp\/v2\/categories?post=57879"},{"taxonomy":"post_tag","embeddable":true,"href":"https:\/\/www.sincomam.org.br\/index.php\/wp-json\/wp\/v2\/tags?post=57879"}],"curies":[{"name":"wp","href":"https:\/\/api.w.org\/{rel}","templated":true}]}}