{"id":57868,"date":"2025-03-18T11:31:45","date_gmt":"2025-03-18T14:31:45","guid":{"rendered":"https:\/\/www.sincomam.org.br\/?p=57868"},"modified":"2025-03-18T11:31:53","modified_gmt":"2025-03-18T14:31:53","slug":"mais-de-560-mil-pessoas-entregaram-declaracao-do-irpf-no-primeiro-dia","status":"publish","type":"post","link":"https:\/\/www.sincomam.org.br\/index.php\/mais-de-560-mil-pessoas-entregaram-declaracao-do-irpf-no-primeiro-dia\/","title":{"rendered":"Mais de 560 mil pessoas entregaram declara\u00e7\u00e3o do IRPF no primeiro dia"},"content":{"rendered":"<p>A Receita Federal recebeu 561.580 declara\u00e7\u00f5es do Imposto de Renda da Pessoa F\u00edsica (IRPF) de 2025 at\u00e9 as 17h desta segunda-feira\u00a0(17),\u00a0primeiro dia para a entrega do documento, que considera os rendimentos recebidos ao longo de 2024.<img decoding=\"async\" src=\"https:\/\/agenciabrasil.ebc.com.br\/ebc.png?id=1634869&amp;o=node\" \/><img decoding=\"async\" src=\"https:\/\/agenciabrasil.ebc.com.br\/ebc.gif?id=1634869&amp;o=node\" \/><\/p>\n<p>O prazo para entregar a declara\u00e7\u00e3o termina \u00e0s 23h59 do dia de 30 de maio.\u00a0O\u00a0<a href=\"https:\/\/www.gov.br\/receitafederal\/pt-br\">programa gerador da declara\u00e7\u00e3o<\/a>\u00a0est\u00e1 dispon\u00edvel desde quinta-feira (13).<\/p>\n<p>A Receita Federal calcula receber 46,2 milh\u00f5es de declara\u00e7\u00f5es do Imposto de Renda da Pessoa F\u00edsica este ano, o que representar\u00e1 um acr\u00e9scimo de quase 7%, na compara\u00e7\u00e3o com 2024, quando foram entregues 43,2 milh\u00f5es de declara\u00e7\u00f5es.<\/p>\n<p>As pessoas f\u00edsicas que receberam rendimentos tribut\u00e1veis acima de R$ 33.888, assim como aquelas que obtiveram receita bruta da atividade rural acima de R$ 169.440, s\u00e3o obrigadas a declarar.<\/p>\n<p>Quem recebeu\u00a0at\u00e9 dois sal\u00e1rios m\u00ednimos mensais durante 2024 est\u00e1 dispensado\u00a0de fazer a declara\u00e7\u00e3o, salvo se se enquadrarem em outro crit\u00e9rio de obrigatoriedade.<\/p>\n<p>&nbsp;<\/p>\n<div class=\"dnd-widget-wrapper context-cheio_8colunas type-image atom-align-center\">\n<div class=\"dnd-atom-rendered\"><img decoding=\"async\" title=\"Arte\/Ag\u00eancia Brasil\" src=\"https:\/\/imagens.ebc.com.br\/8QE023di59O_PvkBgKa1skR8vTA=\/754x0\/smart\/https:\/\/agenciabrasil.ebc.com.br\/sites\/default\/files\/thumbnails\/image\/2025\/03\/14\/irpf-2025_3.png?itok=zOsKAFFg\" alt=\"arte irpf 2025\" \/><\/div>\n<div class=\"dnd-caption-wrapper\">\n<div class=\"meta\">Fonte: Ag\u00eancia Brasil<\/div>\n<\/div>\n<div><\/div>\n<\/div>\n","protected":false},"excerpt":{"rendered":"<p>A Receita Federal recebeu 561.580 declara\u00e7\u00f5es do Imposto de Renda da Pessoa F\u00edsica (IRPF) de 2025 at\u00e9 as 17h desta segunda-feira\u00a0(17),\u00a0primeiro dia para a entrega&#8230;<\/p>\n","protected":false},"author":1527,"featured_media":57870,"comment_status":"closed","ping_status":"closed","sticky":false,"template":"","format":"standard","meta":{"footnotes":""},"categories":[6],"tags":[],"class_list":["post-57868","post","type-post","status-publish","format-standard","has-post-thumbnail","hentry","category-noticias"],"_links":{"self":[{"href":"https:\/\/www.sincomam.org.br\/index.php\/wp-json\/wp\/v2\/posts\/57868","targetHints":{"allow":["GET"]}}],"collection":[{"href":"https:\/\/www.sincomam.org.br\/index.php\/wp-json\/wp\/v2\/posts"}],"about":[{"href":"https:\/\/www.sincomam.org.br\/index.php\/wp-json\/wp\/v2\/types\/post"}],"author":[{"embeddable":true,"href":"https:\/\/www.sincomam.org.br\/index.php\/wp-json\/wp\/v2\/users\/1527"}],"replies":[{"embeddable":true,"href":"https:\/\/www.sincomam.org.br\/index.php\/wp-json\/wp\/v2\/comments?post=57868"}],"version-history":[{"count":2,"href":"https:\/\/www.sincomam.org.br\/index.php\/wp-json\/wp\/v2\/posts\/57868\/revisions"}],"predecessor-version":[{"id":57872,"href":"https:\/\/www.sincomam.org.br\/index.php\/wp-json\/wp\/v2\/posts\/57868\/revisions\/57872"}],"wp:featuredmedia":[{"embeddable":true,"href":"https:\/\/www.sincomam.org.br\/index.php\/wp-json\/wp\/v2\/media\/57870"}],"wp:attachment":[{"href":"https:\/\/www.sincomam.org.br\/index.php\/wp-json\/wp\/v2\/media?parent=57868"}],"wp:term":[{"taxonomy":"category","embeddable":true,"href":"https:\/\/www.sincomam.org.br\/index.php\/wp-json\/wp\/v2\/categories?post=57868"},{"taxonomy":"post_tag","embeddable":true,"href":"https:\/\/www.sincomam.org.br\/index.php\/wp-json\/wp\/v2\/tags?post=57868"}],"curies":[{"name":"wp","href":"https:\/\/api.w.org\/{rel}","templated":true}]}}