{"id":5784,"date":"2014-05-30T08:38:23","date_gmt":"2014-05-30T11:38:23","guid":{"rendered":"http:\/\/www.sincomam.org.br\/?p=5784"},"modified":"2014-05-29T20:45:26","modified_gmt":"2014-05-29T23:45:26","slug":"otan-lanca-navios-detectores-de-minas-no-mar-baltico","status":"publish","type":"post","link":"https:\/\/www.sincomam.org.br\/index.php\/otan-lanca-navios-detectores-de-minas-no-mar-baltico\/","title":{"rendered":"Otan lan\u00e7a navios detectores de minas no Mar B\u00e1ltico"},"content":{"rendered":"<p><strong><em>Iniciativa integra esfor\u00e7os da alian\u00e7a para fortalecer presen\u00e7a no Leste Europeu e tranquilizar contra a press\u00e3o da R\u00fassia<\/em><\/strong><\/p>\n<p>Cinco navios detectores de minas da Organiza\u00e7\u00e3o do Tratado do Atl\u00e2ntico Norte (Otan) partiram nesta ter\u00e7a-feira, 22, em uma miss\u00e3o no mar B\u00e1ltico, em uma iniciativa que integra os esfor\u00e7os da alian\u00e7a para fortalecer sua presen\u00e7a no leste da Europa e tranquilizar pa\u00edses-membros contra a press\u00e3o da R\u00fassia na regi\u00e3o.<\/p>\n<p>Os navios &#8211; um ca\u00e7a-minas e outro de apoio da Noruega, al\u00e9m de tr\u00eas ca\u00e7a-minas da Holanda, B\u00e9lgica e Est\u00f4nia &#8211; deixaram o porto alem\u00e3o de Kiel para um exerc\u00edcio que continuar\u00e1 sob o comando noruegu\u00eas at\u00e9 o fim de maio. A Alemanha, ent\u00e3o, assumir\u00e1 o comando da miss\u00e3o. Os navios ir\u00e3o visitar v\u00e1rios portos do Mar B\u00e1ltico e participar em opera\u00e7\u00f5es previamente agendadas.<\/p>\n<p>O comodoro Arian Minderhoud, vice-chefe de pessoal para as opera\u00e7\u00f5es do Comando Mar\u00edtimo Aliado, afirmou que o exerc\u00edcio &#8220;faz parte de todo o pacote de a\u00e7\u00f5es (&#8230;) para mostrar a determina\u00e7\u00e3o da Otan, para mostrar a prepara\u00e7\u00e3o da Otan&#8221;.<\/p>\n<p>A Otan disse na semana passada que fortaleceria a sua presen\u00e7a militar no Leste Europeu.<\/p>\n<p>Durante uma visita na ter\u00e7a-feira \u00e0 capital da Rep\u00fablica Checa, Praga, o ministro das Rela\u00e7\u00f5es Exteriores do Canad\u00e1, John Baird, ressaltou o apoio de seu pa\u00eds aos membros da alian\u00e7a no Leste Europeu. &#8220;N\u00f3s vamos ficar com voc\u00eas diante de uma poss\u00edvel agress\u00e3o&#8221;, disse John Baird depois de conhecer o seu colega checo.<\/p>\n<p>Na semana passada, o Canad\u00e1 anunciou que contribuir\u00e1 com seis jatos CF-18 para uma miss\u00e3o de policiamento a\u00e9reo da Otan na Pol\u00f4nia. &#8220;N\u00f3s faremos outros an\u00fancios de projetos espec\u00edficos nos pr\u00f3ximos dias&#8221;, disse Baird. \/AP<\/p>\n<p>Fonte: Estad\u00e3o<\/p>\n","protected":false},"excerpt":{"rendered":"<p>Iniciativa integra esfor\u00e7os da alian\u00e7a para fortalecer presen\u00e7a no Leste Europeu e tranquilizar contra a press\u00e3o da R\u00fassia Cinco navios detectores de minas da Organiza\u00e7\u00e3o&#8230;<\/p>\n","protected":false},"author":1182,"featured_media":0,"comment_status":"closed","ping_status":"closed","sticky":false,"template":"","format":"standard","meta":{"footnotes":""},"categories":[6],"tags":[],"class_list":["post-5784","post","type-post","status-publish","format-standard","hentry","category-noticias"],"_links":{"self":[{"href":"https:\/\/www.sincomam.org.br\/index.php\/wp-json\/wp\/v2\/posts\/5784","targetHints":{"allow":["GET"]}}],"collection":[{"href":"https:\/\/www.sincomam.org.br\/index.php\/wp-json\/wp\/v2\/posts"}],"about":[{"href":"https:\/\/www.sincomam.org.br\/index.php\/wp-json\/wp\/v2\/types\/post"}],"author":[{"embeddable":true,"href":"https:\/\/www.sincomam.org.br\/index.php\/wp-json\/wp\/v2\/users\/1182"}],"replies":[{"embeddable":true,"href":"https:\/\/www.sincomam.org.br\/index.php\/wp-json\/wp\/v2\/comments?post=5784"}],"version-history":[{"count":1,"href":"https:\/\/www.sincomam.org.br\/index.php\/wp-json\/wp\/v2\/posts\/5784\/revisions"}],"predecessor-version":[{"id":5785,"href":"https:\/\/www.sincomam.org.br\/index.php\/wp-json\/wp\/v2\/posts\/5784\/revisions\/5785"}],"wp:attachment":[{"href":"https:\/\/www.sincomam.org.br\/index.php\/wp-json\/wp\/v2\/media?parent=5784"}],"wp:term":[{"taxonomy":"category","embeddable":true,"href":"https:\/\/www.sincomam.org.br\/index.php\/wp-json\/wp\/v2\/categories?post=5784"},{"taxonomy":"post_tag","embeddable":true,"href":"https:\/\/www.sincomam.org.br\/index.php\/wp-json\/wp\/v2\/tags?post=5784"}],"curies":[{"name":"wp","href":"https:\/\/api.w.org\/{rel}","templated":true}]}}