{"id":5782,"date":"2014-05-30T08:31:02","date_gmt":"2014-05-30T11:31:02","guid":{"rendered":"http:\/\/www.sincomam.org.br\/?p=5782"},"modified":"2014-05-29T20:38:02","modified_gmt":"2014-05-29T23:38:02","slug":"navios-usam-comunicacao-para-salvar-baleias-do-mediterraneo","status":"publish","type":"post","link":"https:\/\/www.sincomam.org.br\/index.php\/navios-usam-comunicacao-para-salvar-baleias-do-mediterraneo\/","title":{"rendered":"Navios usam comunica\u00e7\u00e3o para salvar baleias do Mediterr\u00e2neo"},"content":{"rendered":"<p>Uma associa\u00e7\u00e3o de prote\u00e7\u00e3o de cet\u00e1ceos criou um sistema de comunica\u00e7\u00e3o entre grandes embarca\u00e7\u00f5es com o objetivo de salvar as baleias do Mediterr\u00e2neo das colis\u00f5es, a principal causa de morte desta esp\u00e9cie protegida.<\/p>\n<p>O projeto, chamado Repcet, foi criado pela associa\u00e7\u00e3o francesa Souffleurs d&#8217;ecume (&#8220;Sopradores de Espuma&#8221;) e abre caminho para evitar esses acidentes.<\/p>\n<p>H\u00e1 duas semanas foi encontrado uma rorqual, baleia com nadadeira dorsal, morta em uma praia da ilha francesa da C\u00f3rsega, com o carca\u00e7a cortada pelas h\u00e9lices de uma central petroqu\u00edmica.<\/p>\n<p>De acordo com estudos, entre 8 e 40 baleias morrem todos os anos nessas circunst\u00e2ncias, apesar de que s\u00f3 ser registrada metade das colis\u00f5es no Mediterr\u00e2neo, disse Pascal Mayol, diretor da Souffleurs d&#8217;ecume.<\/p>\n<p>Esses n\u00fameros s\u00e3o importantes, explicou \u00e0 AFP Denis Ody, encarregado de oceanos na organiza\u00e7\u00e3o ambientalista WWF, pois h\u00e1 uma popula\u00e7\u00e3o global de apenas 1.500 e 2.000 indiv\u00edduos na parte setentrional deste mar, praticamente fechado.<\/p>\n<p>O fato de serem poucos preocupa os especialistas destes cet\u00e1ceos, que podem chegar a medir 20 metros e pesar entre 40 e 70 toneladas. Tamb\u00e9m se preocupam com a contamina\u00e7\u00e3o sonora, com a polui\u00e7\u00e3o das \u00e1guas, com o aumento das temperaturas e com o seu impacto nos ecossistemas.<\/p>\n<p>No projeto Repcet, quando &#8220;um oficial detecta uma baleia, informa a respeito disso atrav\u00e9s de um aplicativo, o servidor calcula a \u00e1rea de risco e transmite a informa\u00e7\u00e3o aos navios associados que podem modificar sua rota&#8221; para desvi\u00e1-la, explicou Pascal Mayol.<\/p>\n<p>Fonte: AFP \/ BOL<br \/>Foto: ilustrativa<\/p>\n","protected":false},"excerpt":{"rendered":"<p>Uma associa\u00e7\u00e3o de prote\u00e7\u00e3o de cet\u00e1ceos criou um sistema de comunica\u00e7\u00e3o entre grandes embarca\u00e7\u00f5es com o objetivo de salvar as baleias do Mediterr\u00e2neo das colis\u00f5es,&#8230;<\/p>\n","protected":false},"author":1182,"featured_media":0,"comment_status":"closed","ping_status":"closed","sticky":false,"template":"","format":"standard","meta":{"footnotes":""},"categories":[6],"tags":[],"class_list":["post-5782","post","type-post","status-publish","format-standard","hentry","category-noticias"],"_links":{"self":[{"href":"https:\/\/www.sincomam.org.br\/index.php\/wp-json\/wp\/v2\/posts\/5782","targetHints":{"allow":["GET"]}}],"collection":[{"href":"https:\/\/www.sincomam.org.br\/index.php\/wp-json\/wp\/v2\/posts"}],"about":[{"href":"https:\/\/www.sincomam.org.br\/index.php\/wp-json\/wp\/v2\/types\/post"}],"author":[{"embeddable":true,"href":"https:\/\/www.sincomam.org.br\/index.php\/wp-json\/wp\/v2\/users\/1182"}],"replies":[{"embeddable":true,"href":"https:\/\/www.sincomam.org.br\/index.php\/wp-json\/wp\/v2\/comments?post=5782"}],"version-history":[{"count":1,"href":"https:\/\/www.sincomam.org.br\/index.php\/wp-json\/wp\/v2\/posts\/5782\/revisions"}],"predecessor-version":[{"id":5783,"href":"https:\/\/www.sincomam.org.br\/index.php\/wp-json\/wp\/v2\/posts\/5782\/revisions\/5783"}],"wp:attachment":[{"href":"https:\/\/www.sincomam.org.br\/index.php\/wp-json\/wp\/v2\/media?parent=5782"}],"wp:term":[{"taxonomy":"category","embeddable":true,"href":"https:\/\/www.sincomam.org.br\/index.php\/wp-json\/wp\/v2\/categories?post=5782"},{"taxonomy":"post_tag","embeddable":true,"href":"https:\/\/www.sincomam.org.br\/index.php\/wp-json\/wp\/v2\/tags?post=5782"}],"curies":[{"name":"wp","href":"https:\/\/api.w.org\/{rel}","templated":true}]}}