{"id":57800,"date":"2025-03-14T06:00:21","date_gmt":"2025-03-14T09:00:21","guid":{"rendered":"https:\/\/www.sincomam.org.br\/?p=57800"},"modified":"2025-03-13T21:52:23","modified_gmt":"2025-03-14T00:52:23","slug":"portos-do-parana-investe-r-29-milhoes-em-obras-no-pier-publico-de-graneis-liquidos","status":"publish","type":"post","link":"https:\/\/www.sincomam.org.br\/index.php\/portos-do-parana-investe-r-29-milhoes-em-obras-no-pier-publico-de-graneis-liquidos\/","title":{"rendered":"Portos do Paran\u00e1 investe R$ 29 milh\u00f5es em obras no p\u00eder p\u00fablico de gran\u00e9is l\u00edquidos"},"content":{"rendered":"<p data-start=\"91\" data-end=\"490\">A Portos do Paran\u00e1 assinou, nesta quinta-feira (13), a ordem de servi\u00e7o para obras de manuten\u00e7\u00e3o e refor\u00e7o da seguran\u00e7a no P\u00eder P\u00fablico de Gran\u00e9is L\u00edquidos (PPGL), no Porto de Paranagu\u00e1. Com investimento de quase R$ 29 milh\u00f5es, a obra inclui a constru\u00e7\u00e3o de um novo dolfim de amarra\u00e7\u00e3o, um sistema de atraca\u00e7\u00e3o a laser, substitui\u00e7\u00e3o de defensas, recupera\u00e7\u00e3o da pavimenta\u00e7\u00e3o e adequa\u00e7\u00f5es el\u00e9tricas.<\/p>\n<p data-start=\"492\" data-end=\"841\">O projeto, desenvolvido em conjunto com os operadores do PPGL, tem prazo estimado de 420 dias para conclus\u00e3o. Segundo o diretor de Engenharia e Manuten\u00e7\u00e3o da Portos do Paran\u00e1, Victor Kengo, a execu\u00e7\u00e3o ser\u00e1 complexa, pois envolve uma \u00e1rea classificada com risco de presen\u00e7a de gases inflam\u00e1veis, exigindo paralisa\u00e7\u00f5es durante a opera\u00e7\u00e3o dos navios.<\/p>\n<p data-start=\"843\" data-end=\"1278\">O PPGL, constru\u00eddo na d\u00e9cada de 1940, atende cinco terminais nos ber\u00e7os de atraca\u00e7\u00e3o 141 e 142, movimentando cargas como petr\u00f3leo bruto, \u00f3leo diesel, metanol e gasolina. Em 2024, o p\u00eder respondeu por 53,3% da movimenta\u00e7\u00e3o de gran\u00e9is l\u00edquidos nos portos paranaenses. O \u00f3leo de soja foi destaque, representando 72,48% da movimenta\u00e7\u00e3o nacional em janeiro de 2025, com um volume de 63,8 mil toneladas e valor FOB superior a US$ 65 milh\u00f5es.<\/p>\n<p data-start=\"843\" data-end=\"1278\">Fonte: Portos e Navios<\/p>\n","protected":false},"excerpt":{"rendered":"<p>A Portos do Paran\u00e1 assinou, nesta quinta-feira (13), a ordem de servi\u00e7o para obras de manuten\u00e7\u00e3o e refor\u00e7o da seguran\u00e7a no P\u00eder P\u00fablico de Gran\u00e9is&#8230;<\/p>\n","protected":false},"author":1527,"featured_media":57802,"comment_status":"closed","ping_status":"closed","sticky":false,"template":"","format":"standard","meta":{"footnotes":""},"categories":[6],"tags":[],"class_list":["post-57800","post","type-post","status-publish","format-standard","has-post-thumbnail","hentry","category-noticias"],"_links":{"self":[{"href":"https:\/\/www.sincomam.org.br\/index.php\/wp-json\/wp\/v2\/posts\/57800","targetHints":{"allow":["GET"]}}],"collection":[{"href":"https:\/\/www.sincomam.org.br\/index.php\/wp-json\/wp\/v2\/posts"}],"about":[{"href":"https:\/\/www.sincomam.org.br\/index.php\/wp-json\/wp\/v2\/types\/post"}],"author":[{"embeddable":true,"href":"https:\/\/www.sincomam.org.br\/index.php\/wp-json\/wp\/v2\/users\/1527"}],"replies":[{"embeddable":true,"href":"https:\/\/www.sincomam.org.br\/index.php\/wp-json\/wp\/v2\/comments?post=57800"}],"version-history":[{"count":1,"href":"https:\/\/www.sincomam.org.br\/index.php\/wp-json\/wp\/v2\/posts\/57800\/revisions"}],"predecessor-version":[{"id":57803,"href":"https:\/\/www.sincomam.org.br\/index.php\/wp-json\/wp\/v2\/posts\/57800\/revisions\/57803"}],"wp:featuredmedia":[{"embeddable":true,"href":"https:\/\/www.sincomam.org.br\/index.php\/wp-json\/wp\/v2\/media\/57802"}],"wp:attachment":[{"href":"https:\/\/www.sincomam.org.br\/index.php\/wp-json\/wp\/v2\/media?parent=57800"}],"wp:term":[{"taxonomy":"category","embeddable":true,"href":"https:\/\/www.sincomam.org.br\/index.php\/wp-json\/wp\/v2\/categories?post=57800"},{"taxonomy":"post_tag","embeddable":true,"href":"https:\/\/www.sincomam.org.br\/index.php\/wp-json\/wp\/v2\/tags?post=57800"}],"curies":[{"name":"wp","href":"https:\/\/api.w.org\/{rel}","templated":true}]}}