{"id":5780,"date":"2014-05-30T08:13:09","date_gmt":"2014-05-30T11:13:09","guid":{"rendered":"http:\/\/www.sincomam.org.br\/?p=5780"},"modified":"2014-05-29T20:30:52","modified_gmt":"2014-05-29T23:30:52","slug":"motoristas-protestam-contra-multas-no-porto-de-paranagua","status":"publish","type":"post","link":"https:\/\/www.sincomam.org.br\/index.php\/motoristas-protestam-contra-multas-no-porto-de-paranagua\/","title":{"rendered":"Motoristas protestam contra multas no Porto de Paranagu\u00e1"},"content":{"rendered":"<p>A Administra\u00e7\u00e3o dos Portos de Paranagu\u00e1 e Antonina (Appa) informou nesta quinta-feira, 29, que uma manifesta\u00e7\u00e3o organizada pelas redes sociais obstruiu totalmente a BR 277 pr\u00f3xima ao Porto de Paranagu\u00e1, no Paran\u00e1. &#8220;Motoristas de caminh\u00e3o aut\u00f4nomos e ligados a cooperativas e sindicatos fizeram um protesto queimando pneus em fun\u00e7\u00e3o das multas emitidas pela Guarda Municipal de Paranagu\u00e1&#8221;, diz em nota.<\/p>\n<p>Segundo a Appa, por determina\u00e7\u00e3o do Minist\u00e9rio P\u00fablico do Trabalho, a prefeitura est\u00e1 aplicando multas com base na lei de tr\u00e2nsito. O MP entendeu que os caminh\u00f5es estavam causando transtorno no tr\u00e2nsito nos arredores da \u00e1rea portu\u00e1ria em fun\u00e7\u00e3o dos estacionamentos irregulares.<\/p>\n<p>O presidente da Cooperativa Mista e de Transporte de Fertilizantes, Sal, Corrosivos e Derivados do Litoral (Coopadubo), Luiz Henrique Castanho Coelho, afirma no comunicado que em menos de uma semana foram mais de 80 multas emitidas.<\/p>\n<p>&#8220;Tem motorista que teve a carteira suspensa e n\u00e3o consegue mais trabalhar. Est\u00e3o multando at\u00e9 caminh\u00f5es estacionados dentro de casas. A arbitrariedade no cumprimento da lei gerou revolta e fica dif\u00edcil controlar os \u00e2nimos, uma vez que o movimento n\u00e3o tem uma lideran\u00e7a, nasceu da insatisfa\u00e7\u00e3o generalizada&#8221;, afirmou.<\/p>\n<p>A pista foi liberada por volta das 10h pelo Corpo de Bombeiros. Segundo a Appa, a manifesta\u00e7\u00e3o n\u00e3o prejudicou as opera\u00e7\u00f5es portu\u00e1rias.<\/p>\n<p>Fonte: Ag\u00eancia Estado<\/p>\n","protected":false},"excerpt":{"rendered":"<p>A Administra\u00e7\u00e3o dos Portos de Paranagu\u00e1 e Antonina (Appa) informou nesta quinta-feira, 29, que uma manifesta\u00e7\u00e3o organizada pelas redes sociais obstruiu totalmente a BR 277&#8230;<\/p>\n","protected":false},"author":1182,"featured_media":0,"comment_status":"closed","ping_status":"closed","sticky":false,"template":"","format":"standard","meta":{"footnotes":""},"categories":[6],"tags":[],"class_list":["post-5780","post","type-post","status-publish","format-standard","hentry","category-noticias"],"_links":{"self":[{"href":"https:\/\/www.sincomam.org.br\/index.php\/wp-json\/wp\/v2\/posts\/5780","targetHints":{"allow":["GET"]}}],"collection":[{"href":"https:\/\/www.sincomam.org.br\/index.php\/wp-json\/wp\/v2\/posts"}],"about":[{"href":"https:\/\/www.sincomam.org.br\/index.php\/wp-json\/wp\/v2\/types\/post"}],"author":[{"embeddable":true,"href":"https:\/\/www.sincomam.org.br\/index.php\/wp-json\/wp\/v2\/users\/1182"}],"replies":[{"embeddable":true,"href":"https:\/\/www.sincomam.org.br\/index.php\/wp-json\/wp\/v2\/comments?post=5780"}],"version-history":[{"count":1,"href":"https:\/\/www.sincomam.org.br\/index.php\/wp-json\/wp\/v2\/posts\/5780\/revisions"}],"predecessor-version":[{"id":5781,"href":"https:\/\/www.sincomam.org.br\/index.php\/wp-json\/wp\/v2\/posts\/5780\/revisions\/5781"}],"wp:attachment":[{"href":"https:\/\/www.sincomam.org.br\/index.php\/wp-json\/wp\/v2\/media?parent=5780"}],"wp:term":[{"taxonomy":"category","embeddable":true,"href":"https:\/\/www.sincomam.org.br\/index.php\/wp-json\/wp\/v2\/categories?post=5780"},{"taxonomy":"post_tag","embeddable":true,"href":"https:\/\/www.sincomam.org.br\/index.php\/wp-json\/wp\/v2\/tags?post=5780"}],"curies":[{"name":"wp","href":"https:\/\/api.w.org\/{rel}","templated":true}]}}