{"id":5777,"date":"2014-05-30T08:32:34","date_gmt":"2014-05-30T11:32:34","guid":{"rendered":"http:\/\/www.sincomam.org.br\/?p=5777"},"modified":"2014-05-29T20:12:57","modified_gmt":"2014-05-29T23:12:57","slug":"decidi-deixar-o-stf-no-fim-de-junho-afirma-joaquim-barbosa","status":"publish","type":"post","link":"https:\/\/www.sincomam.org.br\/index.php\/decidi-deixar-o-stf-no-fim-de-junho-afirma-joaquim-barbosa\/","title":{"rendered":"\u2018Decidi deixar o STF no fim de junho\u2019, afirma Joaquim Barbosa"},"content":{"rendered":"<p>O presidente do Supremo Tribunal Federal (STF), Joaquim Barbosa, comunicou nesta tarde aos colegas ministros que vai deixar a Corte no fim de junho. O an\u00fancio foi feito oficialmente no plen\u00e1rio, no come\u00e7o da sess\u00e3o do STF.<\/p>\n<p>\u201cTenho uma informa\u00e7\u00e3o de ordem pessoal a trazer: \u00e9 que eu decidi me afastar do Supremo Tribunal Federal no fim deste semestre, no final de junho\u201d, disse Barbosa. \u201cAfasto-me n\u00e3o apenas da presid\u00eancia, mas do cargo de ministro. Requererei, portanto, o meu afastamento do servi\u00e7o p\u00fablico ap\u00f3s quase 41 anos\u201d.<\/p>\n<p>Barbosa agradeceu os colegas e manifestou satisfa\u00e7\u00e3o por integrar o STF no que chamou de seu per\u00edodo \u201cmais fecundo, de maior criatividade e import\u00e2ncia no cen\u00e1rio pol\u00edtico-institucional do pa\u00eds\u201d.<\/p>\n<p>\u201cTive a felicidade, a satisfa\u00e7\u00e3o e a alegria de compor esta Corte no que \u00e9, talvez, o seu momento mais fecundo, de maior criatividade e de import\u00e2ncia no cen\u00e1rio pol\u00edtico-institucional do nosso pa\u00eds. Sinto-me deveras honrado de ter feito parte deste colegiado e de ter convivido com diversas composi\u00e7\u00f5es e, evidentemente, com a atual composi\u00e7\u00e3o do STF. Eu agrade\u00e7o a todos, meu muito obrigado\u201d, concluiu.<\/p>\n<p>Pela manh\u00e3, Barbosa comunicou sua aposentadoria \u00e0 presidente Dilma Rousseff, aos presidentes do Senado, Renan Calheiros, e da C\u00e2mara, Henrique Alves.<\/p>\n<p>Valor: Ma\u00edra Magro e Juliano Basile<\/p>\n","protected":false},"excerpt":{"rendered":"<p>O presidente do Supremo Tribunal Federal (STF), Joaquim Barbosa, comunicou nesta tarde aos colegas ministros que vai deixar a Corte no fim de junho. O&#8230;<\/p>\n","protected":false},"author":1182,"featured_media":5778,"comment_status":"closed","ping_status":"closed","sticky":false,"template":"","format":"standard","meta":{"footnotes":""},"categories":[6],"tags":[1325,1321,1324,1323,1320,1322,393],"class_list":["post-5777","post","type-post","status-publish","format-standard","has-post-thumbnail","hentry","category-noticias","tag-aposentadoria","tag-barbosa","tag-despedida","tag-federal","tag-joaquim","tag-supremo","tag-tribunal"],"_links":{"self":[{"href":"https:\/\/www.sincomam.org.br\/index.php\/wp-json\/wp\/v2\/posts\/5777","targetHints":{"allow":["GET"]}}],"collection":[{"href":"https:\/\/www.sincomam.org.br\/index.php\/wp-json\/wp\/v2\/posts"}],"about":[{"href":"https:\/\/www.sincomam.org.br\/index.php\/wp-json\/wp\/v2\/types\/post"}],"author":[{"embeddable":true,"href":"https:\/\/www.sincomam.org.br\/index.php\/wp-json\/wp\/v2\/users\/1182"}],"replies":[{"embeddable":true,"href":"https:\/\/www.sincomam.org.br\/index.php\/wp-json\/wp\/v2\/comments?post=5777"}],"version-history":[{"count":1,"href":"https:\/\/www.sincomam.org.br\/index.php\/wp-json\/wp\/v2\/posts\/5777\/revisions"}],"predecessor-version":[{"id":5779,"href":"https:\/\/www.sincomam.org.br\/index.php\/wp-json\/wp\/v2\/posts\/5777\/revisions\/5779"}],"wp:featuredmedia":[{"embeddable":true,"href":"https:\/\/www.sincomam.org.br\/index.php\/wp-json\/wp\/v2\/media\/5778"}],"wp:attachment":[{"href":"https:\/\/www.sincomam.org.br\/index.php\/wp-json\/wp\/v2\/media?parent=5777"}],"wp:term":[{"taxonomy":"category","embeddable":true,"href":"https:\/\/www.sincomam.org.br\/index.php\/wp-json\/wp\/v2\/categories?post=5777"},{"taxonomy":"post_tag","embeddable":true,"href":"https:\/\/www.sincomam.org.br\/index.php\/wp-json\/wp\/v2\/tags?post=5777"}],"curies":[{"name":"wp","href":"https:\/\/api.w.org\/{rel}","templated":true}]}}