{"id":57769,"date":"2025-03-13T06:07:18","date_gmt":"2025-03-13T09:07:18","guid":{"rendered":"https:\/\/www.sincomam.org.br\/?p=57769"},"modified":"2025-03-12T21:12:16","modified_gmt":"2025-03-13T00:12:16","slug":"saiba-como-vai-funcionar-o-credito-consignado-clt","status":"publish","type":"post","link":"https:\/\/www.sincomam.org.br\/index.php\/saiba-como-vai-funcionar-o-credito-consignado-clt\/","title":{"rendered":"Saiba como vai funcionar o cr\u00e9dito consignado CLT"},"content":{"rendered":"<p>O governo federal\u00a0lan\u00e7ou nesta quarta-feira (12) o Programa Cr\u00e9dito do Trabalhador na Carteira Digital de Trabalho, que promete facilitar e baratear os juros do empr\u00e9stimo consignado a trabalhadores registrados com carteira assinada (CLT).<img decoding=\"async\" src=\"https:\/\/agenciabrasil.ebc.com.br\/ebc.png?id=1634348&amp;o=node\" \/><img decoding=\"async\" src=\"https:\/\/agenciabrasil.ebc.com.br\/ebc.gif?id=1634348&amp;o=node\" \/><\/p>\n<p>Assinada pelo presidente Luiz In\u00e1cio Lula da Silva, em evento no Pal\u00e1cio do Planalto, a Medida Provis\u00f3ria (MP) que cria o sistema de cr\u00e9dito foi publicada em edi\u00e7\u00e3o extra do Di\u00e1rio Oficial da Uni\u00e3o (DOU).\u00a0Em at\u00e9 quatro meses, o texto precisar\u00e1 ser aprovado pelo Congresso Nacional para se transformar em lei federal e seguir valendo.<\/p>\n<p>Ao todo, mais de 47 milh\u00f5es de trabalhadores poder\u00e3o ser beneficiados com o novo programa<strong>,\u00a0<\/strong>que abrange empregados CLT em geral, incluindo empregados dom\u00e9sticos, trabalhadores rurais e contratados por microempreendedores individuais (MEIs), desde que formalizados.00<\/p>\n<blockquote><p>O programa permitir\u00e1 o acesso de mais de 80 bancos e institui\u00e7\u00f5es financeiras ao perfil de trabalhadores com carteira assinada atrav\u00e9s do eSocial, sistema eletr\u00f4nico obrigat\u00f3rio que unifica informa\u00e7\u00f5es trabalhistas, previdenci\u00e1rias e fiscais de empregadores e empregados de todo o pa\u00eds.<\/p><\/blockquote>\n<p>Na pr\u00e1tica, o novo consignado entra em vigor no pr\u00f3ximo dia 21 de mar\u00e7o, por meio da\u00a0<a href=\"https:\/\/www.gov.br\/pt-br\/temas\/carteira-de-trabalho-digital\" target=\"_blank\" rel=\"noopener\">p\u00e1gina da Carteira de Trabalho Digital<\/a>\u00a0na internet e em aplicativos de celulares.\u00a0A seguir, confira os principais pontos do sistema de cr\u00e9dito, que deve reduzir pela metade os juros cobrados no cr\u00e9dito pessoal.<\/p>\n<h2>Como acessar o cr\u00e9dito<\/h2>\n<p>Na primeira fase do programa, que entrar\u00e1 em vigor no dia 21 de mar\u00e7o, o empregado que tiver interesse em obter um empr\u00e9stimo consignado dever\u00e1 acessar a Carteira de Trabalho Digital.\u00a0Nesta plataforma, ele vai solicitar ofertas de cr\u00e9dito, autorizando o compartilhamento dos dados do eSocial diretamente com institui\u00e7\u00f5es financeiras habilitadas pelo governo federal.<\/p>\n<p>Entre os dados que ficar\u00e3o acess\u00edveis aos bancos est\u00e3o nome, CPF, margem do sal\u00e1rio dispon\u00edvel para consigna\u00e7\u00e3o e tempo de empresa, em respeito \u00e0 Lei Geral de Prote\u00e7\u00e3o de Dados (LGPD). A partir da\u00ed, o interessado receber\u00e1 ofertas em at\u00e9 24 horas, analisar\u00e1 a melhor op\u00e7\u00e3o e far\u00e1 a contrata\u00e7\u00e3o no canal do banco.<\/p>\n<blockquote><p>A partir de 25 de abril, os bancos tamb\u00e9m poder\u00e3o operar a linha do consignado privado dentro de suas plataformas digitais.<\/p><\/blockquote>\n<h2>Portabilidade do cr\u00e9dito<\/h2>\n<p>A portabilidade de cr\u00e9dito entre os bancos, para os clientes que desejem migrar para empr\u00e9stimos mais baratos, poder\u00e1 ser realizada a partir de 6 de junho.\u00a0Em at\u00e9 120 dias, quem j\u00e1 tem um consignado ativo poder\u00e1 fazer a migra\u00e7\u00e3o para a nova linha de cr\u00e9dito na mesma institui\u00e7\u00e3o financeira.<\/p>\n<h2>Redu\u00e7\u00e3o de juros<\/h2>\n<p>A previs\u00e3o \u00e9 que as taxas de juros de cr\u00e9dito aos trabalhadores caiam de cerca de 103% ao ano para 40% ao ano, menos da metade do que \u00e9 cobrado hoje em dia, em m\u00e9dia.\u00a0Segundo dados da Federa\u00e7\u00e3o Brasileira de Bancos (Febraban), a estimativa \u00e9 que, em at\u00e9 quatro anos, cerca de 19 milh\u00f5es de celetistas optem pela consigna\u00e7\u00e3o dos sal\u00e1rios, o que pode representar mais de R$ 120 bilh\u00f5es em empr\u00e9stimos contratados.<\/p>\n<p>Atualmente, o consignado do setor privado conta com cerca de 4,4 milh\u00f5es de opera\u00e7\u00f5es contratadas, somando mais de R$ 40,4 bilh\u00f5es em recursos. \u00c9 bem inferior aos mais de R$ 600 bilh\u00f5es dispon\u00edveis a servidores p\u00fablicos e aposentados e pensionistas do Instituto Nacional da Seguridade Social (INSS).<\/p>\n<h2>Limites e garantias<\/h2>\n<blockquote><p>Ap\u00f3s o empr\u00e9stimo ser contratado, o desconto das parcelas ser\u00e1 na folha de sal\u00e1rios, mensalmente pelo eSocial, o que deve permitir que as taxas de juros sejam inferiores \u00e0s praticadas atualmente no consignado por conv\u00eanio. Ap\u00f3s a contrata\u00e7\u00e3o, o trabalhador acompanha m\u00eas a m\u00eas as atualiza\u00e7\u00f5es do pagamento das parcelas.<\/p><\/blockquote>\n<p>Os limites do consignado para trabalhadores celetistas ter\u00e3o o teto de 35% do sal\u00e1rio comprometido com parcelas do empr\u00e9stimo e a possibilidade de usar 10% do saldo do Fundo de Garantia por Tempo de Servi\u00e7o (FGTS) e o total da multa recebida por demiss\u00e3o sem justa causa (40% do saldo FGTS) para o pagamento dos d\u00e9bitos, em caso de desligamento do emprego.<\/p>\n<p>Caso o saldo do empr\u00e9stimo n\u00e3o seja quitado ap\u00f3s o desligamento do emprego, a d\u00edvida fica vinculada \u00e0 conta do eSocial e, quando o trabalhador estiver em um novo emprego CLT, a\u00a0cobran\u00e7a das parcelas volta a descontar diretamente em folha.<\/p>\n<p>A Dataprev, empresa p\u00fablica de tecnologia do governo federal, foi a respons\u00e1vel pelo desenvolvimento do sistema do Cr\u00e9dito do Trabalhador, que integra a carteira de trabalho digital, o\u00a0<a href=\"https:\/\/[https:\/\/www.gov.br\/trabalho-e-emprego\/pt-br\/servicos\/empregador\/fgtsdigital\" target=\"_blank\" rel=\"noopener\">FGTS Digital<\/a>\u00a0e o\u00a0<a href=\"https:\/\/www.gov.br\/esocial\/pt-br\" target=\"_blank\" rel=\"noopener\">eSocial<\/a>.<\/p>\n<p>Fonte: Ag\u00eancia Brasil<\/p>\n","protected":false},"excerpt":{"rendered":"<p>O governo federal\u00a0lan\u00e7ou nesta quarta-feira (12) o Programa Cr\u00e9dito do Trabalhador na Carteira Digital de Trabalho, que promete facilitar e baratear os juros do empr\u00e9stimo&#8230;<\/p>\n","protected":false},"author":1527,"featured_media":57771,"comment_status":"closed","ping_status":"closed","sticky":false,"template":"","format":"standard","meta":{"footnotes":""},"categories":[6],"tags":[],"class_list":["post-57769","post","type-post","status-publish","format-standard","has-post-thumbnail","hentry","category-noticias"],"_links":{"self":[{"href":"https:\/\/www.sincomam.org.br\/index.php\/wp-json\/wp\/v2\/posts\/57769","targetHints":{"allow":["GET"]}}],"collection":[{"href":"https:\/\/www.sincomam.org.br\/index.php\/wp-json\/wp\/v2\/posts"}],"about":[{"href":"https:\/\/www.sincomam.org.br\/index.php\/wp-json\/wp\/v2\/types\/post"}],"author":[{"embeddable":true,"href":"https:\/\/www.sincomam.org.br\/index.php\/wp-json\/wp\/v2\/users\/1527"}],"replies":[{"embeddable":true,"href":"https:\/\/www.sincomam.org.br\/index.php\/wp-json\/wp\/v2\/comments?post=57769"}],"version-history":[{"count":2,"href":"https:\/\/www.sincomam.org.br\/index.php\/wp-json\/wp\/v2\/posts\/57769\/revisions"}],"predecessor-version":[{"id":57773,"href":"https:\/\/www.sincomam.org.br\/index.php\/wp-json\/wp\/v2\/posts\/57769\/revisions\/57773"}],"wp:featuredmedia":[{"embeddable":true,"href":"https:\/\/www.sincomam.org.br\/index.php\/wp-json\/wp\/v2\/media\/57771"}],"wp:attachment":[{"href":"https:\/\/www.sincomam.org.br\/index.php\/wp-json\/wp\/v2\/media?parent=57769"}],"wp:term":[{"taxonomy":"category","embeddable":true,"href":"https:\/\/www.sincomam.org.br\/index.php\/wp-json\/wp\/v2\/categories?post=57769"},{"taxonomy":"post_tag","embeddable":true,"href":"https:\/\/www.sincomam.org.br\/index.php\/wp-json\/wp\/v2\/tags?post=57769"}],"curies":[{"name":"wp","href":"https:\/\/api.w.org\/{rel}","templated":true}]}}