{"id":5775,"date":"2014-05-30T08:30:43","date_gmt":"2014-05-30T11:30:43","guid":{"rendered":"http:\/\/www.sincomam.org.br\/?p=5775"},"modified":"2014-05-29T19:55:26","modified_gmt":"2014-05-29T22:55:26","slug":"ex-diretor-da-petrobras-diz-que-pasadena-da-lucro-e-sustenta-que-clausulas-nao-eram-fundamentais","status":"publish","type":"post","link":"https:\/\/www.sincomam.org.br\/index.php\/ex-diretor-da-petrobras-diz-que-pasadena-da-lucro-e-sustenta-que-clausulas-nao-eram-fundamentais\/","title":{"rendered":"Ex-diretor da Petrobras diz que Pasadena d\u00e1 lucro e sustenta que cl\u00e1usulas n\u00e3o eram fundamentais"},"content":{"rendered":"<p>Durante depoimento na CPI da Petrobras, o ex-diretor internacional da Petrobras Jorge Luiz Zelada disse que a refinaria de Pasadena est\u00e1 &#8220;num bom momento&#8221; e que a Petrobras est\u00e1 recuperando &#8220;em parte&#8221; os investimentos feitos. Zelada manteve a vers\u00e3o do antecessor Nestor Cerver\u00f3 de que n\u00e3o era necess\u00e1rio incluir na discuss\u00e3o da compra de Pasadena as cl\u00e1usulas Marlin &#8211; que falava sobre percentual de dividendos, e que n\u00e3o foi aplicada &#8211; a cl\u00e1usula Put Option &#8211; que estabelecia a forma de dissolu\u00e7\u00e3o da parceria, em caso de desacordo.<\/p>\n<p>O ex-diretor internacional da Petrobras reiterou que essas cl\u00e1usulas n\u00e3o continham do resumo sobre a compra de 50% da refinaria, que pertencia \u00e0 empresa belga Astra, e argumentou que isso n\u00e3o era &#8220;central&#8221; para a decis\u00e3o.<\/p>\n<p>Apesar de ter sido indicado ao cargo pelo PMDB, Zelada disse que foi funcion\u00e1rio da Petrobras por mais de 30 anos, aposentando-se em 2012. Ele garantiu que a quest\u00e3o t\u00e9cnica \u00e9 levada em conta nas nomea\u00e7\u00f5es dos cargos de diretoria.<\/p>\n<p>&#8211; Vejo que a refinaria est\u00e1 dando lucro neste momento. Ela est\u00e1 recuperando um pouco os valores que ela investiu. H\u00e1 uma reprioriza\u00e7\u00e3o de recursos. O projeto de Pasadena previa uma poss\u00edvel amplia\u00e7\u00e3o. A partir de motivos, essa amplia\u00e7\u00e3o n\u00e3o foi feito, e Pasadena passou a operar da maneira como estava. Em outros momentos, teve resultado negativo e outros bons, como tem sido no per\u00edodo recente. A decis\u00e3o judicial validou o laudo arbitral e, no final das contas, saiu um pouco mais barato do que vinha sendo a negocia\u00e7\u00e3o desde 2007 &#8211; disse Zelada, afirmando que os termos do acordo final entre a Petrobras e a Astra ocorreram em junho de 2012, um pouco antes de seu desligamento da empresa.<\/p>\n<p>A declara\u00e7\u00e3o sobre o car\u00e1ter t\u00e9cnico dos diretores foi feita a partir de uma pergunta do senador Ab\u00edlio Diniz (PT-AC), que questionou se as nomea\u00e7\u00f5es na Petrobras tinham &#8220;cor partid\u00e1ria&#8221;<\/p>\n<p>&#8211; A pr\u00f3pria trajet\u00f3ria que procurei descrever, tenho longa carreira na Petrobras, meu curr\u00edculo atende (aos requisitos). Os diretores da Petrobras, na minha \u00e9poca, todos eram de carreira. Acredito sim na meritocracia para exercer esse cargo &#8211; disse ele.<\/p>\n<p>Zelada ainda rebateu declara\u00e7\u00f5es de que a Petrobras tenha uma gest\u00e3o temer\u00e1ria.<\/p>\n<p>&#8211; As afirma\u00e7\u00f5es s\u00e3o da imprensa sobre gest\u00e3o temer\u00e1ria e est\u00e3o motivando alguns trabalhos, como as CPIs. Posso dizer que trabalhamos em planejamento estrat\u00e9gico. \u00c9 uma governan\u00e7a bastante forte que tem a Petrobras &#8211; disse ele.<\/p>\n<p><strong>Cl\u00e1usulas n\u00e3o eram centrais para a negocia\u00e7\u00e3o, diz ex-diretor<\/strong><\/p>\n<p>No caso das cl\u00e1usulas, ele repetiu o argumento de que esse tipo de quest\u00e3o n\u00e3o precisa ser discutida na situa\u00e7\u00e3o de compra. Ele explicou que assumiu no em mar\u00e7o de 2008 e que o resumo j\u00e1 tinha sido elaborado.<\/p>\n<p>&#8211; Na reuni\u00e3o de 03 de mar\u00e7o de 2008, foi pautada esse assunto. N\u00e3o estava, foi a mesma que me nomeou como diretor. A pauta foi para no dia 12 de maio. O resumo executivo n\u00e3o fazia men\u00e7\u00e3o \u00e0 sa\u00edda, porque a proposta era de fazer a compra dos restantes. N\u00e3o existe op\u00e7\u00e3o de sa\u00edda &#8211; disse ele.<\/p>\n<p>O ex-dirigente da estatal lembrou que Pasadena havia sido comprada em parceria pela Petrobras e a Astra. Houve uma disputa judicial, e a Petrobras teve que comprar os 50% da empresa belga. As duas tiveram diverg\u00eancias quanto \u00e0 administra\u00e7\u00e3o da refinaria.<\/p>\n<p>&#8211; A arbitragem, ele se seguiu ao Conselho n\u00e3o aprovar a compra de 50% restantes. Era uma mudan\u00e7a de cen\u00e1rio importante, com a descoberta do pr\u00e9-sal. A partir deste momento, a Astra se ausenta da gest\u00e3o e passa a n\u00e3o mais fazer parte do dia a dia de gest\u00e3o e de n\u00e3o aportar os recursos para opera\u00e7\u00e3o dia a dia dos ativos. A Petrobras entra com a arbitragem, para pedir que a Astra retorne. Havia uma instala\u00e7\u00e3o importante, e a Petrobras n\u00e3o podia n\u00e3o fazer nada &#8211; disse ele, acrescentando:<\/p>\n<p>&#8211; O laudo final da arbitragem ficou pronto em meados de 2009. A decis\u00e3o judicial validou o laudo arbitral e, no final das contas, saiu um pouco mais barato do que vinha sendo a negocia\u00e7\u00e3o desde 2007.<\/p>\n<p>Ele disse que o Comit\u00ea de Propriet\u00e1rios de Pasadena nunca funcionou.<\/p>\n<p>O presidente da CPI, senador Vital do R\u00eago (PMDB-PB), disse que devem continuar funcionando as duas CPIs: a do Senado e a Mista.<\/p>\n<p>\u00a0Fonte: O Globo<\/p>\n","protected":false},"excerpt":{"rendered":"<p>Durante depoimento na CPI da Petrobras, o ex-diretor internacional da Petrobras Jorge Luiz Zelada disse que a refinaria de Pasadena est\u00e1 &#8220;num bom momento&#8221; e&#8230;<\/p>\n","protected":false},"author":1182,"featured_media":5536,"comment_status":"closed","ping_status":"closed","sticky":false,"template":"","format":"standard","meta":{"footnotes":""},"categories":[6],"tags":[831,958,891,58],"class_list":["post-5775","post","type-post","status-publish","format-standard","has-post-thumbnail","hentry","category-noticias","tag-cpi","tag-depoimento","tag-ex-diretor","tag-petrobras"],"_links":{"self":[{"href":"https:\/\/www.sincomam.org.br\/index.php\/wp-json\/wp\/v2\/posts\/5775","targetHints":{"allow":["GET"]}}],"collection":[{"href":"https:\/\/www.sincomam.org.br\/index.php\/wp-json\/wp\/v2\/posts"}],"about":[{"href":"https:\/\/www.sincomam.org.br\/index.php\/wp-json\/wp\/v2\/types\/post"}],"author":[{"embeddable":true,"href":"https:\/\/www.sincomam.org.br\/index.php\/wp-json\/wp\/v2\/users\/1182"}],"replies":[{"embeddable":true,"href":"https:\/\/www.sincomam.org.br\/index.php\/wp-json\/wp\/v2\/comments?post=5775"}],"version-history":[{"count":1,"href":"https:\/\/www.sincomam.org.br\/index.php\/wp-json\/wp\/v2\/posts\/5775\/revisions"}],"predecessor-version":[{"id":5776,"href":"https:\/\/www.sincomam.org.br\/index.php\/wp-json\/wp\/v2\/posts\/5775\/revisions\/5776"}],"wp:featuredmedia":[{"embeddable":true,"href":"https:\/\/www.sincomam.org.br\/index.php\/wp-json\/wp\/v2\/media\/5536"}],"wp:attachment":[{"href":"https:\/\/www.sincomam.org.br\/index.php\/wp-json\/wp\/v2\/media?parent=5775"}],"wp:term":[{"taxonomy":"category","embeddable":true,"href":"https:\/\/www.sincomam.org.br\/index.php\/wp-json\/wp\/v2\/categories?post=5775"},{"taxonomy":"post_tag","embeddable":true,"href":"https:\/\/www.sincomam.org.br\/index.php\/wp-json\/wp\/v2\/tags?post=5775"}],"curies":[{"name":"wp","href":"https:\/\/api.w.org\/{rel}","templated":true}]}}