{"id":57738,"date":"2025-03-12T09:15:48","date_gmt":"2025-03-12T12:15:48","guid":{"rendered":"https:\/\/www.sincomam.org.br\/?p=57738"},"modified":"2025-03-12T09:15:55","modified_gmt":"2025-03-12T12:15:55","slug":"salvador-cria-secretaria-do-mar-para-impulsionar-economia-nautica","status":"publish","type":"post","link":"https:\/\/www.sincomam.org.br\/index.php\/salvador-cria-secretaria-do-mar-para-impulsionar-economia-nautica\/","title":{"rendered":"Salvador cria Secretaria do Mar para impulsionar economia n\u00e1utica"},"content":{"rendered":"<p data-start=\"77\" data-end=\"565\">As ondas da Ba\u00eda de Todos os Santos guardam s\u00e9culos de hist\u00f3ria e oportunidades ainda pouco exploradas. Com a cria\u00e7\u00e3o da Secretaria Especial do Mar, a Prefeitura de Salvador aposta no desenvolvimento da economia n\u00e1utica como estrat\u00e9gia para impulsionar o turismo, a ind\u00fastria naval e a gera\u00e7\u00e3o de empregos. A pasta ser\u00e1 comandada por Andrea Mendon\u00e7a, que j\u00e1 teve papel fundamental na implementa\u00e7\u00e3o de projetos voltados ao setor quando esteve \u00e0 frente da Secretaria de Cultura e Turismo.<\/p>\n<h3 data-start=\"567\" data-end=\"617\"><strong data-start=\"571\" data-end=\"615\">Expans\u00e3o da Economia N\u00e1utica em Salvador<\/strong><\/h3>\n<p data-start=\"619\" data-end=\"1070\">A capital baiana sempre teve no mar uma de suas principais riquezas, mas a explora\u00e7\u00e3o econ\u00f4mica desse potencial ainda era limitada. A cria\u00e7\u00e3o da Secretaria Especial do Mar busca mudar esse cen\u00e1rio, consolidando Salvador como um polo da economia n\u00e1utica no\u00a0<a class=\"wpil_keyword_link\" title=\"Brasil\" href=\"https:\/\/www.defesaemfoco.com.br\/tags\/brasil\/\" data-wpil-keyword-link=\"linked\" data-wpil-monitor-id=\"8454\">Brasil<\/a>. A cidade j\u00e1 vinha adotando iniciativas para fortalecer o setor, como o SAC N\u00e1utico, que desburocratizou servi\u00e7os para embarca\u00e7\u00f5es, e a revitaliza\u00e7\u00e3o de terminais mar\u00edtimos estrat\u00e9gicos.<\/p>\n<p data-start=\"1072\" data-end=\"1506\">Entre os novos projetos, a secretaria pretende incentivar a constru\u00e7\u00e3o de p\u00ederes e marinas, facilitar investimentos no setor de transporte mar\u00edtimo e atrair novos eventos internacionais para a cidade. \u201cN\u00f3s entendemos que podemos ir al\u00e9m. O setor de servi\u00e7os \u00e9 o principal empregador em Salvador, e dentro dele, o turismo \u00e9 uma grande for\u00e7a. A economia do mar pode impulsionar ainda mais essa cadeia\u201d, destacou o prefeito Bruno Reis.<\/p>\n<p data-start=\"1508\" data-end=\"1858\">A ex-secret\u00e1ria de Cultura e Turismo, Andrea Mendon\u00e7a, j\u00e1 demonstrou sua capacidade de articular a\u00e7\u00f5es para o setor e, agora, assume a miss\u00e3o de transformar o mar em um motor econ\u00f4mico para Salvador. \u201cVamos trabalhar para ampliar as oportunidades, fortalecer o turismo e garantir que o mar seja um vetor de crescimento para toda a cidade\u201d, afirmou.<\/p>\n<h3 data-start=\"1860\" data-end=\"1910\"><strong data-start=\"1864\" data-end=\"1908\">Salvador como Polo N\u00e1utico Internacional<\/strong><\/h3>\n<p data-start=\"1912\" data-end=\"2255\">A cria\u00e7\u00e3o da nova secretaria n\u00e3o apenas refor\u00e7a a voca\u00e7\u00e3o mar\u00edtima da capital baiana, mas tamb\u00e9m busca recolocar a cidade no cen\u00e1rio global dos grandes eventos n\u00e1uticos. Em 2023, Salvador sediou o Grand Pavois, um dos maiores sal\u00f5es n\u00e1uticos do mundo, evento que evidenciou o potencial da cidade para atrair turistas e investidores do setor.<\/p>\n<p data-start=\"2257\" data-end=\"2663\">Agora, a meta \u00e9 resgatar eventos internacionais que foram perdidos ao longo dos anos e desenvolver novos projetos que consolidem Salvador como um destino obrigat\u00f3rio para amantes do mar. Para isso, a Secretaria Especial do Mar pretende estabelecer parcerias com organizadores de regatas, feiras e encontros do setor n\u00e1utico, al\u00e9m de estruturar a cidade para melhor receber embarca\u00e7\u00f5es de turismo e lazer.<\/p>\n<p data-start=\"2665\" data-end=\"3004\">Comparada a outros destinos internacionais, Salvador tem diferenciais estrat\u00e9gicos, como clima favor\u00e1vel o ano todo, \u00e1guas mornas e uma das mais belas ba\u00edas naveg\u00e1veis do mundo. O desafio da nova secretaria ser\u00e1 transformar essas caracter\u00edsticas em vantagens competitivas, promovendo a cidade como refer\u00eancia mundial na economia n\u00e1utica.<\/p>\n<h3 data-start=\"3006\" data-end=\"3088\"><strong data-start=\"3010\" data-end=\"3086\">A Import\u00e2ncia da Ba\u00eda de Todos os Santos para o Desenvolvimento Regional<\/strong><\/h3>\n<p data-start=\"3090\" data-end=\"3451\">A Ba\u00eda de Todos os Santos n\u00e3o \u00e9 apenas um cart\u00e3o-postal, mas um elemento-chave para o desenvolvimento econ\u00f4mico regional. O novo \u00f3rg\u00e3o municipal atuar\u00e1 para integrar Salvador a outros munic\u00edpios da regi\u00e3o, como Vera Cruz, Itaparica e Madre de Deus, criando uma rede de coopera\u00e7\u00e3o voltada ao turismo, transporte e explora\u00e7\u00e3o sustent\u00e1vel dos recursos mar\u00edtimos.<\/p>\n<p data-start=\"3453\" data-end=\"3756\">A secret\u00e1ria Andrea Mendon\u00e7a enfatizou a import\u00e2ncia dessa integra\u00e7\u00e3o para fortalecer a economia do mar. \u201cQueremos fazer uma associa\u00e7\u00e3o entre v\u00e1rias cidades da Ba\u00eda de Todos os Santos. O desenvolvimento desse territ\u00f3rio precisa ser conjunto, pois todos podem se beneficiar desse crescimento\u201d, afirmou.<\/p>\n<p data-start=\"3758\" data-end=\"4059\">Al\u00e9m do turismo e do transporte, a nova secretaria tamb\u00e9m pretende incentivar a explora\u00e7\u00e3o sustent\u00e1vel de recursos naturais da Ba\u00eda. O cultivo de frutos do mar e algas, por exemplo, pode se tornar uma alternativa vi\u00e1vel para a economia local, gerando empregos e novas oportunidades para a popula\u00e7\u00e3o.<\/p>\n<p data-start=\"4061\" data-end=\"4251\">Com essa abordagem estrat\u00e9gica e integrada, Salvador d\u00e1 um passo importante para reconectar-se com sua voca\u00e7\u00e3o mar\u00edtima e transformar o mar em um verdadeiro motor de crescimento econ\u00f4mico.<\/p>\n<p data-start=\"4061\" data-end=\"4251\">Fonte: Defesa em Foco<\/p>\n","protected":false},"excerpt":{"rendered":"<p>As ondas da Ba\u00eda de Todos os Santos guardam s\u00e9culos de hist\u00f3ria e oportunidades ainda pouco exploradas. Com a cria\u00e7\u00e3o da Secretaria Especial do Mar,&#8230;<\/p>\n","protected":false},"author":1527,"featured_media":57740,"comment_status":"closed","ping_status":"closed","sticky":false,"template":"","format":"standard","meta":{"footnotes":""},"categories":[6],"tags":[],"class_list":["post-57738","post","type-post","status-publish","format-standard","has-post-thumbnail","hentry","category-noticias"],"_links":{"self":[{"href":"https:\/\/www.sincomam.org.br\/index.php\/wp-json\/wp\/v2\/posts\/57738","targetHints":{"allow":["GET"]}}],"collection":[{"href":"https:\/\/www.sincomam.org.br\/index.php\/wp-json\/wp\/v2\/posts"}],"about":[{"href":"https:\/\/www.sincomam.org.br\/index.php\/wp-json\/wp\/v2\/types\/post"}],"author":[{"embeddable":true,"href":"https:\/\/www.sincomam.org.br\/index.php\/wp-json\/wp\/v2\/users\/1527"}],"replies":[{"embeddable":true,"href":"https:\/\/www.sincomam.org.br\/index.php\/wp-json\/wp\/v2\/comments?post=57738"}],"version-history":[{"count":1,"href":"https:\/\/www.sincomam.org.br\/index.php\/wp-json\/wp\/v2\/posts\/57738\/revisions"}],"predecessor-version":[{"id":57741,"href":"https:\/\/www.sincomam.org.br\/index.php\/wp-json\/wp\/v2\/posts\/57738\/revisions\/57741"}],"wp:featuredmedia":[{"embeddable":true,"href":"https:\/\/www.sincomam.org.br\/index.php\/wp-json\/wp\/v2\/media\/57740"}],"wp:attachment":[{"href":"https:\/\/www.sincomam.org.br\/index.php\/wp-json\/wp\/v2\/media?parent=57738"}],"wp:term":[{"taxonomy":"category","embeddable":true,"href":"https:\/\/www.sincomam.org.br\/index.php\/wp-json\/wp\/v2\/categories?post=57738"},{"taxonomy":"post_tag","embeddable":true,"href":"https:\/\/www.sincomam.org.br\/index.php\/wp-json\/wp\/v2\/tags?post=57738"}],"curies":[{"name":"wp","href":"https:\/\/api.w.org\/{rel}","templated":true}]}}